{"id":6148,"date":"2025-07-30T16:59:47","date_gmt":"2025-07-30T14:59:47","guid":{"rendered":"https:\/\/www.podistipercaso.it\/home\/?p=6148"},"modified":"2025-07-30T16:59:47","modified_gmt":"2025-07-30T14:59:47","slug":"in-500-al-via-alla-filippide","status":"publish","type":"post","link":"https:\/\/www.podistipercaso.it\/home\/in-500-al-via-alla-filippide\/","title":{"rendered":"IN 500 AL VIA ALLA FILIPPIDE"},"content":{"rendered":"<p>Saranno circa 500, in rappresentanza di 8 nazioni, i partecipanti all\u2019edizione numero 17 della Filippide, la maratona con partenza da Chiaramonte Gulfi che scatter\u00e0 alle 4:30 di domenica mattina. La maratona pi\u00f9 originale in Italia e non solo, considerando che si corre alla maniera degli antichi Greci, senza orpelli tecnologici, con ristori a base di acqua e viveri naturali, con in premio solo la classica corona d\u2019alloro. I concorrenti correranno fino al passaggio dal castello di Donnafugata trovando a quel punto gli atleti della Filippide Castle, prova pi\u00f9 breve che faranno lo stesso tracciato finale, fino al traguardo posto davanti la Casa del Commissario pi\u00f9 famoso d&#8217;Italia. L\u2019arrivo previsto del primo filippide sar\u00e0 dalle ore 7:00.<br \/>\nSaranno tanti gli atleti che si daranno battaglia per iscrivere il loro nome sull\u2019albo d\u2019oro, tra questi Lorenzo Lotti che in terra ragusana quest\u2019anno ha gi\u00e0 conquistato la Straragusa di gennaio. Contro di lui Sebastiano Foti reduce dalla piazza d\u2019onore alla Baroque Race, Enzo Taranto capitano della societ\u00e0 organizzatrice Atletica no al doping e gi\u00e0 vincitore nel 2018 e Salvatore Gianchino, gi\u00e0 avvezzo alla particolarit\u00e0 di questa competizione. Ad attendere i vincitori i rappresentanti degli Enti interessati e un grazie va alla Uisp Iblei diretta da Gabriella Elia che ha sempre creduto nelle manifestazioni sportive come volano per il movimento del territorio.<br \/>\nDa sottolineare anche la presenza della Walking Castello, dove moltissimi atleti si cimenteranno in questa disciplina come sano stile di vita. Un grazie particolare al Comune di Ragusa, AVIS Regionale e Comunale guidata da Attilio Gragna, Gulino Servizi, Albani O.P. e a tutti coloro che a vario titolo contribuiranno alla riuscita dell&#8217;evento.<br \/>\nAppuntamento quindi a domenica 3 agosto per assistere alla carica dei cinquecento sulla\u00a0spiaggia pi\u00f9 suggestiva dell\u2019area iblea, con partenza dall\u2019Antica Stazione di Chiaramonte Gulfi e arrivo presso Punta Secca, a Casa Montalbano\u2026<br \/>\nTutte le info su <a href=\"http:\/\/www.maratonadiragusa.com\" target=\"_blank\" rel=\"noopener\">www.maratonadiragusa.com<\/a>, tel 3315785084 Guglielmo Causarano<\/p>\n","protected":false},"excerpt":{"rendered":"<p>Saranno circa 500, in rappresentanza di 8 nazioni, i partecipanti all\u2019edizione numero 17 della Filippide, la maratona con partenza da Chiaramonte Gulfi che scatter\u00e0 alle 4:30 di domenica mattina. La maratona pi\u00f9 originale in Italia e non solo, considerando che si corre alla maniera degli antichi Greci, senza orpelli tecnologici, con ristori a base di [&hellip;]<\/p>\n","protected":false},"author":1,"featured_media":6149,"comment_status":"closed","ping_status":"open","sticky":false,"template":"","format":"standard","meta":{"_jetpack_memberships_contains_paid_content":false,"footnotes":""},"categories":[4,31,6],"tags":[],"class_list":["post-6148","post","type-post","status-publish","format-standard","has-post-thumbnail","hentry","category-comunicati-stampa","category-news","category-notizie"],"jetpack_featured_media_url":"https:\/\/www.podistipercaso.it\/home\/wp-content\/uploads\/2025\/07\/partenza-castello.jpg","jetpack_sharing_enabled":true,"_links":{"self":[{"href":"https:\/\/www.podistipercaso.it\/home\/wp-json\/wp\/v2\/posts\/6148","targetHints":{"allow":["GET"]}}],"collection":[{"href":"https:\/\/www.podistipercaso.it\/home\/wp-json\/wp\/v2\/posts"}],"about":[{"href":"https:\/\/www.podistipercaso.it\/home\/wp-json\/wp\/v2\/types\/post"}],"author":[{"embeddable":true,"href":"https:\/\/www.podistipercaso.it\/home\/wp-json\/wp\/v2\/users\/1"}],"replies":[{"embeddable":true,"href":"https:\/\/www.podistipercaso.it\/home\/wp-json\/wp\/v2\/comments?post=6148"}],"version-history":[{"count":1,"href":"https:\/\/www.podistipercaso.it\/home\/wp-json\/wp\/v2\/posts\/6148\/revisions"}],"predecessor-version":[{"id":6150,"href":"https:\/\/www.podistipercaso.it\/home\/wp-json\/wp\/v2\/posts\/6148\/revisions\/6150"}],"wp:featuredmedia":[{"embeddable":true,"href":"https:\/\/www.podistipercaso.it\/home\/wp-json\/wp\/v2\/media\/6149"}],"wp:attachment":[{"href":"https:\/\/www.podistipercaso.it\/home\/wp-json\/wp\/v2\/media?parent=6148"}],"wp:term":[{"taxonomy":"category","embeddable":true,"href":"https:\/\/www.podistipercaso.it\/home\/wp-json\/wp\/v2\/categories?post=6148"},{"taxonomy":"post_tag","embeddable":true,"href":"https:\/\/www.podistipercaso.it\/home\/wp-json\/wp\/v2\/tags?post=6148"}],"curies":[{"name":"wp","href":"https:\/\/api.w.org\/{rel}","templated":true}]}}