{"id":5368,"date":"2023-12-27T15:20:25","date_gmt":"2023-12-27T14:20:25","guid":{"rendered":"https:\/\/www.podistipercaso.it\/home\/?p=5368"},"modified":"2023-12-27T15:22:09","modified_gmt":"2023-12-27T14:22:09","slug":"a-ragusa-arrivano-frotte-di-maratoneti-esteri","status":"publish","type":"post","link":"https:\/\/www.podistipercaso.it\/home\/a-ragusa-arrivano-frotte-di-maratoneti-esteri\/","title":{"rendered":"A Ragusa arrivano frotte di maratoneti esteri"},"content":{"rendered":"<p style=\"text-align: justify;\">La 19esima edizione della Maratona di Ragusa sar\u00e0 il primo grande evento sui 42,195 km della nuova stagione e per il prossimo 21 gennaio sono gi\u00e0 tantissimi i corridori provenienti dal continente che hanno programmato la propria trasferta in terra sicula. In attesa dei grandi festeggiamenti del 2025 per il ventennale della manifestazione, la gara ha ormai un seguito anche all&#8217;estero, considerando che hanno gi\u00e0 ufficializzato la propria iscrizione atleti da Francia, Spagna, Inghilterra, Stati Uniti.<br \/>\nLa manifestazione, oltre che far parte del calendario nazionale Fidal, assegner\u00e0 i titoli regionali della specialit\u00e0, un attestato ulteriore alla qualit\u00e0 dell&#8217;evento che gode del forte appoggio della cittadinanza, nelle persone del Sindaco Peppe Cass\u00ec e dell&#8217;Assessore allo Sport Simone Di Grandi.<br \/>\nCome consuetudine, non ci sar\u00e0 solamente la maratona., Confermata la Straragusa, la sfida sui 21,097 km anche questa nel calendario nazionale Fidal, ma anche, con la collaborazione della Uisp Territoriale Iblei guidata da Tonino Siciliano, la Walking di 21 km con la partecipazione del gruppo di Nord Walking Ragusa. Inoltre ci sar\u00e0 la Family Run &#8220;Cuori in Movimento&#8221; con partenza da piazza San Giovanni che vede protagonisti gli ospiti della Clinica del Mediterraneo del centro di Riabilitazione del gruppo Cappadona.<br \/>\nL&#8217;appuntamento per maratona e mezza \u00e8 in Via Feliciano Rossitto, con lo start per la 42,195 km alle ore 8:00 e per la mezza alle 9:45. Iscrizioni al costo di 35 euro per la gara lunga e 20 euro per l&#8217;altra, entro il 7 gennaio per non incorrere in aumenti. Presente l&#8217;agenzia di servizi di Carmelo Gulino a collaborare con l&#8217;allestimento della manifestazione.<br \/>\nPer informazioni: Asd No al Doping,\u00a0<a href=\"http:\/\/www.maratonadiragusa.com\/\" target=\"_blank\" rel=\"noopener noreferrer\">www.maratonadiragusa.com<\/a>\u00a0o al tel 3315785084 Vincenzo Causarano<\/p>\n","protected":false},"excerpt":{"rendered":"<p>La 19esima edizione della Maratona di Ragusa sar\u00e0 il primo grande evento sui 42,195 km della nuova stagione e per il prossimo 21 gennaio sono gi\u00e0 tantissimi i corridori provenienti dal continente che hanno programmato la propria trasferta in terra sicula. In attesa dei grandi festeggiamenti del 2025 per il ventennale della manifestazione, la gara [&hellip;]<\/p>\n","protected":false},"author":1,"featured_media":5369,"comment_status":"closed","ping_status":"closed","sticky":false,"template":"","format":"standard","meta":{"_jetpack_memberships_contains_paid_content":false,"footnotes":""},"categories":[4,31,6],"tags":[],"class_list":["post-5368","post","type-post","status-publish","format-standard","has-post-thumbnail","hentry","category-comunicati-stampa","category-news","category-notizie"],"jetpack_featured_media_url":"https:\/\/www.podistipercaso.it\/home\/wp-content\/uploads\/2023\/12\/Passaggio-Piazza-S.Giovanni.jpeg","jetpack_sharing_enabled":true,"_links":{"self":[{"href":"https:\/\/www.podistipercaso.it\/home\/wp-json\/wp\/v2\/posts\/5368","targetHints":{"allow":["GET"]}}],"collection":[{"href":"https:\/\/www.podistipercaso.it\/home\/wp-json\/wp\/v2\/posts"}],"about":[{"href":"https:\/\/www.podistipercaso.it\/home\/wp-json\/wp\/v2\/types\/post"}],"author":[{"embeddable":true,"href":"https:\/\/www.podistipercaso.it\/home\/wp-json\/wp\/v2\/users\/1"}],"replies":[{"embeddable":true,"href":"https:\/\/www.podistipercaso.it\/home\/wp-json\/wp\/v2\/comments?post=5368"}],"version-history":[{"count":1,"href":"https:\/\/www.podistipercaso.it\/home\/wp-json\/wp\/v2\/posts\/5368\/revisions"}],"predecessor-version":[{"id":5370,"href":"https:\/\/www.podistipercaso.it\/home\/wp-json\/wp\/v2\/posts\/5368\/revisions\/5370"}],"wp:featuredmedia":[{"embeddable":true,"href":"https:\/\/www.podistipercaso.it\/home\/wp-json\/wp\/v2\/media\/5369"}],"wp:attachment":[{"href":"https:\/\/www.podistipercaso.it\/home\/wp-json\/wp\/v2\/media?parent=5368"}],"wp:term":[{"taxonomy":"category","embeddable":true,"href":"https:\/\/www.podistipercaso.it\/home\/wp-json\/wp\/v2\/categories?post=5368"},{"taxonomy":"post_tag","embeddable":true,"href":"https:\/\/www.podistipercaso.it\/home\/wp-json\/wp\/v2\/tags?post=5368"}],"curies":[{"name":"wp","href":"https:\/\/api.w.org\/{rel}","templated":true}]}}