{"id":5124,"date":"2023-03-04T12:54:06","date_gmt":"2023-03-04T11:54:06","guid":{"rendered":"https:\/\/www.podistipercaso.it\/home\/?p=5124"},"modified":"2023-03-04T12:54:06","modified_gmt":"2023-03-04T11:54:06","slug":"38-vivi-citta-2-aprile-2023-2-memorial-titta-tumino","status":"publish","type":"post","link":"https:\/\/www.podistipercaso.it\/home\/38-vivi-citta-2-aprile-2023-2-memorial-titta-tumino\/","title":{"rendered":"38\u00b0 VIVI CITTA&#8217; ,  2 APRILE 2023 2\u00b0 MEMORIAL TITTA TUMINO"},"content":{"rendered":"<div style=\"text-align: justify;\"><span style=\"color: #000000;\">S<i>ar\u00e0 Ragusa ad ospitare la 38\u00b0 edizione del ViviCitt\u00e0\u00a0 e il viale Tenente Lena diventer\u00e0 ancora una volta la vetrina dello sport ibleo dell &#8216;atletica leggera.<\/i><\/span><\/div>\n<div style=\"text-align: justify;\"><span style=\"color: #000000;\"><i>Manifestazione podistica organizzata dalla Uisp Iblei capitanata da Tonino Siciliano col patrocinio del Comune di Ragusa, con in testa il Sindaco Peppe Cass\u00ec e l &#8216;assessore allo sport Eugenia Spada,\u00a0 2\u00b0 Memorial Titta Tumino, con un peculiarit\u00e0\u00a0 dal punto di vista tecnico, la caratteristica pi\u00f9 importante di Vivicitt\u00e0 \u00e8 la classifica unica, un\u2019innovazione ineguagliata: partenza unica alle 10.30, percorso di 10 km e compensazione finale delle differenze di percorso nelle citt\u00e0 in cui si corre, e si svilupper\u00e0 tra i tre ponti dominanti della Nostra Vallata .<\/i><\/span><\/div>\n<div>\n<div style=\"text-align: justify;\"><span style=\"color: #000000; font-family: 'Open Sans';\"><i>Prova valida Gran Prix provinciale di corsa su strada Fidal e prove collaterali\u00a0giovanile e attivit\u00e0 ludico motorie, grazie al contributo esterno di varie associazioni e il birrificio\u00a0 Siculo Yblon.<\/i><\/span><\/div>\n<div style=\"text-align: justify;\"><span style=\"color: #555555; font-family: Open Sans;\"><i><span style=\"color: #000000;\">Appuntamento\u00a0 il 2 aprile dalle ore 9\u00a0 in viale Tenente\u00a0Lena tutte le\u00a0info su Facebook Vivicitt\u00e0\u00a0Ragusa o<\/span><a href=\"http:\/\/www.xn--uispvivicitt-99a.com\">www.uispvivicitt\u00e0.com<\/a> ,<span style=\"color: #000000;\">\u00a0Guglielmo 3315785084<\/span><\/i><\/span><\/div>\n<\/div>\n<div><img loading=\"lazy\" decoding=\"async\" class=\"alignleft  wp-image-5126\" src=\"https:\/\/www.podistipercaso.it\/home\/wp-content\/uploads\/2023\/03\/foto-ponte-300x198.jpg\" alt=\"\" width=\"250\" height=\"165\" srcset=\"https:\/\/www.podistipercaso.it\/home\/wp-content\/uploads\/2023\/03\/foto-ponte-300x198.jpg 300w, https:\/\/www.podistipercaso.it\/home\/wp-content\/uploads\/2023\/03\/foto-ponte-768x508.jpg 768w, https:\/\/www.podistipercaso.it\/home\/wp-content\/uploads\/2023\/03\/foto-ponte.jpg 960w\" sizes=\"auto, (max-width: 250px) 100vw, 250px\" \/> <img loading=\"lazy\" decoding=\"async\" class=\"alignleft  wp-image-5127\" src=\"https:\/\/www.podistipercaso.it\/home\/wp-content\/uploads\/2023\/03\/sindaco-al-vivi-citta-2022-200x300.jpg\" alt=\"\" width=\"181\" height=\"272\" srcset=\"https:\/\/www.podistipercaso.it\/home\/wp-content\/uploads\/2023\/03\/sindaco-al-vivi-citta-2022-200x300.jpg 200w, https:\/\/www.podistipercaso.it\/home\/wp-content\/uploads\/2023\/03\/sindaco-al-vivi-citta-2022-683x1024.jpg 683w, https:\/\/www.podistipercaso.it\/home\/wp-content\/uploads\/2023\/03\/sindaco-al-vivi-citta-2022-768x1152.jpg 768w, https:\/\/www.podistipercaso.it\/home\/wp-content\/uploads\/2023\/03\/sindaco-al-vivi-citta-2022-1024x1536.jpg 1024w, https:\/\/www.podistipercaso.it\/home\/wp-content\/uploads\/2023\/03\/sindaco-al-vivi-citta-2022.jpg 1080w\" sizes=\"auto, (max-width: 181px) 100vw, 181px\" \/> <img loading=\"lazy\" decoding=\"async\" class=\"alignleft  wp-image-5128\" src=\"https:\/\/www.podistipercaso.it\/home\/wp-content\/uploads\/2023\/03\/Vivicitta-Ragusa-2023-300x138.jpg\" alt=\"\" width=\"270\" height=\"124\" srcset=\"https:\/\/www.podistipercaso.it\/home\/wp-content\/uploads\/2023\/03\/Vivicitta-Ragusa-2023-300x138.jpg 300w, https:\/\/www.podistipercaso.it\/home\/wp-content\/uploads\/2023\/03\/Vivicitta-Ragusa-2023-768x353.jpg 768w, https:\/\/www.podistipercaso.it\/home\/wp-content\/uploads\/2023\/03\/Vivicitta-Ragusa-2023.jpg 923w\" sizes=\"auto, (max-width: 270px) 100vw, 270px\" \/><\/div>\n","protected":false},"excerpt":{"rendered":"<p>Sar\u00e0 Ragusa ad ospitare la 38\u00b0 edizione del ViviCitt\u00e0\u00a0 e il viale Tenente Lena diventer\u00e0 ancora una volta la vetrina dello sport ibleo dell &#8216;atletica leggera. Manifestazione podistica organizzata dalla Uisp Iblei capitanata da Tonino Siciliano col patrocinio del Comune di Ragusa, con in testa il Sindaco Peppe Cass\u00ec e l &#8216;assessore allo sport Eugenia [&hellip;]<\/p>\n","protected":false},"author":1,"featured_media":5125,"comment_status":"closed","ping_status":"closed","sticky":false,"template":"","format":"standard","meta":{"_jetpack_memberships_contains_paid_content":false,"footnotes":""},"categories":[4,6],"tags":[],"class_list":["post-5124","post","type-post","status-publish","format-standard","has-post-thumbnail","hentry","category-comunicati-stampa","category-notizie"],"jetpack_featured_media_url":"https:\/\/www.podistipercaso.it\/home\/wp-content\/uploads\/2023\/03\/momento-gara.jpg","jetpack_sharing_enabled":true,"_links":{"self":[{"href":"https:\/\/www.podistipercaso.it\/home\/wp-json\/wp\/v2\/posts\/5124","targetHints":{"allow":["GET"]}}],"collection":[{"href":"https:\/\/www.podistipercaso.it\/home\/wp-json\/wp\/v2\/posts"}],"about":[{"href":"https:\/\/www.podistipercaso.it\/home\/wp-json\/wp\/v2\/types\/post"}],"author":[{"embeddable":true,"href":"https:\/\/www.podistipercaso.it\/home\/wp-json\/wp\/v2\/users\/1"}],"replies":[{"embeddable":true,"href":"https:\/\/www.podistipercaso.it\/home\/wp-json\/wp\/v2\/comments?post=5124"}],"version-history":[{"count":1,"href":"https:\/\/www.podistipercaso.it\/home\/wp-json\/wp\/v2\/posts\/5124\/revisions"}],"predecessor-version":[{"id":5129,"href":"https:\/\/www.podistipercaso.it\/home\/wp-json\/wp\/v2\/posts\/5124\/revisions\/5129"}],"wp:featuredmedia":[{"embeddable":true,"href":"https:\/\/www.podistipercaso.it\/home\/wp-json\/wp\/v2\/media\/5125"}],"wp:attachment":[{"href":"https:\/\/www.podistipercaso.it\/home\/wp-json\/wp\/v2\/media?parent=5124"}],"wp:term":[{"taxonomy":"category","embeddable":true,"href":"https:\/\/www.podistipercaso.it\/home\/wp-json\/wp\/v2\/categories?post=5124"},{"taxonomy":"post_tag","embeddable":true,"href":"https:\/\/www.podistipercaso.it\/home\/wp-json\/wp\/v2\/tags?post=5124"}],"curies":[{"name":"wp","href":"https:\/\/api.w.org\/{rel}","templated":true}]}}