{"id":4938,"date":"2022-11-13T11:34:24","date_gmt":"2022-11-13T10:34:24","guid":{"rendered":"https:\/\/www.podistipercaso.it\/home\/?p=4938"},"modified":"2022-11-13T11:34:24","modified_gmt":"2022-11-13T10:34:24","slug":"grande-successo-per-il-convegno-tecnico-metodologie-dellallenamento-della-velocita-nellanno-2022","status":"publish","type":"post","link":"https:\/\/www.podistipercaso.it\/home\/grande-successo-per-il-convegno-tecnico-metodologie-dellallenamento-della-velocita-nellanno-2022\/","title":{"rendered":"Grande successo per il convegno tecnico \u201cMetodologie dell\u2019allenamento della velocit\u00e0 nell\u2019anno 2022\u201d"},"content":{"rendered":"<p style=\"text-align: justify;\">Grande successo per il convegno tecnico \u201cMetodologie dell\u2019allenamento della velocit\u00e0 nell\u2019anno 2022\u201d che si<br \/>\n\u00e8 svolto presso l\u2019aula magna del Centro Universitario Sportivo Catania sabato 5 novembre 2022.<br \/>\nIl convegno ha visto la partecipazione di 128 tecnici di Atletica Leggera pi\u00f9 13 studenti della Facolt\u00e0 di<br \/>\nScienze Motorie dell&#8217;Universit\u00e0 Degli Studi di Catania.<br \/>\nI relatori, Filippo Di Mulo (responsabile del settore velocit\u00e0 della Nazionale Italiana di Atletica Leggera) Chiara<br \/>\nMilardi coach di atleti di livello internazionale e Francesco Ripa (responsabile regionale del settore velocit\u00e0 ed<br \/>\nallenatore di atleti di livello Nazionale) hanno relazionato sulle metodologie dell&#8217;allenamento della velocit\u00e0<br \/>\nnell&#8217;anno 2020. Al termine delle relazioni si \u00e8 svolto il \u201cquestion time\u201d con domande da parte dei partecipanti<br \/>\nal congresso ed una piccola relazione del Prof. Giaccone (responsabile dell&#8217;area della Formazione e del<br \/>\nCentro Studi della FIDAL Sicilia) sugli adattamenti neurali che stanno alla base dello sviluppo della velocit\u00e0.<br \/>\nAl convegno oltre ai relatori erano presenti il Presidente regionale della FIDAL Sicilia Salvatore Gebbia e il<br \/>\nresponsabile tecnico Prof. Gaspare Polizzi tecnico di atleti di livello Olimpico.<br \/>\n\u201cIl numero dei partecipanti al convegno del 5 novembre, testimonia che tra i tecnici siciliani c&#8217;\u00e8 molta voglia di<br \/>\naggiornarsi , di confrontarsi e di ascoltare. Questo significa che bisogna organizzare pi\u00f9 spesso occasioni di<br \/>\nconfronto tecnico e di aggiornamento. La Sicilia \u00e8 sempre stata tra le Regioni pi\u00f9 attive nell&#8217;atletica leggera<br \/>\nma ultimamente stiamo soffrendo, la base che sostiene i risultati di vertice \u00e8 indubbiamente in difficolt\u00e0,<br \/>\nbisogna ripartire, e le occasioni di aggiornamento come quelle fatte a Catania sono tra gli strumenti che<br \/>\nservono per rilanciare l&#8217;atletica siciliana. Pertanto, un plauso alla dirigenza regionale e a tutti gli organizzatori<br \/>\ndel convegno per questa iniziativa e per quelle che organizzer\u00e0 in futuro; finalmente, mi sembra che si respiri<br \/>\nun&#8217;aria diversa e uno spirito di unit\u00e0 tra le diverse provincie che mancava da tempo, mi sembra che ci sia la<br \/>\ngiusta collaborazione per avviare il processo di rinascita dell&#8217;atletica siciliana. Per quanto mi riguarda, resto a<br \/>\ndisposizione, per quello che posso, per dare il mio contributo alla divulgazione di esperienze tecniche e<br \/>\nmetodologiche per aiutare a far crescere il movimento siciliano\u201d ha affermato il Prof. Filippo Di Mulo.<br \/>\n\u201cL\u2019organizzazione di un convegno di atletica in Sicilia stimola sempre i tecnici isolani a prendervi parte. Il<br \/>\nconvegno, (il primo in presenza dopo i noti fatti del covid) \u00e8 stato organizzato in maniera impeccabile dal<br \/>\ncomitato regionale siculo, ha prodotto un elevato numero di partecipanti che sono andati al di l\u00e0 di ogni pi\u00f9<br \/>\nrosea aspettativa. Dopo le relazioni presentate, sono emersi discussioni e vivaci dibattiti con i relatori che<br \/>\nfanno ben sperare su una ripresa dell&#8217;atletica siciliana dopo anni di sofferenza di risultati\u201d ha dichiarato il Prof.<br \/>\nFrancesco Ripa.<br \/>\n\u201cUn momento formativo di alto livello che ha visto la fattiva collaborazione di docenti specializzati e la<br \/>\npartecipazione attenta degli studenti della Facolt\u00e0 di Scienze Motorie dell\u2019Universit\u00e0 di Catania\u201d ha concluso<br \/>\nSalvatore Gebbia, presidente della Fidal Sicilia.<\/p>\n<p>Fonte: Fidal Sicilia<\/p>\n","protected":false},"excerpt":{"rendered":"<p>Grande successo per il convegno tecnico \u201cMetodologie dell\u2019allenamento della velocit\u00e0 nell\u2019anno 2022\u201d che si \u00e8 svolto presso l\u2019aula magna del Centro Universitario Sportivo Catania sabato 5 novembre 2022. Il convegno ha visto la partecipazione di 128 tecnici di Atletica Leggera pi\u00f9 13 studenti della Facolt\u00e0 di Scienze Motorie dell&#8217;Universit\u00e0 Degli Studi di Catania. I relatori, [&hellip;]<\/p>\n","protected":false},"author":1,"featured_media":4939,"comment_status":"closed","ping_status":"closed","sticky":false,"template":"","format":"standard","meta":{"_jetpack_memberships_contains_paid_content":false,"footnotes":""},"categories":[6],"tags":[],"class_list":["post-4938","post","type-post","status-publish","format-standard","has-post-thumbnail","hentry","category-notizie"],"jetpack_featured_media_url":"https:\/\/www.podistipercaso.it\/home\/wp-content\/uploads\/2022\/11\/Fidal_Sicilia.jpg","jetpack_sharing_enabled":true,"_links":{"self":[{"href":"https:\/\/www.podistipercaso.it\/home\/wp-json\/wp\/v2\/posts\/4938","targetHints":{"allow":["GET"]}}],"collection":[{"href":"https:\/\/www.podistipercaso.it\/home\/wp-json\/wp\/v2\/posts"}],"about":[{"href":"https:\/\/www.podistipercaso.it\/home\/wp-json\/wp\/v2\/types\/post"}],"author":[{"embeddable":true,"href":"https:\/\/www.podistipercaso.it\/home\/wp-json\/wp\/v2\/users\/1"}],"replies":[{"embeddable":true,"href":"https:\/\/www.podistipercaso.it\/home\/wp-json\/wp\/v2\/comments?post=4938"}],"version-history":[{"count":2,"href":"https:\/\/www.podistipercaso.it\/home\/wp-json\/wp\/v2\/posts\/4938\/revisions"}],"predecessor-version":[{"id":4941,"href":"https:\/\/www.podistipercaso.it\/home\/wp-json\/wp\/v2\/posts\/4938\/revisions\/4941"}],"wp:featuredmedia":[{"embeddable":true,"href":"https:\/\/www.podistipercaso.it\/home\/wp-json\/wp\/v2\/media\/4939"}],"wp:attachment":[{"href":"https:\/\/www.podistipercaso.it\/home\/wp-json\/wp\/v2\/media?parent=4938"}],"wp:term":[{"taxonomy":"category","embeddable":true,"href":"https:\/\/www.podistipercaso.it\/home\/wp-json\/wp\/v2\/categories?post=4938"},{"taxonomy":"post_tag","embeddable":true,"href":"https:\/\/www.podistipercaso.it\/home\/wp-json\/wp\/v2\/tags?post=4938"}],"curies":[{"name":"wp","href":"https:\/\/api.w.org\/{rel}","templated":true}]}}