{"id":4854,"date":"2022-11-06T18:22:48","date_gmt":"2022-11-06T17:22:48","guid":{"rendered":"https:\/\/www.podistipercaso.it\/home\/?p=4854"},"modified":"2022-11-06T18:22:48","modified_gmt":"2022-11-06T17:22:48","slug":"maratona-di-ragusa-e-gia-pioggia-di-iscrizioni","status":"publish","type":"post","link":"https:\/\/www.podistipercaso.it\/home\/maratona-di-ragusa-e-gia-pioggia-di-iscrizioni\/","title":{"rendered":"Maratona di Ragusa, \u00e8 gi\u00e0 pioggia di iscrizioni"},"content":{"rendered":"<div dir=\"auto\" style=\"text-align: justify;\">A oltre tre mesi dalla sua data di effettuazione, gi\u00e0 fioccano le iscrizioni per la Maratona di Ragusa, che il prossimo 22 gennaio vivr\u00e0 la sua 18esima edizione. L\u2019edizione della maggiore et\u00e0, mai come ora tanto attesa: tra pandemia e problemi vari, \u00e8 dal 2020 che la gara, regolarmente inserita in calendario, non \u00e8 potuta andare in scena e questo ha creato negli appassionati una straordinaria attesa. L\u2019Asd No al Doping, da parte sua, non ha mai perso la speranza di riportare alla luce la sua principale manifestazione podistica, considerata ormai la prima grande classica italiana sui 42,195 km.<\/div>\n<div dir=\"auto\" style=\"text-align: justify;\">Per l\u2019occasione gli organizzatori hanno deciso di contenere il pi\u00f9 possibile i costi d\u2019iscrizione per invitare quanti pi\u00f9 podisti possibile ad accettare la trasferta siciliana, per abbinare alla corsa anche un po\u2019 di turismo nella capitale del barocco. Ecco cos\u00ec che fino a fine ottobre sar\u00e0 possibile iscriversi alla maratona al costo di soli 30 euro, mentre la partecipazione alla Straragusa sui 21,097 km costa 18 euro. Successivamente sono previsti rincari fino alla chiusura ufficiale delle iscrizioni programmata per il 16 gennaio.<\/div>\n<div dir=\"auto\" style=\"text-align: justify;\">Insieme alle prove agonistiche, il programma della Maratona di Ragusa prevede anche in quest\u2019occasione largo spazio per i non competitivi, innanzitutto attraverso una camminata di 21 km, poi con la Family Run di 3,2 che prender\u00e0 il via da Piazza San Giovanni, Le gare invece scatteranno da Via Feliciano Rossitto a Ragusa Alta, nei pressi del Liceo Scientifico, con la maratona che scatter\u00e0 alle ore 8:00 mentre la Straragusa prender\u00e0 il via alle 9:45. Ora c\u2019\u00e8 tutta una stagione per allenarsi e preparare il grande evento, a fine gennaio Ragusa torner\u00e0 finalmente a correre in maglietta e pantaloncini\u2026<\/div>\n<div dir=\"auto\" style=\"text-align: justify;\">Per informazioni: Asd No al Doping, tel. 331.5785084, <a href=\"http:\/\/www.maratonadiragusa.com\">www.maratonadiragusa.com<\/a><\/div>\n","protected":false},"excerpt":{"rendered":"<p>A oltre tre mesi dalla sua data di effettuazione, gi\u00e0 fioccano le iscrizioni per la Maratona di Ragusa, che il prossimo 22 gennaio vivr\u00e0 la sua 18esima edizione. L\u2019edizione della maggiore et\u00e0, mai come ora tanto attesa: tra pandemia e problemi vari, \u00e8 dal 2020 che la gara, regolarmente inserita in calendario, non \u00e8 potuta [&hellip;]<\/p>\n","protected":false},"author":1,"featured_media":4855,"comment_status":"closed","ping_status":"closed","sticky":false,"template":"","format":"standard","meta":{"_jetpack_memberships_contains_paid_content":false,"footnotes":""},"categories":[4,6],"tags":[],"class_list":["post-4854","post","type-post","status-publish","format-standard","has-post-thumbnail","hentry","category-comunicati-stampa","category-notizie"],"jetpack_featured_media_url":"https:\/\/www.podistipercaso.it\/home\/wp-content\/uploads\/2022\/11\/IMG-20221027-WA0022.jpg","jetpack_sharing_enabled":true,"_links":{"self":[{"href":"https:\/\/www.podistipercaso.it\/home\/wp-json\/wp\/v2\/posts\/4854","targetHints":{"allow":["GET"]}}],"collection":[{"href":"https:\/\/www.podistipercaso.it\/home\/wp-json\/wp\/v2\/posts"}],"about":[{"href":"https:\/\/www.podistipercaso.it\/home\/wp-json\/wp\/v2\/types\/post"}],"author":[{"embeddable":true,"href":"https:\/\/www.podistipercaso.it\/home\/wp-json\/wp\/v2\/users\/1"}],"replies":[{"embeddable":true,"href":"https:\/\/www.podistipercaso.it\/home\/wp-json\/wp\/v2\/comments?post=4854"}],"version-history":[{"count":1,"href":"https:\/\/www.podistipercaso.it\/home\/wp-json\/wp\/v2\/posts\/4854\/revisions"}],"predecessor-version":[{"id":4856,"href":"https:\/\/www.podistipercaso.it\/home\/wp-json\/wp\/v2\/posts\/4854\/revisions\/4856"}],"wp:featuredmedia":[{"embeddable":true,"href":"https:\/\/www.podistipercaso.it\/home\/wp-json\/wp\/v2\/media\/4855"}],"wp:attachment":[{"href":"https:\/\/www.podistipercaso.it\/home\/wp-json\/wp\/v2\/media?parent=4854"}],"wp:term":[{"taxonomy":"category","embeddable":true,"href":"https:\/\/www.podistipercaso.it\/home\/wp-json\/wp\/v2\/categories?post=4854"},{"taxonomy":"post_tag","embeddable":true,"href":"https:\/\/www.podistipercaso.it\/home\/wp-json\/wp\/v2\/tags?post=4854"}],"curies":[{"name":"wp","href":"https:\/\/api.w.org\/{rel}","templated":true}]}}