{"id":4573,"date":"2022-08-11T12:20:45","date_gmt":"2022-08-11T10:20:45","guid":{"rendered":"https:\/\/www.podistipercaso.it\/home\/?p=4573"},"modified":"2022-08-11T12:24:39","modified_gmt":"2022-08-11T10:24:39","slug":"24-volata-napola-mokarta-la-ripartenza","status":"publish","type":"post","link":"https:\/\/www.podistipercaso.it\/home\/24-volata-napola-mokarta-la-ripartenza\/","title":{"rendered":"24^ VOLATA NAPOLA-MOKARTA, LA RIPARTENZA"},"content":{"rendered":"<h3 class=\"mar0 rosso text-center\">Dopo tre anni di stop forzato, finalmente si riparte con la 24^ edizione della Volata Napola-Mokarta<\/h3>\n<p style=\"text-align: justify;\">Cari amici podisti, siamo davvero molto lieti di potervi accogliere nuovamente nella nostra piccola borgata. Sar\u00e0 una vera gioia vedervi finalmente correre per le strade del nostro ridente paesino. Abbiamo aspettato questo momento per ben tre anni. Era il 2019 quando, lasciandoci alle spalle l\u2019edizione numero ventitr\u00e9, avevamo gi\u00e0 iniziato a pensare alla 24^ Volata Napola-Mokarta, concedendoci sporadicamente persino qualche flash su quello che sarebbe stato il percorso che ci avrebbe portati al raggiungimento di un grande obiettivo: il quarto di secolo. Non \u00e8 andata cos\u00ec, tutti quanti sappiamo perch\u00e9. Non avremmo mai pensato che la nostra amata\u00a0<em>Volata<\/em>\u00a0potesse subire una battuta d\u2019arresto; se non altro, prima di aver raggiunto l\u2019ambizioso traguardo dei venticinque anni. In questo lungo periodo, molte volte ci siamo sentiti rivolgere una domanda; posta in vari modi ma in ogni caso accompagnata sempre da un profondo tono nostalgico. Sia in paese, che nel mondo del podismo, non c\u2019\u00e8 persona che incontrandoci non ci abbia chiesto speranzoso: \u201cma quest\u2019anno\u00a0<em>La Volata<\/em>\u00a0si fa?\u201d. La domanda, in fin dei conti, \u00e8 sempre stata piuttosto semplice; di questo ne siamo sempre stati consapevoli. Ed analogamente lo sarebbe stata anche la risposta, se non fosse stato per il bilancio emozionale che questa lunga pausa ci ha portati a fare. Questa volta per\u00f2, liberi dall\u2019habitu\u00e9 organizzativo che ogni anno ha azionato la macchina dei lavori senza troppi tarli mentali, abbiamo preferito sottoporci ad alcune riflessioni prima di poter rispondere a noi stessi, e di conseguenza, anche a chiunque ci abbia interrogati. I venticinque anni trascorsi da quel lontano 1997 ce li portiamo per intero sulle nostre spalle, con tutti i vantaggi e gli svantaggi che tale circostanza comporta. Su un piatto della bilancia, dunque, abbiamo posto l\u2019esperienza maturata negli anni, grazie alla quale \u00e8 stato possibile automatizzare alcuni impegnativi processi organizzativi. Tale aspetto ha giocato di certo un ruolo a favore della ripresa, alleggerendo le preoccupazioni della vigilia. Sull\u2019altro piatto della bilancia, in egual misura, troviamo le nostre forze fisiologicamente indebolite dallo scorrere del tempo, e non adeguatamente affiancate dal ricambio generazionale. A spingere l\u2019ago della bilancia verso la ripartenza, chiudendo il cerchio delle riflessioni, \u00e8 stata in vero proprio quella domanda! Possiamo sinceramente affermare che l\u2019affettuoso sostegno ricevuto da tutti voi sia stato il vero incentivo della ripartenza della\u00a0<em>Volata<\/em>, ed \u00e8 per questo che vogliamo ringraziare ogni sostenitore che ci ha supportato ed incoraggiato in questa scelta. Pare che il distacco ed il tempo trascorso, abbia rafforzato il legame di ciascuno verso la nostra e la vostra\u00a0<em>Volata Napola-Mokarta.\u00a0<\/em>Grazie a tutti e buona 24^ edizione.<\/p>\n<p>Fonte: Organizzazione<\/p>\n","protected":false},"excerpt":{"rendered":"<p>Dopo tre anni di stop forzato, finalmente si riparte con la 24^ edizione della Volata Napola-Mokarta Cari amici podisti, siamo davvero molto lieti di potervi accogliere nuovamente nella nostra piccola borgata. Sar\u00e0 una vera gioia vedervi finalmente correre per le strade del nostro ridente paesino. Abbiamo aspettato questo momento per ben tre anni. Era il [&hellip;]<\/p>\n","protected":false},"author":1,"featured_media":0,"comment_status":"closed","ping_status":"closed","sticky":false,"template":"","format":"standard","meta":{"_jetpack_memberships_contains_paid_content":false,"footnotes":""},"categories":[6],"tags":[],"class_list":["post-4573","post","type-post","status-publish","format-standard","hentry","category-notizie"],"jetpack_featured_media_url":"","jetpack_sharing_enabled":true,"_links":{"self":[{"href":"https:\/\/www.podistipercaso.it\/home\/wp-json\/wp\/v2\/posts\/4573","targetHints":{"allow":["GET"]}}],"collection":[{"href":"https:\/\/www.podistipercaso.it\/home\/wp-json\/wp\/v2\/posts"}],"about":[{"href":"https:\/\/www.podistipercaso.it\/home\/wp-json\/wp\/v2\/types\/post"}],"author":[{"embeddable":true,"href":"https:\/\/www.podistipercaso.it\/home\/wp-json\/wp\/v2\/users\/1"}],"replies":[{"embeddable":true,"href":"https:\/\/www.podistipercaso.it\/home\/wp-json\/wp\/v2\/comments?post=4573"}],"version-history":[{"count":2,"href":"https:\/\/www.podistipercaso.it\/home\/wp-json\/wp\/v2\/posts\/4573\/revisions"}],"predecessor-version":[{"id":4576,"href":"https:\/\/www.podistipercaso.it\/home\/wp-json\/wp\/v2\/posts\/4573\/revisions\/4576"}],"wp:attachment":[{"href":"https:\/\/www.podistipercaso.it\/home\/wp-json\/wp\/v2\/media?parent=4573"}],"wp:term":[{"taxonomy":"category","embeddable":true,"href":"https:\/\/www.podistipercaso.it\/home\/wp-json\/wp\/v2\/categories?post=4573"},{"taxonomy":"post_tag","embeddable":true,"href":"https:\/\/www.podistipercaso.it\/home\/wp-json\/wp\/v2\/tags?post=4573"}],"curies":[{"name":"wp","href":"https:\/\/api.w.org\/{rel}","templated":true}]}}