{"id":444,"date":"2015-06-23T19:32:48","date_gmt":"2015-06-23T17:32:48","guid":{"rendered":"http:\/\/www.podistipercaso.it\/home\/?p=444"},"modified":"2022-11-10T12:26:44","modified_gmt":"2022-11-10T11:26:44","slug":"2-corri-alla-civita","status":"publish","type":"post","link":"https:\/\/www.podistipercaso.it\/home\/2-corri-alla-civita\/","title":{"rendered":"2^ CORRI ALLA CIVITA"},"content":{"rendered":"<p style=\"text-align: justify;\"><span style=\"color: #000000;\">Per il secondo anno consecutivo la piazza San Francesco di Paola, centro pulsante della \u201cCivita\u201d di Catania, ospita la 5^ Prova del Grand Prix Provinciale di corsa Senior-Master del 2015.<\/span><\/p>\n<p style=\"text-align: justify;\"><span style=\"color: #000000;\">Alle 16e30 un \u201carco tra gli archi\u201d della marina che gli fanno da sfondo fa la sua apparizione di fronte alla chiesa: \u00e8 il \u201cnostro\u201d gonfiabile, emblema d\u2019ogni gara podistica. \u00c8 ancora presto per la partenza della corsa ma c\u2019\u00e8 \u201cvoglia di puntualit\u00e0\u201d.<\/span><\/p>\n<p style=\"text-align: justify;\"><span style=\"color: #000000;\">Poco dopo le cinque qualche goccia di pioggia sulla piazza ha il sapore della benedizione per gli atleti. D\u2019altronde siamo immersi nella festa religiosa del quartiere, \u00e8 presente il parroco in compagnia di alcune religiose e quando l\u2019acqua cessa sembra quasi un miracolo. Ma il vero \u201cmiracolo\u201d arriva alle 17e38 quando siamo gi\u00e0 schierati sotto il gonfiabile e in perfetto orario (caso pi\u00f9 unico che raro) la voce quasi \u201clirica\u201d di Michelangelo Granata d\u00e0 il via alla prima batteria.<\/span><\/p>\n<p style=\"text-align: justify;\"><span style=\"color: #000000;\">Sono immerso tra le 23 femminucce e i 53 \u201cvecchi\u201d over 55 che compongono il gruppo. Nel primo giro prendiamo confidenza con il percorso. La partenza con leggera salitella e strettoia \u00e8 ostacolata e resa ancora pi\u00f9 difficile dall\u2019ingombrante presenza di auto parcheggiate sul lato sinistro della strada. Io rimango un poco imbottigliato e qualche diretto avversario di categoria mi \u201cmangia\u201d subito alcuni metri. Me ne ricorder\u00f2 con rammarico all\u2019arrivo. Lo slancio iniziale di tutti noi atleti ci porta rapidamente in piazza Cutelli; al bar, casuali spettatori ci osservano, ma l\u2019ostacolo principale si trova subito dopo, all\u2019angolo di uscita della piazza dove un \u201cvolontario\u201d che a suo modo \u201cregola\u201d il passaggio degli atleti, con la sua \u201cprospiciente pancia\u201d finisce con l\u2019ostacolare chi come me vuole \u201cstringere\u201d al massimo la svolta, mah!<\/span><\/p>\n<p style=\"text-align: justify;\"><span style=\"color: #000000;\">Superato l\u2019ostacolo \u201cnaturale\u201d ci ritroviamo nella via Scrudato dove ha sede una delle moschee di Catania e sono in corso le celebrazioni del \u201cRamadam\u201d che potrebbero costituire un bel momento di dialogo con la nostra festa della Parrocchia di San Francesco di Paola. Vado un \u201cpo\u2019 di fretta\u201d, ma di sfuggita osservo all\u2019interno dell\u2019edificio sacro, un ambiente con poca luce ma molto bello ed elegante.<\/span><\/p>\n<p style=\"text-align: justify;\"><span style=\"color: #000000;\">Ancora due svolte e transitiamo dalla piazza Duca di Genova, il tratto pi\u00f9 caldo del percorso, ma il sole \u00e8 coperto, meglio cos\u00ec. In fondo alla piazza imbocchiamo la via del Vecchio Bastione e con un\u2019ultima \u201cchicane\u201d siamo nuovamente nella piazza S. Francesco.<\/span><\/p>\n<p style=\"text-align: justify;\"><span style=\"color: #000000;\">Al termine del primo giro la coppia Novello (SM60) \u2013 Caniglia (SM55) conduce la gara tallonata da Tatiana Motta. Mi sembra scontato che il \u201cgiovane\u201d Novello debba aggiudicarsi la batteria oltre che la nostra categoria, perci\u00f2 concentro la mia attenzione su altri \u201cSM60\u201d, Angelo Ponzio\u00a0 che gi\u00e0 al secondo giro mi lascio indietro e Piero Lo Nigro. Al terzo giro mi sento \u201cin orbita\u201d, magari non come la Samantha Cristoforetti che ha orbitato per quasi 200 giorni, ma sicuramente pi\u00f9 di Yuri Gagarin\u00a0 che oltre 50 anni fa comp\u00ec un solo giro intorno al globo. Certamente non ho la possibilit\u00e0 di osservare i fantastici panorami che si possono ammirare da una navicella spaziale, io al massimo posso vedere i \u201cfondoschiena\u201d degli avversari che mi superano.<\/span><\/p>\n<p style=\"text-align: justify;\"><span style=\"color: #000000;\">Col susseguirsi delle orbite, o meglio dei giri il \u201cNovello\u201d, (gradazione SM60) \u201cubriaca\u201d tutti gli avversari e si invola solitario verso il traguardo. L\u2019ultimo a resistergli \u00e8 Giulio Caniglia bench\u00e9 quest\u2019ultimo sia di categoria pi\u00f9 giovane. Alle loro spalle uno stuolo di SM55, poi la Tatiana che regola tutte le donne in batteria. Sulla scia della Tatiana, Piero mi precede di 5 secondi e ripenso a quella partenza in cui sono rimasto un poco \u201cincastrato\u201d.<\/span><\/p>\n<p style=\"text-align: justify;\"><span style=\"color: #000000;\">Salvatore Leanza conquista il gradino pi\u00f9 alto del \u201cpodio rovesciato\u201d tagliando il traguardo al 76\u00b0 e ultimo posto con soli 16 minuti e 24 secondi di ritardo dal primo, un\u2019inezia. \u00a0\u00a0\u00a0<\/span><\/p>\n<p style=\"text-align: justify;\"><span style=\"color: #000000;\">Archiviata la batteria \u201cDonne e Vecchi\u201d, si passa alla batteria \u201cVeri Giovani\u201d. La gara si svolge su un percorso pi\u00f9 lungo, 7,8 Chilometri per dieci \u201corbite\u201d. La corsa ci ricorda un po\u2019 quella dello scorso anno. Antonino Recupero (SM40) \u201ctira\u201d il gruppo per 9 giri e solo all\u2019ultima \u201corbita\u201d cambia passo staccando i ben pi\u00f9 giovani Enrico Pafumi e Alfio Simone Canino della SM; Antonino bissa cos\u00ec il successo dello scorso anno su un percorso difficile che evidentemente ben si adatta alle caratteristiche dell\u2019atleta dell\u2019Atletica Sant\u2019Anastasia.<\/span><\/p>\n<p style=\"text-align: justify;\"><span style=\"color: #000000;\">Come gi\u00e0 avvenne lo scorso anno la provvidenziale fontanella posta sulla linea d\u2019arrivo, d\u00e0 refrigerio a tutti, dal primo arrivato fino all\u2019ultimo, senza distinzioni. E per chi \u00e8 arrivato affamato la parrocchia offre anche uno spuntino.<\/span><\/p>\n<p style=\"text-align: justify;\"><span style=\"color: #000000;\">Grazie agli organizzatori, alla parrocchia, a tutti i volontari compresi quelli un po\u2019 \u201cobesi\u201d, ai Vigili Urbani, grazie alla TDS e a Michelangelo Granata, grazie ai 161 atleti che con la loro partecipazione hanno reso possibile questa bella manifestazione.<\/span><\/p>\n<p>Remigio Di Benedetto<\/p>\n","protected":false},"excerpt":{"rendered":"<p>Per il secondo anno consecutivo la piazza San Francesco di Paola, centro pulsante della \u201cCivita\u201d di Catania, ospita la 5^ Prova del Grand Prix Provinciale di corsa Senior-Master del 2015. Alle 16e30 un \u201carco tra gli archi\u201d della marina che gli fanno da sfondo fa la sua apparizione di fronte alla chiesa: \u00e8 il \u201cnostro\u201d [&hellip;]<\/p>\n","protected":false},"author":1,"featured_media":0,"comment_status":"open","ping_status":"open","sticky":false,"template":"","format":"standard","meta":{"_jetpack_memberships_contains_paid_content":false,"footnotes":""},"categories":[5],"tags":[],"class_list":["post-444","post","type-post","status-publish","format-standard","hentry","category-langolo-di-remigio"],"jetpack_featured_media_url":"","jetpack_sharing_enabled":true,"_links":{"self":[{"href":"https:\/\/www.podistipercaso.it\/home\/wp-json\/wp\/v2\/posts\/444","targetHints":{"allow":["GET"]}}],"collection":[{"href":"https:\/\/www.podistipercaso.it\/home\/wp-json\/wp\/v2\/posts"}],"about":[{"href":"https:\/\/www.podistipercaso.it\/home\/wp-json\/wp\/v2\/types\/post"}],"author":[{"embeddable":true,"href":"https:\/\/www.podistipercaso.it\/home\/wp-json\/wp\/v2\/users\/1"}],"replies":[{"embeddable":true,"href":"https:\/\/www.podistipercaso.it\/home\/wp-json\/wp\/v2\/comments?post=444"}],"version-history":[{"count":1,"href":"https:\/\/www.podistipercaso.it\/home\/wp-json\/wp\/v2\/posts\/444\/revisions"}],"predecessor-version":[{"id":445,"href":"https:\/\/www.podistipercaso.it\/home\/wp-json\/wp\/v2\/posts\/444\/revisions\/445"}],"wp:attachment":[{"href":"https:\/\/www.podistipercaso.it\/home\/wp-json\/wp\/v2\/media?parent=444"}],"wp:term":[{"taxonomy":"category","embeddable":true,"href":"https:\/\/www.podistipercaso.it\/home\/wp-json\/wp\/v2\/categories?post=444"},{"taxonomy":"post_tag","embeddable":true,"href":"https:\/\/www.podistipercaso.it\/home\/wp-json\/wp\/v2\/tags?post=444"}],"curies":[{"name":"wp","href":"https:\/\/api.w.org\/{rel}","templated":true}]}}