{"id":4061,"date":"2021-05-20T11:27:18","date_gmt":"2021-05-20T09:27:18","guid":{"rendered":"https:\/\/www.podistipercaso.it\/home\/?p=4061"},"modified":"2021-06-23T16:56:58","modified_gmt":"2021-06-23T14:56:58","slug":"torneo-di-padel-a-sostegno-della-campagna-vaccinale-anti-covid-19","status":"publish","type":"post","link":"https:\/\/www.podistipercaso.it\/home\/torneo-di-padel-a-sostegno-della-campagna-vaccinale-anti-covid-19\/","title":{"rendered":"Torneo di padel a sostegno  della campagna vaccinale anti Covid-19"},"content":{"rendered":"<p><span style=\"color: #000000;\"><strong>Circolo Due Ponti Sporting Club e Athletica Vaticana<\/strong><\/span><\/p>\n<p><span style=\"color: #000000;\"><em>\u00a0uniti per<\/em><\/span><span style=\"color: #000000;\"><strong>\u201c Fratelli tutti\u201d<\/strong><\/span><span style=\"color: #000000;\"><em>\u00a0<\/em><\/span><\/p>\n<p><span style=\"color: #000000;\"><em>Torneo di padel a sostegno <\/em><\/span><span style=\"color: #000000;\"><em>della campagna vaccinale anti Covid-19 promossa dall\u2019Elemosineria Apostolica <\/em><\/span><\/p>\n<p><span style=\"color: #000000;\"><em>per aiutare gli \u201cinvisibili\u201d delle nostre citt\u00e0 <\/em><\/span><\/p>\n<p><span style=\"color: #000000;\"><strong>Roma, sabato 22 maggio &#8211; ore 14.30<\/strong><\/span><\/p>\n<p><span style=\"color: #000000;\"><strong>Circolo Canottieri della Vittoria<\/strong><\/span><\/p>\n<p><span style=\"color: #000000;\"><strong>(Lungotevere della Vittoria, 10)<\/strong><\/span><\/p>\n<p>&nbsp;<\/p>\n<p><span style=\"color: #000000;\"><em>Presenti <\/em><\/span><\/p>\n<p><span style=\"color: #000000;\"><em>il cardinale Konrad Krajewski, elemosiniere del Papa <\/em><\/span><\/p>\n<p><span style=\"color: #000000;\"><em>e Juan Lebron, n\u00b0 1 al mondo di padel <\/em><\/span><\/p>\n<p>&nbsp;<\/p>\n<p><span style=\"color: #000000;\"><strong>Sabato 22 maggio, alle ore 14.30<\/strong>, sui campi del <strong>Circolo Canottieri della Vittoria<\/strong> a Roma (Lungotevere della Vittoria, 10), si svolger\u00e0 il Torneo di padel \u201c<strong>Fratelli tutti\u201d<\/strong>, organizzato dal <strong>Circolo Due Ponti Sporting Club<\/strong> e <strong>Athletica Vaticana<\/strong>, l\u2019associazione sportiva della Santa Sede.<\/span><\/p>\n<p>&nbsp;<\/p>\n<p><span style=\"color: #000000;\">L\u2019evento sportivo sostiene l\u2019iniziativa del \u201cvaccino sospeso\u201d, la campagna vaccinale anti Covid-19 dell\u2019<strong>Elemosineria Apostolica <\/strong>a favore delle persone pi\u00f9 fragili e vulnerabili per dare concretezza agli appelli di Papa Francesco perch\u00e9 nessuno venga escluso (www.elemosiniera.va). All\u2019evento prender\u00e0 parte anche il <strong>cardinale Konrad Krajewski<\/strong>, elemosiniere del Papa.<\/span><\/p>\n<p><span style=\"color: #000000;\">Nel Torneo \u201cFratelli tutti\u201d cittadini e dipendenti vaticani giocheranno insieme ai soci del <strong>Circolo Due Ponti Sporting Club,<\/strong> uniti nell\u2019intento di aiutare gli \u201cinvisibili\u201d delle nostre citt\u00e0 per realizzare \u201cun noi sempre pi\u00f9 grande\u201d.<\/span><\/p>\n<p><span style=\"color: #000000;\">Per il <strong>Due Ponti<\/strong> scenderanno in campo, tra gli altri, il n\u00b01 RANKING WORLD PADEL TOUR <strong>Juan Lebron<\/strong>, la n\u00b011 RANKING WORLD PADEL TOUR\u00a0 <strong>Patty<\/strong> <strong>Llaguno Zielinski<\/strong>, il n\u00b030 RANKING WORLD PADEL TOUR\u00a0 <strong>Luciano Capra. <\/strong>Nonch\u00e9 personaggi dello spettacolo e dello sport, tra i quali, le conduttrici televisive <strong>Eleonora Daniele<\/strong> e <strong>Giorgia\u00a0Venturini<\/strong>; <strong>Stefano Meloccaro<\/strong>, giornalista e conduttore televisivo; <strong>Jimmy Ghione<\/strong>, personaggio televisivo e attore; <strong>Flaminia<\/strong> <strong>Bolzan<\/strong>, psicologa e criminologa; e <strong>Dario Marcolin,<\/strong> allenatore di calcio, ex calciatore.\u00a0<\/span><\/p>\n<p>&nbsp;<\/p>\n<p><span style=\"color: #000000;\">Con <strong>Athletica Vaticana<\/strong>, accanto alle <strong>guardie svizzere<\/strong>, ci sar\u00e0 anche l\u2019olimpionica di vela <strong>Flavia Tartaglini<\/strong> per rilanciare il gemellaggio tra il Gruppo sportivo <strong>Fiamme Gialle <\/strong>e l\u2019associazione vaticana.<\/span><\/p>\n<p><span style=\"color: #000000;\">Il <strong>Circolo Due Ponti<\/strong> \u00e8 una realt\u00e0 di grande prestigio sui campi di padel gi\u00e0 da anni. \u201cIn questo torneo, come gi\u00e0 in molti altri eventi &#8211; spiega il presidente <strong>Emanuele Tornaboni &#8211; <\/strong>il binomio sport e solidariet\u00e0 sar\u00e0 il protagonista dell&#8217;incontro rivolto a tutti per diffondere un importante messaggio: lo sport non \u00e8 solo disciplina, allenamento e competizione. Lo sport \u00e8 prima di tutto\u00a0solidariet\u00e0, onest\u00e0 e rispetto per gli altri. Questi sono i valori che vogliamo promuovere insieme ad <strong>Athletica Vaticana<\/strong>\u201d.<\/span><\/p>\n<p><span style=\"color: #000000;\"><strong>Athletica Vaticana<\/strong>, che sta divenendo una polisportiva, si apre ora al padel nel nome dell\u2019<strong>inclusivit\u00e0<\/strong>, dello \u201csport per tutti\u201d con particolare attenzione alle persone con disabilit\u00e0, spiega il presidente <strong>Giampaolo Mattei.<\/strong> \u201cFratelli tutti\u201d, aggiunge, \u201c\u00e8 il titolo dell\u2019ultima enciclica di Papa Francesco che promuove, anche attraverso lo sport, la cultura della fraternit\u00e0 perch\u00e9 nessuno resti indietro da solo\u201d.<\/span><\/p>\n<p><span style=\"color: #000000;\">Con questa iniziativa <strong>Due Ponti<\/strong> e <strong>Athletica Vaticana<\/strong> rilanciano la collaborazione sportiva e solidale che gi\u00e0 li ha visti protagonisti insieme, nel 2019, del progetto \u201cIn Your Shoes\u201d: una corsa di solidariet\u00e0 per sostenere il futuro dei giovani africani.<\/span><\/p>\n<p><span style=\"color: #000000;\">L&#8217;evento di sabato 22 maggio \u00e8 aperto a tutti nel rispetto della normativa anti Covid-19.<\/span><\/p>\n<p><span style=\"color: #000000;\">Per informazioni:<\/span><\/p>\n<p><span style=\"color: #000000;\">-Circolo Due Ponti Sporting Club: 06 3339360<\/span><\/p>\n<p><span style=\"color: #000000;\">-Athletica Vaticana: 339 1651956<\/span><\/p>\n<p>&nbsp;<\/p>\n<p>&nbsp;<\/p>\n","protected":false},"excerpt":{"rendered":"<p>Circolo Due Ponti Sporting Club e Athletica Vaticana \u00a0uniti per\u201c Fratelli tutti\u201d\u00a0 Torneo di padel a sostegno della campagna vaccinale anti Covid-19 promossa dall\u2019Elemosineria Apostolica per aiutare gli \u201cinvisibili\u201d delle nostre citt\u00e0 Roma, sabato 22 maggio &#8211; ore 14.30 Circolo Canottieri della Vittoria (Lungotevere della Vittoria, 10) &nbsp; Presenti il cardinale Konrad Krajewski, elemosiniere del [&hellip;]<\/p>\n","protected":false},"author":1,"featured_media":3984,"comment_status":"closed","ping_status":"closed","sticky":false,"template":"","format":"standard","meta":{"_jetpack_memberships_contains_paid_content":false,"footnotes":""},"categories":[4,6],"tags":[],"class_list":["post-4061","post","type-post","status-publish","format-standard","has-post-thumbnail","hentry","category-comunicati-stampa","category-notizie"],"jetpack_featured_media_url":"https:\/\/www.podistipercaso.it\/home\/wp-content\/uploads\/2020\/09\/092610896-2752003a-6fac-4b6f-b7d2-f250aa8e7736.jpg","jetpack_sharing_enabled":true,"_links":{"self":[{"href":"https:\/\/www.podistipercaso.it\/home\/wp-json\/wp\/v2\/posts\/4061","targetHints":{"allow":["GET"]}}],"collection":[{"href":"https:\/\/www.podistipercaso.it\/home\/wp-json\/wp\/v2\/posts"}],"about":[{"href":"https:\/\/www.podistipercaso.it\/home\/wp-json\/wp\/v2\/types\/post"}],"author":[{"embeddable":true,"href":"https:\/\/www.podistipercaso.it\/home\/wp-json\/wp\/v2\/users\/1"}],"replies":[{"embeddable":true,"href":"https:\/\/www.podistipercaso.it\/home\/wp-json\/wp\/v2\/comments?post=4061"}],"version-history":[{"count":1,"href":"https:\/\/www.podistipercaso.it\/home\/wp-json\/wp\/v2\/posts\/4061\/revisions"}],"predecessor-version":[{"id":4062,"href":"https:\/\/www.podistipercaso.it\/home\/wp-json\/wp\/v2\/posts\/4061\/revisions\/4062"}],"wp:featuredmedia":[{"embeddable":true,"href":"https:\/\/www.podistipercaso.it\/home\/wp-json\/wp\/v2\/media\/3984"}],"wp:attachment":[{"href":"https:\/\/www.podistipercaso.it\/home\/wp-json\/wp\/v2\/media?parent=4061"}],"wp:term":[{"taxonomy":"category","embeddable":true,"href":"https:\/\/www.podistipercaso.it\/home\/wp-json\/wp\/v2\/categories?post=4061"},{"taxonomy":"post_tag","embeddable":true,"href":"https:\/\/www.podistipercaso.it\/home\/wp-json\/wp\/v2\/tags?post=4061"}],"curies":[{"name":"wp","href":"https:\/\/api.w.org\/{rel}","templated":true}]}}