{"id":3983,"date":"2020-09-10T11:18:55","date_gmt":"2020-09-10T09:18:55","guid":{"rendered":"http:\/\/www.podistipercaso.it\/home\/?p=3983"},"modified":"2020-09-10T11:18:55","modified_gmt":"2020-09-10T09:18:55","slug":"presentato-il-libro-di-papa-francesco","status":"publish","type":"post","link":"https:\/\/www.podistipercaso.it\/home\/presentato-il-libro-di-papa-francesco\/","title":{"rendered":"Presentato il libro di Papa Francesco"},"content":{"rendered":"<p align=\"JUSTIFY\"><span style=\"font-family: 'Times New Roman', serif; color: #000000;\">METTERSI IN GIOCO. Pensieri sullo sport<\/span><\/p>\n<p align=\"JUSTIFY\"><span style=\"font-family: 'Times New Roman', serif; color: #000000;\">Libreria Editrice Vaticana<\/span><\/p>\n<p align=\"JUSTIFY\"><span style=\"font-family: 'Times New Roman', serif; color: #000000;\">con il patrocinio di Athletica Vaticana<\/span><\/p>\n<p align=\"JUSTIFY\"><span style=\"font-family: 'Times New Roman', serif; color: #000000;\">(Citt\u00e0 del Vaticano, 2020 &#8211; pagine 124, euro 5,00)<\/span><\/p>\n<p align=\"JUSTIFY\"><span style=\"color: #000000;\"><span style=\"font-family: Times New Roman, serif;\">Un \u201cmanuale\u201d che suggerisce la possibilit\u00e0 di vivere lo sport \u2013 ma anche la vita stessa \u2013 secondo le indicazioni concrete di un coach d&#8217;eccezione: Papa Francesco. Ecco il senso e il valore del nuovo volume <\/span><span style=\"font-family: Times New Roman, serif;\"><i>Mettersi in gioco. Pensieri sullo sport<\/i><\/span><i> <\/i><span style=\"font-family: Times New Roman, serif;\">(pagine 124 &#8211; euro 5,00), edito dalla Libreria Editrice Vaticana con il patrocinio di Athletica Vaticana, presentato luned\u00ec mattina nel suggestivo scenario dello stadio delle Terme di Caracalla.<\/span><\/span><\/p>\n<p align=\"JUSTIFY\"><span style=\"font-family: 'Times New Roman', serif; color: #000000;\">Francesco stesso ha donato il suo libro, sabato scorso, alla delegazione del progetto sportivo e solidale We Run Together che Athletica Vaticana sta portando avanti insieme con le Fiamme Gialle, il Cortile dei Gentili e Fidal Lazio: conclusa l&#8217;asta benefica che, sostenuta anche dal Papa, ha raccolto 100.000 euro per il personale degli ospedali anti Covid di Bergamo e Brescia, ora si punta all&#8217;organizzazione, nel 2021, di un Meeting inclusivo di atletica nel Centro sportivo della Guardia di Finanza a Castelporziano.<\/span><\/p>\n<p align=\"JUSTIFY\"><span style=\"color: #000000;\"><span style=\"font-family: Times New Roman, serif;\">E proprio questo modo inclusivo e solidale di vivere lo sport \u00e8 stato rilanciato nella presentazione del libro del Papa. Sono intervenuti G<\/span><span style=\"font-family: Times New Roman, serif;\">iovanni Malag\u00f2<\/span><span style=\"font-family: Times New Roman, serif;\">, presidente del Coni, <\/span><span style=\"font-family: Times New Roman, serif;\">Luca Pancalli<\/span><span style=\"font-family: Times New Roman, serif;\">, presidente del Comitato italiano paralimpico, monsignor <\/span><span style=\"font-family: Times New Roman, serif;\">Melchor S\u00e1nchez de Toca<\/span><span style=\"font-family: Times New Roman, serif;\">, sotto-segretario del Pontificio consiglio della cultura, insieme ad atlete, atleti e protagonisti del mondo sportivo: tra questi Fabrizio Donato, Oxana Corso, Valerio Aspromonte e Carolina Erba, i rappresentanti di Special Olympics con i ragazzi del Centro sportivo italiano e degli oratori e Raffaella Masciardi, presidente della commissione atleti del Coni. A moderare l&#8217;incontro \u00e8 stato <\/span><span style=\"font-family: Times New Roman, serif;\">Alessandro Gisotti,<\/span><span style=\"font-family: Times New Roman, serif;\"> vicedirettore editoriale del Dicastero per la comunicazione della Santa Sede. <\/span><\/span><\/p>\n<p align=\"JUSTIFY\"><span style=\"font-family: 'Times New Roman', serif; color: #000000;\">Il libro \u2013 realizzato con uno stile semplice e diretto tipico del magistero di Papa Bergoglio \u2013 raccoglie i pensieri del Pontefice tratti dai suoi discorsi pi\u00f9 significativi agli sportivi e da lui stesso condivisi nelle molteplici occasioni che lo hanno visto insieme ad atleti: grandi campioni, donne e uomini con disabilit\u00e0 fisica o intellettiva, ma anche bambini e giovani delle periferie della vita. <\/span><\/p>\n<p align=\"JUSTIFY\"><span style=\"color: #000000;\"><span style=\"font-family: Times New Roman, serif;\">Le citazioni raccolte \u2013 selezionate da Lucio Coco e proposte in un formato tascabile e accessibile a tutti \u2013 sono la base per un allenamento spirituale e una vera e propria bussola per tutti coloro che intendono orientarsi nella ricerca delle motivazioni pi\u00f9 autentiche della propria passione. Lo confermano le tre testimonianze, che fanno da prefazioni alle parole del Santo Padre, firmate da <\/span><span style=\"font-family: Times New Roman, serif;\">Francesco Totti<\/span><span style=\"font-family: Times New Roman, serif;\">, dalla ex maratoneta kenyana <\/span><span style=\"font-family: Times New Roman, serif;\">Tegla Loroupe<\/span><span style=\"font-family: Times New Roman, serif;\"> (responsabile del Team dei rifugiati del Comitato olimpico internazionale) e da <\/span><span style=\"font-family: Times New Roman, serif;\">Alex Zanardi <\/span><span style=\"font-family: Times New Roman, serif;\">che ha inviato il suo contributo poco prima del grave incidente. \u201cSo che Alex lo ha scritto con il cuore\u201d ha fatto sapere Daniela, la moglie del campione che sta vivendo la gara pi\u00f9 importante.<\/span><\/span><\/p>\n<p align=\"JUSTIFY\"><span style=\"font-family: 'Times New Roman', serif; color: #000000;\">Malag\u00f2 e Pancalli hanno indicato insieme proprio nella testimonianza appassionata e attenta del Papa l&#8217;essenza di uno stile sportivo per tutti: insomma Francesco \u00e8 davvero un \u201ccoach\u201d d&#8217;eccezione oggi pi\u00f9 che mai decisivo in un momento cos\u00ec complesso. Oltretutto da due anni \u00e8 scarsa in campo anche Athletica Vaticana, la squadra sportiva del Papa, in prima linea nel portare concretamente un messaggio sportivo di speranza per tutti, campioni e amatori.\u00a0<\/span><\/p>\n","protected":false},"excerpt":{"rendered":"<p>METTERSI IN GIOCO. Pensieri sullo sport Libreria Editrice Vaticana con il patrocinio di Athletica Vaticana (Citt\u00e0 del Vaticano, 2020 &#8211; pagine 124, euro 5,00) Un \u201cmanuale\u201d che suggerisce la possibilit\u00e0 di vivere lo sport \u2013 ma anche la vita stessa \u2013 secondo le indicazioni concrete di un coach d&#8217;eccezione: Papa Francesco. Ecco il senso e [&hellip;]<\/p>\n","protected":false},"author":1,"featured_media":3984,"comment_status":"closed","ping_status":"closed","sticky":false,"template":"","format":"standard","meta":{"_jetpack_memberships_contains_paid_content":false,"footnotes":""},"categories":[6],"tags":[],"class_list":["post-3983","post","type-post","status-publish","format-standard","has-post-thumbnail","hentry","category-notizie"],"jetpack_featured_media_url":"https:\/\/www.podistipercaso.it\/home\/wp-content\/uploads\/2020\/09\/092610896-2752003a-6fac-4b6f-b7d2-f250aa8e7736.jpg","jetpack_sharing_enabled":true,"_links":{"self":[{"href":"https:\/\/www.podistipercaso.it\/home\/wp-json\/wp\/v2\/posts\/3983","targetHints":{"allow":["GET"]}}],"collection":[{"href":"https:\/\/www.podistipercaso.it\/home\/wp-json\/wp\/v2\/posts"}],"about":[{"href":"https:\/\/www.podistipercaso.it\/home\/wp-json\/wp\/v2\/types\/post"}],"author":[{"embeddable":true,"href":"https:\/\/www.podistipercaso.it\/home\/wp-json\/wp\/v2\/users\/1"}],"replies":[{"embeddable":true,"href":"https:\/\/www.podistipercaso.it\/home\/wp-json\/wp\/v2\/comments?post=3983"}],"version-history":[{"count":1,"href":"https:\/\/www.podistipercaso.it\/home\/wp-json\/wp\/v2\/posts\/3983\/revisions"}],"predecessor-version":[{"id":3985,"href":"https:\/\/www.podistipercaso.it\/home\/wp-json\/wp\/v2\/posts\/3983\/revisions\/3985"}],"wp:featuredmedia":[{"embeddable":true,"href":"https:\/\/www.podistipercaso.it\/home\/wp-json\/wp\/v2\/media\/3984"}],"wp:attachment":[{"href":"https:\/\/www.podistipercaso.it\/home\/wp-json\/wp\/v2\/media?parent=3983"}],"wp:term":[{"taxonomy":"category","embeddable":true,"href":"https:\/\/www.podistipercaso.it\/home\/wp-json\/wp\/v2\/categories?post=3983"},{"taxonomy":"post_tag","embeddable":true,"href":"https:\/\/www.podistipercaso.it\/home\/wp-json\/wp\/v2\/tags?post=3983"}],"curies":[{"name":"wp","href":"https:\/\/api.w.org\/{rel}","templated":true}]}}