{"id":3964,"date":"2020-06-20T08:52:07","date_gmt":"2020-06-20T06:52:07","guid":{"rendered":"http:\/\/www.podistipercaso.it\/home\/?p=3964"},"modified":"2020-07-17T08:56:09","modified_gmt":"2020-07-17T06:56:09","slug":"tortu-lancia-lo-sprint-finale-di-sfactor","status":"publish","type":"post","link":"https:\/\/www.podistipercaso.it\/home\/tortu-lancia-lo-sprint-finale-di-sfactor\/","title":{"rendered":"Tortu lancia lo sprint finale di #SFactor"},"content":{"rendered":"<table width=\"100%\">\n<tbody>\n<tr>\n<td>\n<table width=\"100%\">\n<tbody>\n<tr>\n<td><span style=\"color: #000000;\"><em><strong>Il campione azzurro delle Fiamme Gialle \u00e8 intervenuto nel social format del CSI: \u201cSono orgoglioso di rappresentare l\u2019Italia e la Guardia di Finanza. Per me \u00e8 una marcia in pi\u00f9 ed una motivazione importante per correre forte\u201d. La corsa della vita? Lo sprinter spera sia quella di Tokyo 2021. Con lui anche il fiorettista d\u2019oro a Rio 2016, Daniele Garozzo, e Vincenzo Parrinello, Generale di Brigata della Guardia di Finanza e Comandante del Gruppo Polisportivo delle Fiamme Gialle.<\/strong><\/em><\/span><\/p>\n<p><span style=\"color: #000000;\"><strong>Roma, 19 giugno 2020<\/strong> &#8211; \u00c8 stato un salotto stellato quello di <strong>#SFactor<\/strong>,<\/span> <a href=\"https:\/\/csi-net.us14.list-manage.com\/track\/click?u=671e03e3d68d366b856fe5b26&amp;id=11faf7f04f&amp;e=2a73802901\">andato in onda ieri pomeriggio in diretta streaming sui canali social del Centro Sportivo Italiano<\/a>. <span style=\"color: #000000;\">Non solo per i gradi sulla divisa del generale di brigata della Guardia di Finanza e comandante del Gruppo polisportivo delle Fiamme Gialle, <strong>Vincenzo<\/strong> <strong>Parrinello<\/strong>, ma anche per la luce dei campioni azzurri <strong>Filippo<\/strong> <strong>Tortu<\/strong> e <strong>Daniele<\/strong> <strong>Garozzo<\/strong> che sono intervenuti nel corso della diretta web CSI.<\/span><br \/>\n<span style=\"color: #000000;\"><em>\u201cMi sento fortunato perch\u00e9 ho fatto della passione il mio lavoro<\/em> &#8211; ha affermato <strong>Filippo<\/strong> <strong>Tortu<\/strong>, primatista nazionale dei 100 metri piani con il tempo di 9&#8243;99 &#8211; <em>Fare lo sportivo \u00e8 una delle cose pi\u00f9 belle che mi potessero capitare. In particolare per me la velocit\u00e0 e i 100 metri sono il sogno che avevo da bambino. Sto lavorando per migliorare ed essere sempre pi\u00f9 competitivo a livello internazionale. Rappresentare l\u2019Italia e la Guardia di Finanza \u00e8 un orgoglio ed una marcia in pi\u00f9 per correre sempre pi\u00f9 forte\u201d.<\/em><\/span><br \/>\n<span style=\"color: #000000;\">L\u2019orgoglio tricolore \u00e8 un sentimento condiviso anche da <strong>Daniele<\/strong> <strong>Garozzo<\/strong>, medaglia d&#8217;Oro ai Giochi olimpici di Rio 2016 nel fioretto individuale: <em>\u201cLa divisa della Guardia di Finanza mi ha permesso di realizzare i miei sogni. Vestire la maglia azzurra \u00e8 un privilegio, ma allo stesso tempo anche una responsabilit\u00e0 perch\u00e9 rappresentare il nostro Paese vuol dire non solo dare il meglio di noi stessi per vincere ma anche essere di esempio\u201d.<\/em><\/span><br \/>\n<span style=\"color: #000000;\">Il generale <strong>Vincenzo<\/strong> <strong>Parrinello<\/strong>, oltre a ricordare gli importanti risultati raggiunti dai gruppi sportivi militari delle Fiamme Gialle, ha sottolineato le diverse iniziative sociali e di solidariet\u00e0 promosse tra cui \u201cWE RUN TOGETHER \u2013 Supporting our Team\u201d l\u2019asta di beneficenza promossa da Athletica Vaticana, gruppo sportivo Fiamme Gialle della Guardia di Finanza, \u201cCortile dei Gentili\u201d e Fidal-Lazio: <em>\u201cLo sport \u00e8 un grande mezzo per aiutare il prossimo. Come ha detto Papa Francesco abbiamo deciso di correre con il cuore, anzich\u00e9 con le gambe. Sono veramente grato ai nostri sportivi che hanno aderito all\u2019iniziativa mettendo a disposizione i loro oggetti preziosi per l\u2019asta. Un\u2019iniziativa per contribuire concretamente all\u2019attuale emergenza sanitaria a sostegno di due ospedali che si sono particolarmente distinti nella gestione della pandemia da Covid-19, il Papa Giovanni XXIII di Bergamo e la Fondazione Poliambulanza di Brescia\u201d.<\/em><\/span><br \/>\n<span style=\"color: #000000;\">Riferendosi alle parole pronunciate dal Pontefice nell\u2019udienza con i gialloverdi in maggio <em>\u201cVi invito a correre, insieme, la corsa della vita\u201d<\/em>, <strong>Tortu<\/strong> spera che la sua possa essere quella olimpica di Tokyo nel 2021. Intanto il velocista azzurro e tifoso bianconero amareggiato, ha preferito non commentare la recente sconfitta della Juventus in finale di Coppa Italia. Ma a proposito di calcio, l\u2019ultima puntata di #SFactor, gioved\u00ec 25 giugno alle ore 18:30, avr\u00e0 ospite il presidente della FIGC <strong>Gabriele<\/strong> <strong>Gravina<\/strong> insieme al presidente nazionale CSI <strong>Vittorio<\/strong> <strong>Bosio<\/strong>.\u00a0<\/span><\/td>\n<\/tr>\n<\/tbody>\n<\/table>\n<\/td>\n<\/tr>\n<\/tbody>\n<\/table>\n<p>&nbsp;<\/p>\n","protected":false},"excerpt":{"rendered":"<p>Il campione azzurro delle Fiamme Gialle \u00e8 intervenuto nel social format del CSI: \u201cSono orgoglioso di rappresentare l\u2019Italia e la Guardia di Finanza. Per me \u00e8 una marcia in pi\u00f9 ed una motivazione importante per correre forte\u201d. La corsa della vita? Lo sprinter spera sia quella di Tokyo 2021. Con lui anche il fiorettista d\u2019oro [&hellip;]<\/p>\n","protected":false},"author":1,"featured_media":0,"comment_status":"closed","ping_status":"closed","sticky":false,"template":"","format":"standard","meta":{"_jetpack_memberships_contains_paid_content":false,"footnotes":""},"categories":[4,6],"tags":[],"class_list":["post-3964","post","type-post","status-publish","format-standard","hentry","category-comunicati-stampa","category-notizie"],"jetpack_featured_media_url":"","jetpack_sharing_enabled":true,"_links":{"self":[{"href":"https:\/\/www.podistipercaso.it\/home\/wp-json\/wp\/v2\/posts\/3964","targetHints":{"allow":["GET"]}}],"collection":[{"href":"https:\/\/www.podistipercaso.it\/home\/wp-json\/wp\/v2\/posts"}],"about":[{"href":"https:\/\/www.podistipercaso.it\/home\/wp-json\/wp\/v2\/types\/post"}],"author":[{"embeddable":true,"href":"https:\/\/www.podistipercaso.it\/home\/wp-json\/wp\/v2\/users\/1"}],"replies":[{"embeddable":true,"href":"https:\/\/www.podistipercaso.it\/home\/wp-json\/wp\/v2\/comments?post=3964"}],"version-history":[{"count":1,"href":"https:\/\/www.podistipercaso.it\/home\/wp-json\/wp\/v2\/posts\/3964\/revisions"}],"predecessor-version":[{"id":3965,"href":"https:\/\/www.podistipercaso.it\/home\/wp-json\/wp\/v2\/posts\/3964\/revisions\/3965"}],"wp:attachment":[{"href":"https:\/\/www.podistipercaso.it\/home\/wp-json\/wp\/v2\/media?parent=3964"}],"wp:term":[{"taxonomy":"category","embeddable":true,"href":"https:\/\/www.podistipercaso.it\/home\/wp-json\/wp\/v2\/categories?post=3964"},{"taxonomy":"post_tag","embeddable":true,"href":"https:\/\/www.podistipercaso.it\/home\/wp-json\/wp\/v2\/tags?post=3964"}],"curies":[{"name":"wp","href":"https:\/\/api.w.org\/{rel}","templated":true}]}}