{"id":3954,"date":"2020-05-28T09:41:45","date_gmt":"2020-05-28T07:41:45","guid":{"rendered":"http:\/\/www.podistipercaso.it\/home\/?p=3954"},"modified":"2020-05-28T09:41:45","modified_gmt":"2020-05-28T07:41:45","slug":"giomi-golden-gala-ai-marmi-sara-una-festa","status":"publish","type":"post","link":"https:\/\/www.podistipercaso.it\/home\/giomi-golden-gala-ai-marmi-sara-una-festa\/","title":{"rendered":"Giomi: &#8221;Golden Gala ai Marmi, sar\u00e0 una festa&#8221;"},"content":{"rendered":"<p><span style=\"color: #000000; text-align: justify;\">L\u2019intervista del presidente FIDAL ad Atletica TV: \u201cIl 17 settembre a Roma un must per gli azzurri, contiamo di farlo a porte aperte. Dal 15 giugno test di allenamento controllato, da luglio le gare vere\u201d<\/span><\/p>\n<p style=\"text-align: justify;\"><span style=\"color: #000000;\">Puntata speciale del talk di\u00a0<strong>Atletica TV<\/strong>\u00a0con il presidente FIDAL Alfio\u00a0<strong>Giomi<\/strong>. Il primo pensiero \u00e8 per la lunga giornata del Consiglio federale che ha segnato il timing della ripartenza: \u201c\u00c8 stata una riunione particolarmente complessa. Abbiamo praticamente riscritto le norme dell\u2019Atletica Italiana per il 2020, ricostruendo un percorso che possa portare sia le societ\u00e0 sia i nostri atleti a dare un senso a una stagione che rischiava di non averne pi\u00f9\u201d. L\u2019altro tema, su cui il presidente federale ha risposto a lungo alle domande di Andrea\u00a0<strong>Buongiovanni<\/strong>\u00a0(Gazzetta dello Sport), Franco\u00a0<strong>Fava<\/strong>\u00a0(Corriere dello Sport), Enrico\u00a0<strong>Sisti<\/strong>\u00a0(Repubblica) e Giulia\u00a0<strong>Zonca<\/strong>\u00a0(La Stampa), \u00e8 la grande novit\u00e0 del\u00a0<strong>Golden Gala Pietro Mennea<\/strong>\u00a0nello scenario affascinante dello\u00a0<strong>Stadio dei Marmi<\/strong>\u00a0di\u00a0<strong>Roma<\/strong>, gioved\u00ec 17 settembre.<\/span><\/p>\n<p><span style=\"color: #000000;\">\u201cDa domani partiranno le iniziative che servono perch\u00e9 diventi un vero evento &#8211; le parole del numero 1 FIDAL &#8211; Stiamo ragionando su una fascia oraria compresa tra le 18.15 e le 20.15, contiamo che abbia una collocazione importante anche nel palinsesto Rai. E questa edizione pu\u00f2 diventare un must per gli atleti italiani: s\u00ec, sar\u00e0 il Golden Gala degli azzurri, la loro vetrina migliore, ma non \u00e8 detto che non possano esserci protagonisti dall\u2019estero\u201d. Nel pieno rispetto di ogni normativa sul distanziamento, l\u2019auspicio \u00e8 che la tappa italiana della Wanda Diamond League possa andare in scena con il pubblico sulle tribune: \u201cNon pensiamo a porte chiuse, ma a porte\u00a0\u2018pi\u00f9 che aperte\u2019 &#8211; continua il presidente Giomi &#8211; \u00e8 un progetto ambizioso, vogliamo che sia una festa, peraltro nelle immediate vicinanze del Mennea Day del 12 settembre. La sinergia con Sport e Salute \u00e8 fortissima e il Golden Gala 2020 pu\u00f2 davvero diventare il momento del rilancio dell\u2019attivit\u00e0 sportiva a tutto tondo\u201d.<\/span><\/p>\n<p style=\"text-align: justify;\"><span style=\"color: #000000;\">Dialogando con i giornalisti, moderati dal direttore della comunicazione FIDAL Marco Sicari, il presidente federale ha anche riassunto i principali provvedimenti assunti dal Consiglio federale e dal Comitato nazionale nella riunione odierna, in particolare sul sostegno alle societ\u00e0 (\u201cun piano complessivo di grandissime dimensioni di cui abbiamo definito cifre e indirizzi\u201d) e ha dettato i tempi del nuovo inizio per l\u2019attivit\u00e0 agonistica: \u201cA partire dal 15 giugno &#8211; spiega &#8211; con le stesse norme per l\u2019accesso ai campi cominceremo test di allenamento controllato: \u00e8 un passaggio tra l\u2019allenamento e la gara, con tempi e misure. Poi dal mese di luglio speriamo di poter iniziare a far gare vere e proprie, con tanto di giudici, pur sempre a porte chiuse. \u00c8 un percorso in progressione, che dovr\u00e0 andare di pari passo con le decisioni del Governo. Noi siamo pronti\u201d.<\/span><\/p>\n<p><strong>Fonte: Fidal<\/strong><\/p>\n","protected":false},"excerpt":{"rendered":"<p>L\u2019intervista del presidente FIDAL ad Atletica TV: \u201cIl 17 settembre a Roma un must per gli azzurri, contiamo di farlo a porte aperte. Dal 15 giugno test di allenamento controllato, da luglio le gare vere\u201d Puntata speciale del talk di\u00a0Atletica TV\u00a0con il presidente FIDAL Alfio\u00a0Giomi. Il primo pensiero \u00e8 per la lunga giornata del Consiglio [&hellip;]<\/p>\n","protected":false},"author":1,"featured_media":1040,"comment_status":"closed","ping_status":"closed","sticky":false,"template":"","format":"standard","meta":{"_jetpack_memberships_contains_paid_content":false,"footnotes":""},"categories":[6],"tags":[],"class_list":["post-3954","post","type-post","status-publish","format-standard","has-post-thumbnail","hentry","category-notizie"],"jetpack_featured_media_url":"https:\/\/www.podistipercaso.it\/home\/wp-content\/uploads\/2016\/03\/phpthumb5_png.jpg","jetpack_sharing_enabled":true,"_links":{"self":[{"href":"https:\/\/www.podistipercaso.it\/home\/wp-json\/wp\/v2\/posts\/3954","targetHints":{"allow":["GET"]}}],"collection":[{"href":"https:\/\/www.podistipercaso.it\/home\/wp-json\/wp\/v2\/posts"}],"about":[{"href":"https:\/\/www.podistipercaso.it\/home\/wp-json\/wp\/v2\/types\/post"}],"author":[{"embeddable":true,"href":"https:\/\/www.podistipercaso.it\/home\/wp-json\/wp\/v2\/users\/1"}],"replies":[{"embeddable":true,"href":"https:\/\/www.podistipercaso.it\/home\/wp-json\/wp\/v2\/comments?post=3954"}],"version-history":[{"count":1,"href":"https:\/\/www.podistipercaso.it\/home\/wp-json\/wp\/v2\/posts\/3954\/revisions"}],"predecessor-version":[{"id":3955,"href":"https:\/\/www.podistipercaso.it\/home\/wp-json\/wp\/v2\/posts\/3954\/revisions\/3955"}],"wp:featuredmedia":[{"embeddable":true,"href":"https:\/\/www.podistipercaso.it\/home\/wp-json\/wp\/v2\/media\/1040"}],"wp:attachment":[{"href":"https:\/\/www.podistipercaso.it\/home\/wp-json\/wp\/v2\/media?parent=3954"}],"wp:term":[{"taxonomy":"category","embeddable":true,"href":"https:\/\/www.podistipercaso.it\/home\/wp-json\/wp\/v2\/categories?post=3954"},{"taxonomy":"post_tag","embeddable":true,"href":"https:\/\/www.podistipercaso.it\/home\/wp-json\/wp\/v2\/tags?post=3954"}],"curies":[{"name":"wp","href":"https:\/\/api.w.org\/{rel}","templated":true}]}}