{"id":3952,"date":"2020-05-28T09:32:03","date_gmt":"2020-05-28T07:32:03","guid":{"rendered":"http:\/\/www.podistipercaso.it\/home\/?p=3952"},"modified":"2020-05-28T09:34:07","modified_gmt":"2020-05-28T07:34:07","slug":"latletica-riparte-le-decisioni-del-consiglio","status":"publish","type":"post","link":"https:\/\/www.podistipercaso.it\/home\/latletica-riparte-le-decisioni-del-consiglio\/","title":{"rendered":"L\u2019atletica riparte: le decisioni del Consiglio"},"content":{"rendered":"<p><span style=\"color: #000000;\">Varato il nuovo calendario 2020: le date dei meeting. Campionati italiani, ecco le specialit\u00e0 tra Padova e Modena. Fondi in arrivo per le societ\u00e0. Golden Gala allo Stadio dei Marmi di Roma<\/span><\/p>\n<p><span style=\"color: #000000;\">Si \u00e8 riunito oggi in videoconferenza il Consiglio federale, insieme ai presidenti dei Comitati Regionali, per discutere e deliberare sui numerosi e complessi provvedimenti dedicati alla ripartenza dell\u2019attivit\u00e0, al sostegno delle societ\u00e0 affiliate e al nuovo calendario della stagione agonistica. La riunione \u00e8 stata anche l\u2019occasione per dare il bentornato al Segretario Generale Fabio Pagliara. Ad aprire i lavori \u00e8 stato il presidente FIDAL Alfio Giomi che ha ufficializzato la nuova sede del Golden Gala Pietro Mennea per il 2020: la tappa romana della Wanda Diamond League, in programma gioved\u00ec 17 settembre, si terr\u00e0 nella suggestiva cornice dello Stadio dei Marmi di Roma, con il decisivo supporto organizzativo di Sport e Salute. \u201cL\u2019edizione 2020 del Golden Gala potr\u00e0 diventare una vera e propria immagine di ripartenza per tutto lo sport italiano \u2013 le parole del presidente federale \u2013 ma in questo momento voglio anche ringraziare pubblicamente la Regione Campania e il Comune di Napoli per il supporto che ci hanno garantito nel progetto che avrebbe dovuto portare l\u2019edizione di quest\u2019anno al San Paolo di Napoli\u201d.<\/span><\/p>\n<p>&nbsp;<\/p>\n<p><span style=\"color: #000000;\">Giomi \u00e8 poi entrato nel merito dei temi del Consiglio: \u201cDa subito abbiamo cercato di immaginare come uscire da questo momento durissimo, e da sempre abbiamo lavorato nell\u2019ottica di essere pronti per ripartire: stiamo facendo di tutto per tenere in piedi l\u2019attivit\u00e0 nonostante l\u2019emergenza Covid-19, affrontando un muro di difficolt\u00e0. Oggi inauguriamo una nuova fase con un timing chiaro. Portiamo a termine qualcosa di imponente, che mai si era fatto prima, e lo facciamo con un pieno spirito di collaborazione con i Comitati Regionali\u201d. \u00c8 intervenuto in apertura anche il Direttore tecnico Antonio La Torre per sottolineare il massiccio lavoro svolto dalla struttura tecnica con la piattaforma AtleticaViva Online che ha ospitato oltre 100 tutorial degli atleti azzurri e 60 webinar nazionali con 7500 presenze.<\/span><\/p>\n<p>&nbsp;<\/p>\n<p><span style=\"color: #000000;\"><strong>SOCIET\u00c0: PRIMI FONDI SUBITO \u2013<\/strong>\u00a0Uno dei temi principali all\u2019ordine del giorno era quello relativo al piano di interventi a favore delle societ\u00e0, per le quali si \u00e8 disposto una sorta di doppio binario: definire, da un lato, i criteri di distribuzione per assegnare i fondi gi\u00e0 previsti nel bilancio di previsione 2020 (che ammontano a 1.238.000 Euro), e tracciare, dall\u2019altro, la strada su come assegnare le nuove risorse che saranno a disposizione. Risorse frutto sia di economie sul documento di previsione attuale, sia di utilizzo del risultato consolidato dell\u2019esercizio 2019. Nello specifico, per quanto riguarda la quota gi\u00e0 stanziata: per il Progetto Qualit\u00e0 e Continuit\u00e0 (oltre 320mila euro) saranno confermate le classifiche 2019, con il 50% dei fondi che verr\u00e0 distribuito subito; ulteriori 500mila euro saranno ripartiti alle societ\u00e0 sulla base dei primi 24 classificati tra gli allievi e gli juniores, i primi 12 tra le promesse, i primi 16 tra gli assoluti, nei rispettivi campionati italiani, e alle prime 36 societ\u00e0 classificate ai campionati italiani a squadre. Tra gli altri provvedimenti che concorreranno al monte risorse in favore delle associazioni sportive, va segnalato che rimarr\u00e0 a disposizione dei Comitati Regionali, per interventi sul territorio, il 50% dell\u2019avanzo di amministrazione 2019, e il 100% di quello del 2020, e la gi\u00e0 annunciata estensione a tutto il 2021 della validit\u00e0 dei tesseramenti per le categorie promozionali (Esordienti, Ragazzi, Cadetti) sottoscritti per il 2020.\u00a0<\/span><\/p>\n<p>&nbsp;<\/p>\n<p><span style=\"color: #000000;\"><strong>VARIAZIONE DI BILANCIO &#8211;<\/strong>\u00a0Il Consiglio federale ha dato il via libera alla seconda nota di variazione al Bilancio preventivo 2020, pari a 2.241.742 euro tra minori costi e minori ricavi, frutto di un lungo e dettagliato lavoro dei consiglieri Sabrina Fraccaroli e Matteo De Sensi con il supporto degli uffici federali. \u201cUn\u2019operazione che ha l\u2019obiettivo di mettere in sicurezza il bilancio federale, interessando 85 voci di costo &#8211; le parole del presidente Giomi &#8211; ma senza prevedere alcun taglio per le societ\u00e0: \u00e8 segno di grande attenzione e rispetto per i nostri associati\u201d.<\/span><\/p>\n<p>&nbsp;<\/p>\n<p><span style=\"color: #000000;\"><strong>CAMPIONATI ITALIANI INDIVIDUALI E DI SQUADRA SU PISTA &#8211;<\/strong>\u00a0Il Consiglio federale, deliberando anche il prolungamento della sospensione dell\u2019attivit\u00e0 agonistica fino al 14 giugno 2020, in osservanza del DPCM del 17 maggio 2020, ha confermato lo schema di calendario 2020 che era stato proposto dal gruppo di lavoro su Regolamenti e Calendario coordinato dal presidente federale Alfio Giomi, e composto dal vicepresidente vicario Vincenzo Parrinello, dai consiglieri Oscar Campari ed Elio De Anna, supportati nel compito dalla Direzione tecnica e dall\u2019Area Organizzazione. Queste le date e le sedi:<\/span><\/p>\n<p>&nbsp;<\/p>\n<p><span style=\"color: #000000;\">Campionati Individuali e di Squadra Assoluti (1^ prova) a\u00a0<strong>Padova<\/strong>: 28-29-30 agosto<\/span><\/p>\n<p><span style=\"color: #000000;\">Campionati Individuali e di Squadra &#8211; Festa dell\u2019Endurance (2^ prova) a\u00a0<strong>Modena<\/strong>: 17-18 o 24-25 ottobre<\/span><\/p>\n<p><span style=\"color: #000000;\">Campionati Individuali e di Squadra Allievi a\u00a0<strong>Rieti<\/strong>: 11-12-13 settembre<\/span><\/p>\n<p><span style=\"color: #000000;\">Campionati Juniores\/Promesse individuali e U23 a Squadre a\u00a0<strong>Grosseto<\/strong>: 18-19-20 settembre<\/span><\/p>\n<p><span style=\"color: #000000;\">Campionati Individuali Master ad\u00a0<strong>Arezzo<\/strong>: 9-10-11 ottobre\u00a0<\/span><\/p>\n<p>&nbsp;<\/p>\n<p><span style=\"color: #000000;\"><strong>MONTAGNA &#8211;<\/strong>\u00a0Definite anche le date per il recupero di alcuni eventi della corsa in montagna. I Campionati Assoluti e Master Lunghe Distanze a\u00a0<strong>Casto<\/strong>\u00a0(BS) sono in programma il 4 ottobre, seguendo richiesta di WMRA.<\/span><\/p>\n<p>&nbsp;<\/p>\n<p><span style=\"color: #000000;\"><strong>CALENDARIO MEETING NAZIONALI &#8211;<\/strong>\u00a0\u00c8 stato poi approvato il nuovo calendario, ancora in via di ultimazione, del Progetto Meeting 2020. Su questo tema, va ricordato che la Direzione Tecnica sta definendo ulteriori meeting nazionali e regionali in funzione della ripresa dell\u2019attivit\u00e0 da parte degli atleti top.\u00a0<\/span><\/p>\n<p><span style=\"color: #000000;\"><strong><br \/>\nSavona<\/strong>, 16 luglio<\/span><\/p>\n<p><span style=\"color: #000000;\"><strong>Castiglione della Pescaia<\/strong>\u00a0(GR), 25 luglio\u00a0<\/span><\/p>\n<p><span style=\"color: #000000;\"><strong>Trieste<\/strong>, 1 agosto\u00a0<\/span><\/p>\n<p><span style=\"color: #000000;\"><strong>Nembro<\/strong>\u00a0(BG), 5 agosto (attesa conferma entro primi di giugno)<\/span><\/p>\n<p><span style=\"color: #000000;\"><strong>Lignano<\/strong>\u00a0(UD) 18 agosto (attesa conferma entro primi di giugno)<\/span><\/p>\n<p><span style=\"color: #000000;\"><strong>Rovereto<\/strong>\u00a0(TN), 8 settembre\u00a0<\/span><\/p>\n<p><span style=\"color: #000000;\"><strong>Padova<\/strong>, 13 settembre<\/span><\/p>\n<p><span style=\"color: #000000;\"><strong>Conegliano<\/strong>\u00a0(TV), 27 settembre<\/span><\/p>\n<p><span style=\"color: #000000;\"><strong>Chiari<\/strong>\u00a0(BS), 27 settembre (meeting nazionale giovanile Cadetti\/Allievi)<\/span><\/p>\n<p>&nbsp;<\/p>\n<p><span style=\"color: #000000;\"><strong>ASSOLUTI, IL PROGRAMMA TECNICO &#8211;\u00a0<\/strong>Luce verde anche per il nuovo regolamento dei Campionati Italiani 2020. Possono partecipare agli Assoluti gli atleti italiani e gli atleti stranieri che hanno acquisito la qualifica di \u201citaliano equiparato\u201d, appartenenti alle categorie Seniores, Promesse, Juniores e Allievi, che nella corrente stagione agonistica (anche indoor) e in quella precedente (anche indoor) abbiano conseguito risultati tecnici uguali o migliori dei minimi A di partecipazione richiesti, da realizzare entro la settimana precedente lo svolgimento della manifestazione.<\/span><\/p>\n<p><span style=\"color: #000000;\">1^ Prova: CAMPIONATI ITALIANI INDIVIDUALI ASSOLUTI<\/span><\/p>\n<p><span style=\"color: #000000;\">UOMINI<\/span><\/p>\n<p><span style=\"color: #000000;\">\u00a0 \u00a0 Corse piane: 100-200-400-800<\/span><\/p>\n<p><span style=\"color: #000000;\">\u00a0 \u00a0 Corse ad ostacoli: 110-400<\/span><\/p>\n<p><span style=\"color: #000000;\">\u00a0 \u00a0 Salti: alto-asta-lungo-triplo<\/span><\/p>\n<p><span style=\"color: #000000;\">\u00a0 \u00a0 Lanci: peso-disco-martello-giavellotto<\/span><\/p>\n<p><span style=\"color: #000000;\">\u00a0 \u00a0 Staffetta: 4&#215;100<\/span><\/p>\n<p><span style=\"color: #000000;\">\u00a0 \u00a0 Prove Multiple: Decathlon<\/span><\/p>\n<p><span style=\"color: #000000;\">DONNE<\/span><\/p>\n<p><span style=\"color: #000000;\">\u00a0 \u00a0 Corse piane: 100-200-400-800<\/span><\/p>\n<p><span style=\"color: #000000;\">\u00a0 \u00a0 Corse ad ostacoli: 100-400<\/span><\/p>\n<p><span style=\"color: #000000;\">\u00a0 \u00a0 Salti: alto-asta-lungo-triplo<\/span><\/p>\n<p><span style=\"color: #000000;\">\u00a0 \u00a0 Lanci: peso-disco-martello-giavellotto<\/span><\/p>\n<p><span style=\"color: #000000;\">\u00a0 \u00a0 Staffetta: 4&#215;100<\/span><\/p>\n<p><span style=\"color: #000000;\">\u00a0 \u00a0 Prove Multiple: Eptathlon<\/span><\/p>\n<p><span style=\"color: #000000;\">2^ Prova: CAMPIONATO ITALIANO \u201cFESTA DELL\u2019ENDURANCE\u201d<\/span><\/p>\n<p><span style=\"color: #000000;\">UOMINI<\/span><\/p>\n<p><span style=\"color: #000000;\">\u00a0 \u00a0 Corse mezzofondo: 1500-5000-10.000<\/span><\/p>\n<p><span style=\"color: #000000;\">\u00a0 \u00a0 Corsa con siepi: 3000<\/span><\/p>\n<p><span style=\"color: #000000;\">\u00a0 \u00a0 Marcia: km 10 (Strada)<\/span><\/p>\n<p><span style=\"color: #000000;\">DONNE<\/span><\/p>\n<p><span style=\"color: #000000;\">\u00a0 \u00a0 Corse mezzofondo: 1500-5000-10.000<\/span><\/p>\n<p><span style=\"color: #000000;\">\u00a0 \u00a0 Corsa con siepi: 3000<\/span><\/p>\n<p><span style=\"color: #000000;\">\u00a0 \u00a0 Marcia: km 10 (Strada) (Trofeo Annarita Sidoti)<\/span><\/p>\n<p>&nbsp;<\/p>\n<p><span style=\"color: #000000;\">In merito alla staffetta 4&#215;400 si rimanda a ulteriori approfondimenti.<\/span><\/p>\n<p>&nbsp;<\/p>\n<p><span style=\"color: #000000;\"><strong>DELEGHE VICESEGRETARI &#8211;<\/strong>\u00a0Sono state delegate fino al 30 giugno 2020, e comunque fino alla revoca anche anticipata, che potr\u00e0 avvenire con comunicazione dello stesso Segretario Generale per cessazione dell\u2019impossibilit\u00e0 di seguire le funzioni delegate, al Vice-Segretario Maria Putzu le funzioni svolte dal Segretario Generale in materia di organi collegiali, carte federali, organi di giustizia, affari legali, progetto running, e al Vice-Segretario Marco Sicari le funzioni svolte dal Segretario Generale in materia di affari del personale, funzionamento, innovazione e digitalizzazione.<\/span><\/p>\n<p>&nbsp;<\/p>\n<p><span style=\"color: #000000;\"><strong>MASTER &#8211;<\/strong>\u00a0Tra le delibere, anche quella di proporre a EMA la candidatura di Grosseto a ospitare i Campionati Europei Master Non Stadia del 2022, avanzata dalla societ\u00e0 Asd Track and Field Master Grosseto.<\/span><\/p>\n<p>&nbsp;<\/p>\n<p><span style=\"color: #000000;\"><strong>Fonte: Fidal<\/strong><\/span><\/p>\n","protected":false},"excerpt":{"rendered":"<p>Varato il nuovo calendario 2020: le date dei meeting. Campionati italiani, ecco le specialit\u00e0 tra Padova e Modena. Fondi in arrivo per le societ\u00e0. Golden Gala allo Stadio dei Marmi di Roma Si \u00e8 riunito oggi in videoconferenza il Consiglio federale, insieme ai presidenti dei Comitati Regionali, per discutere e deliberare sui numerosi e complessi [&hellip;]<\/p>\n","protected":false},"author":1,"featured_media":3005,"comment_status":"closed","ping_status":"closed","sticky":false,"template":"","format":"standard","meta":{"_jetpack_memberships_contains_paid_content":false,"footnotes":""},"categories":[6],"tags":[],"class_list":["post-3952","post","type-post","status-publish","format-standard","has-post-thumbnail","hentry","category-notizie"],"jetpack_featured_media_url":"https:\/\/www.podistipercaso.it\/home\/wp-content\/uploads\/2018\/09\/40563201_10216814484657208_1594570161271078912_n.jpg","jetpack_sharing_enabled":true,"_links":{"self":[{"href":"https:\/\/www.podistipercaso.it\/home\/wp-json\/wp\/v2\/posts\/3952","targetHints":{"allow":["GET"]}}],"collection":[{"href":"https:\/\/www.podistipercaso.it\/home\/wp-json\/wp\/v2\/posts"}],"about":[{"href":"https:\/\/www.podistipercaso.it\/home\/wp-json\/wp\/v2\/types\/post"}],"author":[{"embeddable":true,"href":"https:\/\/www.podistipercaso.it\/home\/wp-json\/wp\/v2\/users\/1"}],"replies":[{"embeddable":true,"href":"https:\/\/www.podistipercaso.it\/home\/wp-json\/wp\/v2\/comments?post=3952"}],"version-history":[{"count":1,"href":"https:\/\/www.podistipercaso.it\/home\/wp-json\/wp\/v2\/posts\/3952\/revisions"}],"predecessor-version":[{"id":3953,"href":"https:\/\/www.podistipercaso.it\/home\/wp-json\/wp\/v2\/posts\/3952\/revisions\/3953"}],"wp:featuredmedia":[{"embeddable":true,"href":"https:\/\/www.podistipercaso.it\/home\/wp-json\/wp\/v2\/media\/3005"}],"wp:attachment":[{"href":"https:\/\/www.podistipercaso.it\/home\/wp-json\/wp\/v2\/media?parent=3952"}],"wp:term":[{"taxonomy":"category","embeddable":true,"href":"https:\/\/www.podistipercaso.it\/home\/wp-json\/wp\/v2\/categories?post=3952"},{"taxonomy":"post_tag","embeddable":true,"href":"https:\/\/www.podistipercaso.it\/home\/wp-json\/wp\/v2\/tags?post=3952"}],"curies":[{"name":"wp","href":"https:\/\/api.w.org\/{rel}","templated":true}]}}