{"id":3940,"date":"2020-03-28T12:45:13","date_gmt":"2020-03-28T11:45:13","guid":{"rendered":"http:\/\/www.podistipercaso.it\/home\/?p=3940"},"modified":"2020-03-28T12:45:13","modified_gmt":"2020-03-28T11:45:13","slug":"fino-al-31-maggio-stop-allattivita-agonistica","status":"publish","type":"post","link":"https:\/\/www.podistipercaso.it\/home\/fino-al-31-maggio-stop-allattivita-agonistica\/","title":{"rendered":"Fino al 31 maggio stop all&#8217;attivit\u00e0 agonistica."},"content":{"rendered":"<p><span style=\"color: #000000;\"><strong>Fino al 31 maggio stop all&#8217;attivit\u00e0 agonistica. Delineato un percorso graduale di ripresa: ecco l&#8217;ipotetico nuovo calendario dei campionati italiani. Interventi a sostegno delle societ\u00e0<\/strong><\/span><\/p>\n<p><span style=\"color: #000000;\">Il\u00a0<strong>Consiglio federale<\/strong>, riunito quest\u2019oggi in videoconferenza, ha affrontato la difficile situazione venutasi a creare con l\u2019insorgere ed il diffondersi nel Paese dell\u2019epidemia da Covid-19. \u201c\u00c8 probabilmente la riunione di Consiglio pi\u00f9 importante della mia vita \u2013 le parole d\u2019esordio del presidente federale, Alfio\u00a0<strong>Giomi<\/strong>\u00a0\u2013 perch\u00e9 la complessit\u00e0 del momento \u00e8 sotto gli occhi di tutti. Ma ribadisco quel che ho detto gi\u00e0 qualche giorno fa: noi ce la faremo. Abbiamo il dovere di immaginare il nostro movimento alla ripresa dell\u2019attivit\u00e0, e di fare il massimo per consentire alle societ\u00e0 sportive di tornare al proprio lavoro, quando sar\u00e0 possibile, nelle migliori condizioni\u201d.<span class=\"Apple-converted-space\">\u00a0<\/span><\/span><\/p>\n<p><span style=\"color: #000000;\">Dopo aver ascoltato la relazione del Direttore tecnico Antonio\u00a0<strong>La Torre<\/strong>\u00a0(<strong><a style=\"color: #000000;\" href=\"http:\/\/www.fidal.it\/..\/content\/La-Torre-Programmiamo-nonostante-lo-tsunami-\/126782\" target=\"_blank\" rel=\"noopener noreferrer\">di cui riferiamo in un servizio a parte<\/a><\/strong>), ed in considerazione delle perduranti difficolt\u00e0, il Consiglio ha deliberato la sospensione fino al 31 maggio (salvo diversa indicazione da parte del Governo) dell\u2019attivit\u00e0 agonistica su tutto il territorio nazionale.<span class=\"Apple-converted-space\">\u00a0<\/span><\/span><\/p>\n<p><span style=\"color: #000000;\"><strong>ROAD MAP &#8211;<\/strong>\u00a0Delineata, al contempo, anche una sorta di road map (di principi e date) per il riavvio della macchina dell\u2019atletica leggera.<span class=\"Apple-converted-space\">\u00a0<\/span><\/span><\/p>\n<p><span style=\"color: #000000;\">1) Nel momento in cui sar\u00e0 possibile riprendere la pratica, verr\u00e0 applicato un criterio di gradualit\u00e0, limitando lo svolgimento di manifestazioni alle aree provinciali e regionali, ed evitando comunque l\u2019organizzazione di eventi con grandi numeri.<span class=\"Apple-converted-space\">\u00a0<\/span><\/span><\/p>\n<p><span style=\"color: #000000;\">2) Nel caso in cui sia possibile riprendere in maniera graduale nel mese di giugno, e senza limitazioni nel mese di luglio, questo il calendario dei Campionati Italiani Individuali:<span class=\"Apple-converted-space\">\u00a0<\/span><\/span><\/p>\n<p><span style=\"color: #000000;\"><strong>17-19 luglio<\/strong>: Rieti, Campionati Italiani Allievi \u2013 Festa dell\u2019atletica giovanile (senza \u201cminimi\u201d di qualificazione)<\/span><br \/>\n<span style=\"color: #000000;\"><strong>25-26 luglio<\/strong>: La Spezia, Campionati Italiani Assoluti (ove confermato lo svolgimento dei Campionati Europei di Parigi)<\/span><br \/>\n<span style=\"color: #000000;\"><strong>18-19-20 settembre<\/strong>: Grosseto, Campionati Italiani Juniores e Promesse<\/span><br \/>\n<span style=\"color: #000000;\"><strong>3-4 ottobre<\/strong>: Campionati Italiani Individuali e per Regioni Cadetti<\/span><\/p>\n<p><span style=\"color: #000000;\">Ove non sia possibile ripartire a giugno, ma solo a luglio, rimarrebbero invariate le date dei Campionati Italiani Juniores e Promesse, e dei Campionati Italiani Individuali e per Regioni Cadetti, i Campionati Italiani Allievi verrebbero spostati all&#8217;11-13 settembre, e i Campionati Italiani Assoluti, ove venissero cancellati gli Europei di Parigi, sarebbero ricollocati in una data definita di concerto con gli organizzatori.<\/span><\/p>\n<p><span style=\"color: #000000;\">3) Le gare di corsa su strada rinviate, per le quali sia stata richiesta una calendarizzazione in altra data nel corso del 2020, potranno svolgersi solo attraverso una concertazione con le manifestazioni gi\u00e0 inserite in calendario.<\/span><\/p>\n<p><span style=\"color: #000000;\">4) Il resto dell\u2019attivit\u00e0, compresa quella del settore Master, verr\u00e0 definita alla luce di quando sar\u00e0 possibile la ripresa.<\/span><\/p>\n<p><span style=\"color: #000000;\"><strong>PER LE SOCIET\u00c0 &#8211;<\/strong>\u00a0Il Consiglio ha poi varato una serie di provvedimenti in favore delle societ\u00e0 sportive affiliate, cellule vitali del movimento:<span class=\"Apple-converted-space\"><br \/>\n<\/span>a) richiesta al Governo di interventi straordinari in loro favore, che verr\u00e0 trasmessa allo stesso entro la fine del mese;<span class=\"Apple-converted-space\"><br \/>\n<\/span>b) conferma, all\u2019interno del bilancio FIDAL 2020, dello stanziamento di 1.238.000 Euro a sostegno dell\u2019attivit\u00e0;<\/span><br \/>\n<span style=\"color: #000000;\">c) destinazione, ad incremento dello stesso stanziamento, di una somma pari al cinquanta per cento dell\u2019eventuale avanzo di amministrazione 2019 (risorse che saranno distribuite con criteri da stabilire);<span class=\"Apple-converted-space\"><br \/>\n<\/span>d) conferma degli interventi disposti, sul territorio, da parte dei Comitati Regionali;<span class=\"Apple-converted-space\"><br \/>\n<\/span>e) cancellazione di tutti gli interventi celebrativi gi\u00e0 programmati sul territorio, con destinazione delle relative risorse alle associazioni sportive.<span class=\"Apple-converted-space\">\u00a0<\/span><\/span><\/p>\n<p><span style=\"color: #000000;\"><strong>GRUPPI DI LAVORO &#8211;<\/strong>\u00a0Il Consiglio ha poi approvato una serie di gruppi di lavoro varati per affrontare le seguenti tematiche specifiche: 1) Regolamenti e calendario attivit\u00e0 in pista (consiglieri\u00a0<strong>Campari<\/strong>\u00a0e\u00a0<strong>De Anna<\/strong>); 2) Regolamenti e calendario attivit\u00e0 su strada (<strong>Montanari<\/strong>); 3) Regolamenti e Calendario attivit\u00e0 Master (<strong>Vaiani Lisi<\/strong>); Gruppi di lavoro da 1 a 3 coordinati dal vice presidente vicario Vincenzo\u00a0<strong>Parrinello<\/strong>; 4) Bilancio (<strong>De Sensi<\/strong>\u00a0e\u00a0<strong>Fraccaroli<\/strong>); 5) Programmazione tecnica giovanile (<strong>Nicolini<\/strong>\u00a0e\u00a0<strong>Calvesi<\/strong>); 6) Iniziative federali socio-culturali, raccolta fondi (<strong>Salis<\/strong>).<\/span><\/p>\n<p><span style=\"color: #000000;\"><strong>EUROPEI 2024 &#8211;<\/strong>\u00a0Il presidente federale Giomi ha informato il Consiglio che la European Athletics ha spostato alla data del 10 novembre la decisione sulla citt\u00e0 che ospiter\u00e0 i Campionati Europei 2024 (l\u2019Italia \u00e8 candidata con Roma). In conclusione di riunione, approvata la prima variazione di bilancio 2020 e l\u2019aggiornamento all\u2019elenco degli atleti AEC 2020.<\/span><\/p>\n<p>fonte: Fidal<\/p>\n","protected":false},"excerpt":{"rendered":"<p>Fino al 31 maggio stop all&#8217;attivit\u00e0 agonistica. Delineato un percorso graduale di ripresa: ecco l&#8217;ipotetico nuovo calendario dei campionati italiani. Interventi a sostegno delle societ\u00e0 Il\u00a0Consiglio federale, riunito quest\u2019oggi in videoconferenza, ha affrontato la difficile situazione venutasi a creare con l\u2019insorgere ed il diffondersi nel Paese dell\u2019epidemia da Covid-19. \u201c\u00c8 probabilmente la riunione di Consiglio [&hellip;]<\/p>\n","protected":false},"author":1,"featured_media":0,"comment_status":"closed","ping_status":"closed","sticky":false,"template":"","format":"standard","meta":{"_jetpack_memberships_contains_paid_content":false,"footnotes":""},"categories":[4],"tags":[],"class_list":["post-3940","post","type-post","status-publish","format-standard","hentry","category-comunicati-stampa"],"jetpack_featured_media_url":"","jetpack_sharing_enabled":true,"_links":{"self":[{"href":"https:\/\/www.podistipercaso.it\/home\/wp-json\/wp\/v2\/posts\/3940","targetHints":{"allow":["GET"]}}],"collection":[{"href":"https:\/\/www.podistipercaso.it\/home\/wp-json\/wp\/v2\/posts"}],"about":[{"href":"https:\/\/www.podistipercaso.it\/home\/wp-json\/wp\/v2\/types\/post"}],"author":[{"embeddable":true,"href":"https:\/\/www.podistipercaso.it\/home\/wp-json\/wp\/v2\/users\/1"}],"replies":[{"embeddable":true,"href":"https:\/\/www.podistipercaso.it\/home\/wp-json\/wp\/v2\/comments?post=3940"}],"version-history":[{"count":1,"href":"https:\/\/www.podistipercaso.it\/home\/wp-json\/wp\/v2\/posts\/3940\/revisions"}],"predecessor-version":[{"id":3941,"href":"https:\/\/www.podistipercaso.it\/home\/wp-json\/wp\/v2\/posts\/3940\/revisions\/3941"}],"wp:attachment":[{"href":"https:\/\/www.podistipercaso.it\/home\/wp-json\/wp\/v2\/media?parent=3940"}],"wp:term":[{"taxonomy":"category","embeddable":true,"href":"https:\/\/www.podistipercaso.it\/home\/wp-json\/wp\/v2\/categories?post=3940"},{"taxonomy":"post_tag","embeddable":true,"href":"https:\/\/www.podistipercaso.it\/home\/wp-json\/wp\/v2\/tags?post=3940"}],"curies":[{"name":"wp","href":"https:\/\/api.w.org\/{rel}","templated":true}]}}