{"id":3919,"date":"2020-03-05T15:03:51","date_gmt":"2020-03-05T14:03:51","guid":{"rendered":"http:\/\/www.podistipercaso.it\/home\/?p=3919"},"modified":"2020-03-05T15:03:51","modified_gmt":"2020-03-05T14:03:51","slug":"cancellata-lacea-run-rome-the-marathon-del-29-marzo","status":"publish","type":"post","link":"https:\/\/www.podistipercaso.it\/home\/cancellata-lacea-run-rome-the-marathon-del-29-marzo\/","title":{"rendered":"Cancellata l\u2019ACEA Run Rome The Marathon del 29 Marzo"},"content":{"rendered":"<div>\n<div>ROMA \u2013 Questo \u00e8 il messaggio che Acea Run Rome The Marathon non avrebbe mai voluto scrivere, ma purtroppo in conseguenza dell\u2019emergenza sanitaria in corso e in base a quanto stabilito nel Decreto del Consiglio dei Ministri del 4 marzo 2020,\u00a0<a href=\"https:\/\/siciliarunning.it\/wp-content\/uploads\/2020\/03\/6186d062-0a53-4f07-bb6a-eaca7b26978e.png\"><img loading=\"lazy\" decoding=\"async\" class=\"alignleft size-medium wp-image-75037\" src=\"https:\/\/siciliarunning.it\/wp-content\/uploads\/2020\/03\/6186d062-0a53-4f07-bb6a-eaca7b26978e-300x300.png\" sizes=\"auto, (max-width: 300px) 100vw, 300px\" srcset=\"https:\/\/siciliarunning.it\/wp-content\/uploads\/2020\/03\/6186d062-0a53-4f07-bb6a-eaca7b26978e-300x300.png 300w, https:\/\/siciliarunning.it\/wp-content\/uploads\/2020\/03\/6186d062-0a53-4f07-bb6a-eaca7b26978e-150x150.png 150w, https:\/\/siciliarunning.it\/wp-content\/uploads\/2020\/03\/6186d062-0a53-4f07-bb6a-eaca7b26978e-768x768.png 768w, https:\/\/siciliarunning.it\/wp-content\/uploads\/2020\/03\/6186d062-0a53-4f07-bb6a-eaca7b26978e-1024x1024.png 1024w, https:\/\/siciliarunning.it\/wp-content\/uploads\/2020\/03\/6186d062-0a53-4f07-bb6a-eaca7b26978e-200x200.png 200w, https:\/\/siciliarunning.it\/wp-content\/uploads\/2020\/03\/6186d062-0a53-4f07-bb6a-eaca7b26978e.png 1600w\" alt=\"\" width=\"300\" height=\"300\" \/><\/a><strong>.<\/strong><\/p>\n<p><strong>Acea Run Rome The Marathon<\/strong>\u00a0ha lavorato e investito tanto, l\u2019ha fatto con passione e professionalit\u00e0. Cambiando nome, logo e comunicazione, pensando ad una maratona e ad un villaggio tutto nuovo. Era stato preparato un grande percorso con musica e sorprese che siamo certi avrebbero fatto restare a bocca aperta i maratoneti provenienti da tutto il mondo.\n<\/div>\n<div><strong>Acea Run Rome The Marathon<\/strong>\u00a0\u00e8 stata insieme ai runner negli\u00a0<strong>allenamenti Get ready<\/strong>\u00a0che ha organizzato gratuitamente a Roma e in tante citt\u00e0 italiane, li ha incontrati e con loro ha riso e condiviso emozioni, progetti e soprattutto gli obiettivi del tempo da fare in gara. Sono stati fotografati, filmati e repostate le loro storie, i loro\u00a0 allenamenti e i loro traguardi per migliaia di volte.<\/div>\n<div>\n<strong>Acea Run Rome The Marathon ora congela questa esperienza<\/strong>, questa passione, questo desiderio. La salute \u00e8 l\u2019unico bene che non va MAI messo in pericolo, ma vuole fare una promessa:\u00a0<strong>raddoppier\u00e0 gli sforzi, l\u2019entusiasmo, il colore.<\/strong>\u00a0La citt\u00e0 eterna, le sue bellezze,\u00a0 la sua storia sono qui e saranno qui per l\u2019eternit\u00e0.<\/p>\n<p>L\u2019appuntamento \u00e8 per il 2021,\u00a0<strong>la quota di iscrizione sar\u00e0 spostata e garantita PER TUTTI<\/strong>\u00a0per il prossimo anno. Il sogno \u00e8 gi\u00e0 quello di incontrarsi cos\u00ec al traguardo di via dei Fori Imperiali nella strada percorsa dalle bighe e dagli antichi Romani. E, all\u2019 ombra del Colosseo, Acea Run Rome The Marathon metter\u00e0 al\u00a0<strong>collo dei maratoneti due medaglie<\/strong>: quella del 2020 simbolo della resistenza e perseveranza e quella del 2021 metafora della doppia vittoria.<\/p>\n<p>Acea Run Rome The Marathon ha in questi mesi effettuato importanti investimenti che hanno portato a grandi risultati e desidera ringraziare fin da ora tutto\u00a0<strong>il team lavorativo<\/strong>, composto da decine di persone, le\u00a0<strong>Istituzioni, gli sponsor e i RUNNER<\/strong>\u00a0di tutto il mondo che ci avevano scelto quale maratona da correre.<\/p>\n<p>Acea Run Rome The Marathon non si ferma, proprio come farebbero i maratoneti: forti, tenaci, ostinati e nulla potr\u00e0 fermare la nostra e la loro voglia di correre.<\/p>\n<p><em>Solo chi cade sa rialzarsi.<\/em><br \/>\n<em>E noi, non solo ci rialzeremo, ma Correremo.<\/em>\n<\/div>\n<\/div>\n<p>Ufficio Stampa<br \/>\nAcea Run Rome The Marathon<\/p>\n","protected":false},"excerpt":{"rendered":"<p>ROMA \u2013 Questo \u00e8 il messaggio che Acea Run Rome The Marathon non avrebbe mai voluto scrivere, ma purtroppo in conseguenza dell\u2019emergenza sanitaria in corso e in base a quanto stabilito nel Decreto del Consiglio dei Ministri del 4 marzo 2020,\u00a0. Acea Run Rome The Marathon\u00a0ha lavorato e investito tanto, l\u2019ha fatto con passione e [&hellip;]<\/p>\n","protected":false},"author":1,"featured_media":0,"comment_status":"closed","ping_status":"closed","sticky":false,"template":"","format":"standard","meta":{"_jetpack_memberships_contains_paid_content":false,"footnotes":""},"categories":[4],"tags":[],"class_list":["post-3919","post","type-post","status-publish","format-standard","hentry","category-comunicati-stampa"],"jetpack_featured_media_url":"","jetpack_sharing_enabled":true,"_links":{"self":[{"href":"https:\/\/www.podistipercaso.it\/home\/wp-json\/wp\/v2\/posts\/3919","targetHints":{"allow":["GET"]}}],"collection":[{"href":"https:\/\/www.podistipercaso.it\/home\/wp-json\/wp\/v2\/posts"}],"about":[{"href":"https:\/\/www.podistipercaso.it\/home\/wp-json\/wp\/v2\/types\/post"}],"author":[{"embeddable":true,"href":"https:\/\/www.podistipercaso.it\/home\/wp-json\/wp\/v2\/users\/1"}],"replies":[{"embeddable":true,"href":"https:\/\/www.podistipercaso.it\/home\/wp-json\/wp\/v2\/comments?post=3919"}],"version-history":[{"count":2,"href":"https:\/\/www.podistipercaso.it\/home\/wp-json\/wp\/v2\/posts\/3919\/revisions"}],"predecessor-version":[{"id":3922,"href":"https:\/\/www.podistipercaso.it\/home\/wp-json\/wp\/v2\/posts\/3919\/revisions\/3922"}],"wp:attachment":[{"href":"https:\/\/www.podistipercaso.it\/home\/wp-json\/wp\/v2\/media?parent=3919"}],"wp:term":[{"taxonomy":"category","embeddable":true,"href":"https:\/\/www.podistipercaso.it\/home\/wp-json\/wp\/v2\/categories?post=3919"},{"taxonomy":"post_tag","embeddable":true,"href":"https:\/\/www.podistipercaso.it\/home\/wp-json\/wp\/v2\/tags?post=3919"}],"curies":[{"name":"wp","href":"https:\/\/api.w.org\/{rel}","templated":true}]}}