{"id":3907,"date":"2020-02-25T10:18:54","date_gmt":"2020-02-25T09:18:54","guid":{"rendered":"http:\/\/www.podistipercaso.it\/home\/?p=3907"},"modified":"2020-02-25T10:18:54","modified_gmt":"2020-02-25T09:18:54","slug":"rinvio-della-17-mezza-maratona-della-concordia-il-comunicato-ufficiale","status":"publish","type":"post","link":"https:\/\/www.podistipercaso.it\/home\/rinvio-della-17-mezza-maratona-della-concordia-il-comunicato-ufficiale\/","title":{"rendered":"Rinvio della 17\u00b0 Mezza Maratona della Concordia: il comunicato ufficiale"},"content":{"rendered":"<h2 class=\"entry-sub-title\">La manifestazione, organizzata dal GS Valle dei Templi, verr\u00e0 recuperata in autunno. Nessun rimborso delle quote per chi non potr\u00e0 prendere parte. L&#8217;iscrizione non potr\u00e0 essere trasferita all&#8217;edizione del 2021. Tutti riceveranno ugualmente medaglia e maglia tecnica.<\/h2>\n<p>Il GS Valle dei Templi ottempera a quanto stabilito dal Sindaco del Comune di Agrigento con ordinanza n\u00b0 20 del 24\/02\/2020, misure urgenti in materia di contenimento e gestione dell\u2019emergenza epidemiologica da COVID-2019 per il territorio comunale di Agrigento, che ha sospeso tutte le manifestazioni in calendario fino alla data del 8\/03\/2020.<\/p>\n<p>Per tale motivo, la 17a mezza maratona della Concordia Citt\u00e0 di Agrigento in programma\u00a0 domenica 1 marzo 2020, \u00e8 stata rinviata ad altra data, che molto probabilmente sar\u00e0 individuata durante il periodo autunnale.<\/p>\n<p>Maggiori informazioni verranno rese note non appena si avr\u00e0 certezza sulla data disponibile. Alla luce di quanto sopra esposto, il\u00a0<strong>G.S. VALLE DEI TEMPLI AGRIGENTO COMUNICA<\/strong>\u00a0che tutte le iscrizioni pervenute alla data odierna saranno trasferite in automatico alla nuova data. Quanti non potranno prendere parte alla gara, ma regolarmente iscritti, potranno richiedere la t-shirt e la medaglia celebrativa inviando apposita richiesta (<strong>info@gsvalledeitempli.it<\/strong>) chiedendo, qualora non fosse possibile consegnare il materiale direttamente all\u2019interessato o a un suo delegato, la spedizione, con addebito al richiedente delle spese di spedizione. Come da regolamento non \u00e8 previsto il rimborso della\/e quota\/e d\u2019iscrizione.<\/p>\n<p>da comunicato societ\u00e0<\/p>\n<p><strong>In pillole:<\/strong>\u00a0Le iscrizioni fin qui pervenute (ricordiamo che a pochi giorni dalla chiusura delle stesse si era toccato quota 1400 iscritti) rimangono valide per la manifestazione che come gi\u00e0 annunciato dall\u2019organizzazione, verr\u00e0 recuperata in autunno. Non si potranno rimborsare le somme\u00a0 e\u00a0 non sar\u00e0 possibile spostare l\u2019iscrizione al 2021. Coloro che non potranno prendere parte alla gara, (ma si erano gi\u00e0 iscritti) potranno ricevere ugualmente medaglia da collezione e maglia ricordo.\u00a0 In buona sostanza tutti gli iscritti riceveranno ugualmente il pacco gara anche se non parteciperanno.<\/p>\n<p>fonte: www.siciliarunning.it<\/p>\n","protected":false},"excerpt":{"rendered":"<p>La manifestazione, organizzata dal GS Valle dei Templi, verr\u00e0 recuperata in autunno. Nessun rimborso delle quote per chi non potr\u00e0 prendere parte. L&#8217;iscrizione non potr\u00e0 essere trasferita all&#8217;edizione del 2021. Tutti riceveranno ugualmente medaglia e maglia tecnica. Il GS Valle dei Templi ottempera a quanto stabilito dal Sindaco del Comune di Agrigento con ordinanza n\u00b0 [&hellip;]<\/p>\n","protected":false},"author":1,"featured_media":0,"comment_status":"closed","ping_status":"closed","sticky":false,"template":"","format":"standard","meta":{"_jetpack_memberships_contains_paid_content":false,"footnotes":""},"categories":[4],"tags":[],"class_list":["post-3907","post","type-post","status-publish","format-standard","hentry","category-comunicati-stampa"],"jetpack_featured_media_url":"","jetpack_sharing_enabled":true,"_links":{"self":[{"href":"https:\/\/www.podistipercaso.it\/home\/wp-json\/wp\/v2\/posts\/3907","targetHints":{"allow":["GET"]}}],"collection":[{"href":"https:\/\/www.podistipercaso.it\/home\/wp-json\/wp\/v2\/posts"}],"about":[{"href":"https:\/\/www.podistipercaso.it\/home\/wp-json\/wp\/v2\/types\/post"}],"author":[{"embeddable":true,"href":"https:\/\/www.podistipercaso.it\/home\/wp-json\/wp\/v2\/users\/1"}],"replies":[{"embeddable":true,"href":"https:\/\/www.podistipercaso.it\/home\/wp-json\/wp\/v2\/comments?post=3907"}],"version-history":[{"count":1,"href":"https:\/\/www.podistipercaso.it\/home\/wp-json\/wp\/v2\/posts\/3907\/revisions"}],"predecessor-version":[{"id":3909,"href":"https:\/\/www.podistipercaso.it\/home\/wp-json\/wp\/v2\/posts\/3907\/revisions\/3909"}],"wp:attachment":[{"href":"https:\/\/www.podistipercaso.it\/home\/wp-json\/wp\/v2\/media?parent=3907"}],"wp:term":[{"taxonomy":"category","embeddable":true,"href":"https:\/\/www.podistipercaso.it\/home\/wp-json\/wp\/v2\/categories?post=3907"},{"taxonomy":"post_tag","embeddable":true,"href":"https:\/\/www.podistipercaso.it\/home\/wp-json\/wp\/v2\/tags?post=3907"}],"curies":[{"name":"wp","href":"https:\/\/api.w.org\/{rel}","templated":true}]}}