{"id":3879,"date":"2020-02-07T13:19:32","date_gmt":"2020-02-07T12:19:32","guid":{"rendered":"https:\/\/www.podistipercaso.it\/home\/archives\/3879"},"modified":"2020-02-07T20:26:25","modified_gmt":"2020-02-07T19:26:25","slug":"primo-mese-di-correre-ai-confini-che-si-sposta-in-puglia","status":"publish","type":"post","link":"https:\/\/www.podistipercaso.it\/home\/primo-mese-di-correre-ai-confini-che-si-sposta-in-puglia\/","title":{"rendered":"Primo mese di Correre ai Confini, che si sposta in Puglia."},"content":{"rendered":"<p class=\"s3\" style=\"margin-top: 0px; margin-bottom: 0px; line-height: 21.6px; caret-color: #000000; color: #000000; font-family: -webkit-standard; font-size: 18px; font-style: normal; font-variant-caps: normal; font-weight: normal; letter-spacing: normal; text-indent: 0px; text-transform: none; white-space: normal; word-spacing: 0px; -webkit-tap-highlight-color: rgba(26, 26, 26, 0.3); text-size-adjust: none; -webkit-text-stroke-width: 0px; text-decoration: none; text-align: left;\"><span class=\"s4\" style=\"line-height: 21.600000381469727px; font-weight: bold;\"><strong>Il primo mese della sfida atletica e umana di Luca Naso, astrofisico e atleta che dall\u20191 gennaio sta percorrendo i confini dell\u2019Italia tocca la Puglia per nuove sfide<\/strong><\/span><\/p>\n<p class=\"s5\" style=\"margin-top: 0px; margin-bottom: 0px; line-height: 21.600000381469727px; text-align: justify; caret-color: #000000; color: #000000; font-family: -webkit-standard; font-size: 18px; font-style: normal; font-variant-caps: normal; font-weight: normal; letter-spacing: normal; orphans: auto; text-indent: 0px; text-transform: none; white-space: normal; widows: auto; word-spacing: 0px; -webkit-tap-highlight-color: rgba(26, 26, 26, 0.301961); -webkit-text-size-adjust: none; -webkit-text-stroke-width: 0px; text-decoration: none;\"><span style=\"line-height: 21.600000381469727px;\">\u00a0<\/span><\/p>\n<p class=\"s5\" style=\"margin-top: 0px; margin-bottom: 0px; line-height: 21.600000381469727px; text-align: justify; caret-color: #000000; color: #000000; font-family: -webkit-standard; font-size: 18px; font-style: normal; font-variant-caps: normal; font-weight: normal; letter-spacing: normal; orphans: auto; text-indent: 0px; text-transform: none; white-space: normal; widows: auto; word-spacing: 0px; -webkit-tap-highlight-color: rgba(26, 26, 26, 0.301961); -webkit-text-size-adjust: none; -webkit-text-stroke-width: 0px; text-decoration: none;\"><span class=\"s6\" style=\"line-height: 21.600000381469727px; font-weight: bold; font-family: Dotum;\"><strong>luogo, 05 febbraio 2020-<\/strong><\/span><span class=\"s7\" style=\"line-height: 21.600000381469727px; font-family: Dotum;\"><span class=\"Apple-converted-space\">\u00a0<\/span><\/span><span class=\"s7\" style=\"line-height: 21.600000381469727px; font-family: Dotum;\">601 chilometri, 4<\/span><span class=\"s7\" style=\"line-height: 21.600000381469727px; font-family: Dotum;\">1 mila calorie<\/span><span class=\"s7\" style=\"line-height: 21.600000381469727px; font-family: Dotum;\">, circa 300 persone incontrate tra privati cittadini, associazioni e scuole:<\/span><span class=\"s7\" style=\"line-height: 21.600000381469727px; font-family: Dotum;\"><span class=\"Apple-converted-space\">\u00a0<\/span><\/span><span class=\"s6\" style=\"line-height: 21.600000381469727px; font-weight: bold; font-family: Dotum;\"><strong>Correre ai Confini \u00e8 una realt\u00e0<\/strong><\/span><span class=\"s7\" style=\"line-height: 21.600000381469727px; font-family: Dotum;\">. Luca Naso, dopo aver percorso il versante orientale della Sicilia e aver disegnato i confini ionici della Calabria e della Basilicata, \u00e8 arrivato in<\/span><span class=\"s7\" style=\"line-height: 21.600000381469727px; font-family: Dotum;\"><span class=\"Apple-converted-space\">\u00a0<\/span><\/span><span class=\"s6\" style=\"line-height: 21.600000381469727px; font-weight: bold; font-family: Dotum;\"><strong>Puglia<\/strong><\/span><span class=\"s7\" style=\"line-height: 21.600000381469727px; font-family: Dotum;\">, \u00a0<\/span><span class=\"s7\" style=\"line-height: 21.600000381469727px; font-family: Dotum;\">quarta<\/span><span class=\"s7\" style=\"line-height: 21.600000381469727px; font-family: Dotum;\"><span class=\"Apple-converted-space\">\u00a0<\/span><\/span><span class=\"s7\" style=\"line-height: 21.600000381469727px; font-family: Dotum;\">regione italiana del suo viaggio e che verr\u00e0 percorsa nelle prossime settimane.<\/span><\/p>\n<p class=\"s5\" style=\"margin-top: 0px; margin-bottom: 0px; line-height: 21.600000381469727px; text-align: justify; caret-color: #000000; color: #000000; font-family: -webkit-standard; font-size: 18px; font-style: normal; font-variant-caps: normal; font-weight: normal; letter-spacing: normal; orphans: auto; text-indent: 0px; text-transform: none; white-space: normal; widows: auto; word-spacing: 0px; -webkit-tap-highlight-color: rgba(26, 26, 26, 0.301961); -webkit-text-size-adjust: none; -webkit-text-stroke-width: 0px; text-decoration: none;\"><span class=\"s7\" style=\"line-height: 21.600000381469727px; font-family: Dotum;\">Un mese di gennaio all\u2019insegna dell\u2019energia e degli incontri: sono stati moltissimi a mettersi a disposizione di Luca per accoglienza, vitto, alloggio, o anche per correre delle tappe insieme a lui. A met\u00e0 mese, un piccolo infortunio (infiammazione) al tendine d\u2019Achille che ha fermato Luca per diversi giorno (attualmente in via di recupero), \u00e8 stato l\u2019occasione per sperimentare la forza della rete sociale che \u00e8 il cuore dello stesso progetto di Luca: oltre 8000 chilometri corsi con due tappe al giorno, per disegnare il perimetro d\u2019Italia, incontrare persone e tessere relazioni all\u2019insegna di una visione comune dedicata alle sfide e ai sogni.<\/span><\/p>\n<p class=\"s5\" style=\"margin-top: 0px; margin-bottom: 0px; line-height: 21.600000381469727px; text-align: justify; caret-color: #000000; color: #000000; font-family: -webkit-standard; font-size: 18px; font-style: normal; font-variant-caps: normal; font-weight: normal; letter-spacing: normal; orphans: auto; text-indent: 0px; text-transform: none; white-space: normal; widows: auto; word-spacing: 0px; -webkit-tap-highlight-color: rgba(26, 26, 26, 0.301961); -webkit-text-size-adjust: none; -webkit-text-stroke-width: 0px; text-decoration: none;\"><span class=\"s7\" style=\"line-height: 21.600000381469727px; font-family: Dotum;\">\u201cLa partenza mi sembra gi\u00e0 lontanissima- racconta Luca- eppure \u00e8 passato appena poco pi\u00f9 di un mese. Da un lato avevo addosso l\u2019emozione di un\u2019impresa incredibile, molto pi\u00f9 grande di me. Dall\u2019altro avevo un senso di orgoglio perch\u00e9, sebbene fosse il primo passo, era comunque il pi\u00f9 importante: quello che d\u00e0 inizio all\u2019impresa\u201d.<\/span><\/p>\n<p class=\"s5\" style=\"margin-top: 0px; margin-bottom: 0px; line-height: 21.600000381469727px; text-align: justify; caret-color: #000000; color: #000000; font-family: -webkit-standard; font-size: 18px; font-style: normal; font-variant-caps: normal; font-weight: normal; letter-spacing: normal; orphans: auto; text-indent: 0px; text-transform: none; white-space: normal; widows: auto; word-spacing: 0px; -webkit-tap-highlight-color: rgba(26, 26, 26, 0.301961); -webkit-text-size-adjust: none; -webkit-text-stroke-width: 0px; text-decoration: none;\"><span class=\"s7\" style=\"line-height: 21.600000381469727px; font-family: Dotum;\">Tanti i<\/span><span class=\"s7\" style=\"line-height: 21.600000381469727px; font-family: Dotum;\"><span class=\"Apple-converted-space\">\u00a0<\/span><\/span><span class=\"s6\" style=\"line-height: 21.600000381469727px; font-weight: bold; font-family: Dotum;\"><strong>momenti importanti di questo mese<\/strong><\/span><span class=\"s7\" style=\"line-height: 21.600000381469727px; font-family: Dotum;\">: la salita di Taormina e la prima prova davvero dura per le gambe di Luca; il traghetto verso la Calabria, lasciandosi la Sicilia alle spalle, sospeso tra nostalgia e energia; il saluto, temporaneo, alla moglie Yan; l\u2019infortunio di met\u00e0 mese, che lo ha costretto a cinque giorni di stop; gli incontri con tantissime associazioni sportive che hanno coccolato Luca durante tutto il percorso con grande entusiasmo.<\/span><\/p>\n<p class=\"s5\" style=\"margin-top: 0px; margin-bottom: 0px; line-height: 21.600000381469727px; text-align: justify; caret-color: #000000; color: #000000; font-family: -webkit-standard; font-size: 18px; font-style: normal; font-variant-caps: normal; font-weight: normal; letter-spacing: normal; orphans: auto; text-indent: 0px; text-transform: none; white-space: normal; widows: auto; word-spacing: 0px; -webkit-tap-highlight-color: rgba(26, 26, 26, 0.301961); -webkit-text-size-adjust: none; -webkit-text-stroke-width: 0px; text-decoration: none;\"><span class=\"s7\" style=\"line-height: 21.600000381469727px; font-family: Dotum;\">\u201cNonostante la mia preparazione fisica per questa impresa fosse stata parecchia, ogni giorno \u00e8 stata una scoperta dei limiti e delle possibilit\u00e0 del mio corpo. La parte pi\u00f9 incredibile, tuttavia, resta quella relazionale: quest\u2019Italia del<\/span><span class=\"s7\" style=\"line-height: 21.600000381469727px; font-family: Dotum;\"><span class=\"Apple-converted-space\">\u00a0<\/span><\/span><span class=\"s6\" style=\"line-height: 21.600000381469727px; font-weight: bold; font-family: Dotum;\"><strong>Sud<\/strong><\/span><span class=\"s7\" style=\"line-height: 21.600000381469727px; font-family: Dotum;\"><span class=\"Apple-converted-space\">\u00a0<\/span><\/span><span class=\"s7\" style=\"line-height: 21.600000381469727px; font-family: Dotum;\">che sto percorrendo mi racconta di<\/span><span class=\"s7\" style=\"line-height: 21.600000381469727px; font-family: Dotum;\"><span class=\"Apple-converted-space\">\u00a0<\/span><\/span><span class=\"s6\" style=\"line-height: 21.600000381469727px; font-weight: bold; font-family: Dotum;\"><strong>generosit\u00e0, apertura, accoglienza<\/strong><\/span><span class=\"s7\" style=\"line-height: 21.600000381469727px; font-family: Dotum;\">. In questi giorni ci sono state persone che mi hanno invitato a casa loro, a dormire a casa loro, che mi hanno fatto il bucato, che hanno cucinato per me; e poi che hanno cucinato dolci e crostate; che hanno preparato un&#8217;ammiraglia; che mi hanno donato delle targhe, delle scarpe; che mi hanno spedito del mangiare a casa! Ho incontrato scuole, associazioni, privati cittadini: ognuno mi ha affidato un pezzo di sogno per cui correre anche per loro. Per non parlare poi ovviamente di tutta la gente che ha corso insieme a me, che mi ha spinto a non mollare mai, e che ha condiviso con me i propri sogni. Questa \u00e8 la parte pi\u00f9 importante e quella che d\u00e0 senso alla mia impresa\u201d.<\/span><\/p>\n<p class=\"s5\" style=\"margin-top: 0px; margin-bottom: 0px; line-height: 21.600000381469727px; text-align: justify; caret-color: #000000; color: #000000; font-family: -webkit-standard; font-size: 18px; font-style: normal; font-variant-caps: normal; font-weight: normal; letter-spacing: normal; orphans: auto; text-indent: 0px; text-transform: none; white-space: normal; widows: auto; word-spacing: 0px; -webkit-tap-highlight-color: rgba(26, 26, 26, 0.301961); -webkit-text-size-adjust: none; -webkit-text-stroke-width: 0px; text-decoration: none;\"><span class=\"s7\" style=\"line-height: 21.600000381469727px; font-family: Dotum;\">Adesso davanti a Luca c\u2019\u00e8 la<\/span><span class=\"s7\" style=\"line-height: 21.600000381469727px; font-family: Dotum;\"><span class=\"Apple-converted-space\">\u00a0<\/span><\/span><span class=\"s6\" style=\"line-height: 21.600000381469727px; font-weight: bold; font-family: Dotum;\"><strong>Puglia<\/strong><\/span><span class=\"s7\" style=\"line-height: 21.600000381469727px; font-family: Dotum;\"><span class=\"Apple-converted-space\">\u00a0<\/span><\/span><span class=\"s7\" style=\"line-height: 21.600000381469727px; font-family: Dotum;\">e i suoi paesaggi mediterranei, che lascer\u00e0 intorno<\/span><span class=\"s7\" style=\"line-height: 21.600000381469727px; font-family: Dotum;\"><span class=\"Apple-converted-space\">\u00a0<\/span><\/span><span class=\"s7\" style=\"line-height: 21.600000381469727px; font-family: Dotum;\">a<\/span><span class=\"s7\" style=\"line-height: 21.600000381469727px; font-family: Dotum;\">i primi di marzo<\/span><span class=\"s7\" style=\"line-height: 21.600000381469727px; font-family: Dotum;\"><span class=\"Apple-converted-space\">\u00a0<\/span><\/span><span class=\"s7\" style=\"line-height: 21.600000381469727px; font-family: Dotum;\">per proseguire verso il nord. Ma questa \u00e8 un\u2019altra storia nuova e ve la racconteremo attraverso il sito, i social network e il prossimo comunicato di fine febbraio.<\/span><\/p>\n<p class=\"s9\" style=\"margin-top: 0px; margin-bottom: 0px; line-height: 21.600000381469727px; text-align: right; caret-color: #000000; color: #000000; font-family: -webkit-standard; font-size: 18px; font-style: normal; font-variant-caps: normal; font-weight: normal; letter-spacing: normal; orphans: auto; text-indent: 0px; text-transform: none; white-space: normal; widows: auto; word-spacing: 0px; -webkit-tap-highlight-color: rgba(26, 26, 26, 0.301961); -webkit-text-size-adjust: none; -webkit-text-stroke-width: 0px; text-decoration: none;\"><span class=\"s10\" style=\"line-height: 12px; font-style: italic; font-size: 10px; font-family: Dotum;\"><em>Partner di Correre ai confini per media e stampa<\/em><\/span><\/p>\n<p class=\"s9\" style=\"margin-top: 0px; margin-bottom: 0px; line-height: 21.600000381469727px; text-align: right; caret-color: #000000; color: #000000; font-family: -webkit-standard; font-size: 18px; font-style: normal; font-variant-caps: normal; font-weight: normal; letter-spacing: normal; orphans: auto; text-indent: 0px; text-transform: none; white-space: normal; widows: auto; word-spacing: 0px; -webkit-tap-highlight-color: rgba(26, 26, 26, 0.301961); -webkit-text-size-adjust: none; -webkit-text-stroke-width: 0px; text-decoration: none;\"><span class=\"s8\" style=\"line-height: 12px; font-size: 10px; font-family: Dotum;\">Santina Giannone | www.reputationlab.it<\/span><\/p>\n<p class=\"s9\" style=\"margin-top: 0px; margin-bottom: 0px; line-height: 21.600000381469727px; text-align: right; caret-color: #000000; color: #000000; font-family: -webkit-standard; font-size: 18px; font-style: normal; font-variant-caps: normal; font-weight: normal; letter-spacing: normal; orphans: auto; text-indent: 0px; text-transform: none; white-space: normal; widows: auto; word-spacing: 0px; -webkit-tap-highlight-color: rgba(26, 26, 26, 0.301961); -webkit-text-size-adjust: none; -webkit-text-stroke-width: 0px; text-decoration: none;\"><span class=\"s8\" style=\"line-height: 12px; font-size: 10px; font-family: Dotum;\">Mail: santina@reputationlab.it |Mobile: +39 339 7047770<\/span><\/p>\n","protected":false},"excerpt":{"rendered":"<p>Il primo mese della sfida atletica e umana di Luca Naso, astrofisico e atleta che dall\u20191 gennaio sta percorrendo i confini dell\u2019Italia tocca la Puglia per nuove sfide \u00a0 luogo, 05 febbraio 2020-\u00a0601 chilometri, 41 mila calorie, circa 300 persone incontrate tra privati cittadini, associazioni e scuole:\u00a0Correre ai Confini \u00e8 una realt\u00e0. Luca Naso, dopo [&hellip;]<\/p>\n","protected":false},"author":1,"featured_media":3884,"comment_status":"closed","ping_status":"closed","sticky":false,"template":"","format":"standard","meta":{"_jetpack_memberships_contains_paid_content":false,"footnotes":""},"categories":[6],"tags":[],"class_list":["post-3879","post","type-post","status-publish","format-standard","has-post-thumbnail","hentry","category-notizie"],"jetpack_featured_media_url":"https:\/\/www.podistipercaso.it\/home\/wp-content\/uploads\/2020\/02\/Luca_Naso-scaled.jpg","jetpack_sharing_enabled":true,"_links":{"self":[{"href":"https:\/\/www.podistipercaso.it\/home\/wp-json\/wp\/v2\/posts\/3879","targetHints":{"allow":["GET"]}}],"collection":[{"href":"https:\/\/www.podistipercaso.it\/home\/wp-json\/wp\/v2\/posts"}],"about":[{"href":"https:\/\/www.podistipercaso.it\/home\/wp-json\/wp\/v2\/types\/post"}],"author":[{"embeddable":true,"href":"https:\/\/www.podistipercaso.it\/home\/wp-json\/wp\/v2\/users\/1"}],"replies":[{"embeddable":true,"href":"https:\/\/www.podistipercaso.it\/home\/wp-json\/wp\/v2\/comments?post=3879"}],"version-history":[{"count":2,"href":"https:\/\/www.podistipercaso.it\/home\/wp-json\/wp\/v2\/posts\/3879\/revisions"}],"predecessor-version":[{"id":3885,"href":"https:\/\/www.podistipercaso.it\/home\/wp-json\/wp\/v2\/posts\/3879\/revisions\/3885"}],"wp:featuredmedia":[{"embeddable":true,"href":"https:\/\/www.podistipercaso.it\/home\/wp-json\/wp\/v2\/media\/3884"}],"wp:attachment":[{"href":"https:\/\/www.podistipercaso.it\/home\/wp-json\/wp\/v2\/media?parent=3879"}],"wp:term":[{"taxonomy":"category","embeddable":true,"href":"https:\/\/www.podistipercaso.it\/home\/wp-json\/wp\/v2\/categories?post=3879"},{"taxonomy":"post_tag","embeddable":true,"href":"https:\/\/www.podistipercaso.it\/home\/wp-json\/wp\/v2\/tags?post=3879"}],"curies":[{"name":"wp","href":"https:\/\/api.w.org\/{rel}","templated":true}]}}