{"id":3717,"date":"2019-09-19T11:08:40","date_gmt":"2019-09-19T09:08:40","guid":{"rendered":"http:\/\/www.podistipercaso.it\/home\/?p=3717"},"modified":"2019-09-19T11:11:39","modified_gmt":"2019-09-19T09:11:39","slug":"una-prima-volta-per-le-strade-di-roma-un-vescovo-corre-la-mezza-maratona-via-pacis","status":"publish","type":"post","link":"https:\/\/www.podistipercaso.it\/home\/una-prima-volta-per-le-strade-di-roma-un-vescovo-corre-la-mezza-maratona-via-pacis\/","title":{"rendered":"Una \u201cprima volta\u201d per le strade di Roma: un vescovo corre la mezza maratona \u201cVia Pacis\u201d"},"content":{"rendered":"<p style=\"text-align: justify;\"><span style=\"color: #000000;\"><em>\u00c8 il francese Jean-Paul Vesco, protagonista del dialogo con i musulmani in Algeria<\/em><\/span><\/p>\n<p style=\"text-align: justify;\"><span style=\"color: #000000;\"><em>Domenica 22 settembre correr\u00e0 con Athletica Vaticana<\/em><\/span><\/p>\n<p style=\"text-align: justify;\"><span style=\"color: #000000;\"><img loading=\"lazy\" decoding=\"async\" class=\"alignleft wp-image-3721 size-medium\" src=\"https:\/\/www.podistipercaso.it\/home\/wp-content\/uploads\/2019\/09\/Jean-Paul-Vesco-300x169.jpg\" alt=\"\" width=\"300\" height=\"169\" srcset=\"https:\/\/www.podistipercaso.it\/home\/wp-content\/uploads\/2019\/09\/Jean-Paul-Vesco-300x169.jpg 300w, https:\/\/www.podistipercaso.it\/home\/wp-content\/uploads\/2019\/09\/Jean-Paul-Vesco-768x432.jpg 768w, https:\/\/www.podistipercaso.it\/home\/wp-content\/uploads\/2019\/09\/Jean-Paul-Vesco.jpg 1008w\" sizes=\"auto, (max-width: 300px) 100vw, 300px\" \/>Una \u201cprima volta\u201d di grande significato alla <em>Rome Half Marathon Via Pacis<\/em>: al \u201cvia\u201d, domenica 22 settembre, ci sar\u00e0 anche un vescovo che correr\u00e0 i 21km nelle strade di Roma con oltre 7000 podisti, passando davanti ai principali luoghi di culto delle diverse religioni, sinagoga e moschea comprese. Monsignor Jean-Paul Vesco, francese, religioso domenicano, vescovo di Oran in Algeria, protagonista del dialogo aperto con il mondo musulmano, sar\u00f2 sulla linea di partenza, nel suggestivo scenario di via della Conciliazione, con la maglietta di Athletica Vaticana (la rappresentativa sportiva ufficiale della Santa Sede di cui fa parte).<\/span><\/p>\n<p style=\"text-align: justify;\"><span style=\"color: #000000;\">Monsignor Vesco correr\u00e0 la mezza maratona interreligiosa insieme a 30 podisti vaticani (altrettanti faranno la Run For Peace &#8211; la 5km \u201cnon competitiva\u201d &#8211; con i familiari in un clima di festa): guardie svizzere, gendarmi, rappresentanti dei diversi servizi della Santa Sede, prelati e anche suor Marie-Th\u00e9o, religiosa domenicana francese. In particolare, Athletica Vaticana accompagner\u00e0, con la cooperativa Auxilium, cento migranti accolti nel centro \u201cMondo Migliore\u201d a Rocca di Papa, gli ospiti della casa-famiglia \u201cEmilio Giaccone\u201d, gestita con il Comune di Roma per sostenere ragazzi e mamme che hanno conosciuti situazioni difficili, e anche alcuni giovani con disabilit\u00e0 intellettiva.<\/span><\/p>\n<p style=\"text-align: justify;\"><span style=\"color: #000000;\"><img loading=\"lazy\" decoding=\"async\" class=\"alignleft wp-image-3720 size-medium\" src=\"https:\/\/www.podistipercaso.it\/home\/wp-content\/uploads\/2019\/09\/Jean-Paul-Vesco-2-300x169.jpg\" alt=\"\" width=\"300\" height=\"169\" srcset=\"https:\/\/www.podistipercaso.it\/home\/wp-content\/uploads\/2019\/09\/Jean-Paul-Vesco-2-300x169.jpg 300w, https:\/\/www.podistipercaso.it\/home\/wp-content\/uploads\/2019\/09\/Jean-Paul-Vesco-2-768x432.jpg 768w, https:\/\/www.podistipercaso.it\/home\/wp-content\/uploads\/2019\/09\/Jean-Paul-Vesco-2.jpg 1008w\" sizes=\"auto, (max-width: 300px) 100vw, 300px\" \/>Al \u201cvia\u201d anche Sara Vargetto, atleta \u201conoraria\u201d della rappresentativa ufficiale della Santa Sede: con la sua sedia a rotelle ma soprattutto con il suo sorriso nonostante una grave malattia neurodegenerativa, la bambina (11 anni)\u00a0 \u00e8 divenuta un vero e proprio simbolo di uno stile di vita capace di superare ostacoli proprio attraverso lo sport. E sulla handbike, fornita generosamente da Alex Zanardi, far\u00e0 il suo esordio con i colori vaticani\u00a0 anche Gianluca Palazzi.<\/span><\/p>\n<p style=\"text-align: justify;\"><span style=\"color: #000000;\"><em>Un testo di monsignor Jean-Paul Vesco sulla sua esperienza di maratoneta: <\/em><\/span><\/p>\n<p style=\"text-align: justify;\"><span style=\"color: #000000;\"><strong>Chi corre prega due volte<\/strong><\/span><\/p>\n<p style=\"text-align: justify;\"><span style=\"color: #000000;\">JEAN-PAUL VESCO<\/span><\/p>\n<p style=\"text-align: justify;\"><span style=\"color: #000000;\">La corsa faceva parte della mia vita di studente all&#8217;Istituto Sainte-Marie nella mia citt\u00e0 natale\u00a0 Lione. Gli inverni erano scanditi dal \u201ccross country\u201d, proprio nell&#8217;ambito della scuola cattolica, e il resto dell&#8217;anno dalle gare di atletica su pista. Ho persino pensato a me stesso come aspirante campione, atleta professionista&#8230; Poi ho preso altre strade, prima come avvocato e poi come religioso domenicano.<\/span><\/p>\n<p style=\"text-align: justify;\"><span style=\"color: #000000;\">Ma da adulto la corsa\u00a0 ha fatto di nuovo irruzione nella mia vita: ho partecipato alla mezza maratona\u00a0 di Berlino e alle maratone di Lione, Parigi e New York dove, nel lontano 1989, ho ottenuto il mio record di 2h52&#8242;.<\/span><\/p>\n<p style=\"text-align: justify;\"><span style=\"color: #000000;\">Ho scoperto che la motivazione che ti spinge a correre una maratona non \u00e8 la competizione con gli altri ma \u00e8 l&#8217;ascolto di te stesso.<\/span><\/p>\n<p style=\"text-align: justify;\"><span style=\"color: #000000;\">Oggi &#8211; da vescovo in Algeria \u2013 rimane in me la libert\u00e0 di correre. La corsa \u00e8 libert\u00e0 perch\u00e9 trasforma qualsiasi percorso, anche urbano, in ampi spazi. Basta indossare le scarpe da runner perch\u00e9 l&#8217;universo interiore ed esteriore superi i propri limiti. Mi piacciono soprattutto gli ampi spazi della montagna, il deserto: li trovo ovunque non appena ho l&#8217;opportunit\u00e0 di correre.<\/span><\/p>\n<p style=\"text-align: justify;\"><span style=\"color: #000000;\">Sant&#8217;Agostino insegna che \u201ccantare \u00e8 pregare due volte\u201d. Non so cosa avrebbe detto sant&#8217;Agostino se fosse stato un runner&#8230; Ma la corsa \u00e8 per me \u201cun luogo\u201d di meditazione e di speciale disponibilit\u00e0 interiore. Ricordo di aver avvertito la forte consapevolezza della chiamata a seguire Dio in un momento in cui la mia vita era troppo rumorosa per sentirLo in qualsiasi altro posto oltre al ritmo della corsa nel deserto.<\/span><\/p>\n<p style=\"text-align: justify;\"><span style=\"color: #000000;\">Anche se ora non sono pi\u00f9 un atleta, quando posso e quando le mie articolazioni lo permettono mi piace correre e sono molto felice di appartenere alla rappresentativa podistica della Santa Sede, condividendone il senso. Trovo l&#8217;idea di Athletica Vaticana molto bella perch\u00e9 la proposta non \u00e8 solo quella di correre, di praticare un sport insieme, ma anche di dare una testimonianza molto concreta di dialogo, di amicizia, di speranza e di pace attraverso la corsa. Ed \u00e8 esattamente quello che rappresenta la <em>Via Pacis.<\/em><\/span><\/p>\n<p style=\"text-align: justify;\"><span style=\"color: #000000;\">Parteciper\u00f2 presto ad alcune gare a Oran, con la maglietta di Athletica Vaticana. E, se ne avr\u00f2 l&#8217;occasione, non mi tirer\u00f2 indietro dal partecipare anche a un evento sportivo in qualche altra parte del mondo. Anche se con me Athletica Vaticana non ha alcuna possibilit\u00e0 di salire sul podio, \u00e8 evidente che le \u201cmedaglie\u201d che interessano non sono di metalli preziosi.<\/span><\/p>\n<p style=\"text-align: justify;\"><span style=\"color: #000000;\">Ma l&#8217;Algeria ha un&#8217;altra appassionata e \u201ctifosa\u201d dello stile di Athletica Vaticana: una donna italiana, Anna Medeossi, che \u00e8 un vera campionessa ed \u00e8 dal 2016 in Algeria come volontaria della D\u00e9l\u00e9gation Catholique pour la Coop\u00e9ration\u00a0 Ha anche corso il campionato\u00a0 nazionale di cross con i colori del suo club di Oran.\u00a0 Proprio attraverso la corsa, Anna sta tessendo relazioni improbabili, &#8220;fuori dalle mura&#8221; della Chiesa. E&#8217; un grande messaggio che una donna straniera e cristiana sia accolta a braccia aperte dagli sportivi algerini.<\/span><\/p>\n<p style=\"text-align: justify;\"><span style=\"color: #000000;\">Non nascondo un&#8217;idea che mi affascina: nel 2021 i Giochi del Mediterraneo &#8211; nati per comunicare, attraverso lo sport, un messaggio di pace e di dialogo tra\u00a0 religioni e culture diverse &#8211;\u00a0 si terranno proprio a Oran. Sarebbe bello che a quell&#8217;edizione ci fosse anche la partecipazione della rappresentativa della Santa Sede e sono certo che gli atleti vaticani saranno accolti con gioia da tutto il popolo algerino.<\/span><\/p>\n<p style=\"text-align: justify;\"><span style=\"color: #000000;\"><strong>Note biografiche<\/strong><\/span><\/p>\n<p style=\"text-align: justify;\"><span style=\"color: #000000;\"><u>Jean-Paul Vesco<\/u><em> \u2013 <\/em>\u00c8 nato a Lione, in Francia, il 10 marzo 1962. Dopo aver svolto a Parigi la professione di avvocato, \u00e8 entrato nell&#8217;ordine domenicano, facendo la professione religiosa il 14 settembre 1996. \u00c8 stato ordinato sacerdote il 24 giugno 2001. Dopo gli studi all&#8217;\u00c9cole Biblique di Gerusalemme, si \u00e8 trasferito in Algeria, a Tlemcen nella diocesi di Oran, dove ha cercato di rifondare la presenza domenicana sei anni dopo l&#8217;assassinio di monsignor Pierre Claverie, vescovo di Oran, avvenuto il 1\u00b0 agosto 1996. Nel ricordo anche dei sette monaci trappisti uccisi nella notte tra il 26 e il 27 marzo di quello stesso anno.\u00a0 Nominato vescovo di Oran il 1\u00b0 dicembre 2012, ha ricevuto l&#8217;ordinazione episcopale il 25 gennaio 2013. \u201cJe veux vivre et donner envie de vivre\u201d (\u201cVoglio vivere e farti desiderare di vivere\u201d) \u00e8 il motto che ha scelto come vescovo.<\/span><\/p>\n","protected":false},"excerpt":{"rendered":"<p>\u00c8 il francese Jean-Paul Vesco, protagonista del dialogo con i musulmani in Algeria Domenica 22 settembre correr\u00e0 con Athletica Vaticana Una \u201cprima volta\u201d di grande significato alla Rome Half Marathon Via Pacis: al \u201cvia\u201d, domenica 22 settembre, ci sar\u00e0 anche un vescovo che correr\u00e0 i 21km nelle strade di Roma con oltre 7000 podisti, passando [&hellip;]<\/p>\n","protected":false},"author":1,"featured_media":3719,"comment_status":"closed","ping_status":"closed","sticky":false,"template":"","format":"standard","meta":{"_jetpack_memberships_contains_paid_content":false,"footnotes":""},"categories":[6],"tags":[],"class_list":["post-3717","post","type-post","status-publish","format-standard","has-post-thumbnail","hentry","category-notizie"],"jetpack_featured_media_url":"https:\/\/www.podistipercaso.it\/home\/wp-content\/uploads\/2019\/09\/Jean-Paul-Vesco-1.jpg","jetpack_sharing_enabled":true,"_links":{"self":[{"href":"https:\/\/www.podistipercaso.it\/home\/wp-json\/wp\/v2\/posts\/3717","targetHints":{"allow":["GET"]}}],"collection":[{"href":"https:\/\/www.podistipercaso.it\/home\/wp-json\/wp\/v2\/posts"}],"about":[{"href":"https:\/\/www.podistipercaso.it\/home\/wp-json\/wp\/v2\/types\/post"}],"author":[{"embeddable":true,"href":"https:\/\/www.podistipercaso.it\/home\/wp-json\/wp\/v2\/users\/1"}],"replies":[{"embeddable":true,"href":"https:\/\/www.podistipercaso.it\/home\/wp-json\/wp\/v2\/comments?post=3717"}],"version-history":[{"count":3,"href":"https:\/\/www.podistipercaso.it\/home\/wp-json\/wp\/v2\/posts\/3717\/revisions"}],"predecessor-version":[{"id":3723,"href":"https:\/\/www.podistipercaso.it\/home\/wp-json\/wp\/v2\/posts\/3717\/revisions\/3723"}],"wp:featuredmedia":[{"embeddable":true,"href":"https:\/\/www.podistipercaso.it\/home\/wp-json\/wp\/v2\/media\/3719"}],"wp:attachment":[{"href":"https:\/\/www.podistipercaso.it\/home\/wp-json\/wp\/v2\/media?parent=3717"}],"wp:term":[{"taxonomy":"category","embeddable":true,"href":"https:\/\/www.podistipercaso.it\/home\/wp-json\/wp\/v2\/categories?post=3717"},{"taxonomy":"post_tag","embeddable":true,"href":"https:\/\/www.podistipercaso.it\/home\/wp-json\/wp\/v2\/tags?post=3717"}],"curies":[{"name":"wp","href":"https:\/\/api.w.org\/{rel}","templated":true}]}}