{"id":3522,"date":"2019-05-20T15:57:12","date_gmt":"2019-05-20T13:57:12","guid":{"rendered":"http:\/\/www.podistipercaso.it\/home\/?p=3522"},"modified":"2019-05-20T15:57:12","modified_gmt":"2019-05-20T13:57:12","slug":"iii-memorial-anna-rita-sidoti","status":"publish","type":"post","link":"https:\/\/www.podistipercaso.it\/home\/iii-memorial-anna-rita-sidoti\/","title":{"rendered":"III Memorial Anna Rita Sidoti"},"content":{"rendered":"<p style=\"text-align: justify;\"><span style=\"color: #000000;\">\u00c8 impossibile arrivando a San Giorgio di Gioiosa Marea non pensare a chi con risultati di valore mondiale, ha calcato queste strade, passo dopo passo, chilometro dopo chilometro. Il segno che vi ha lasciato \u00e8 indelebile. Annarita \u00e8 sempre nei nostri cuori.<img loading=\"lazy\" decoding=\"async\" class=\"alignleft wp-image-3524 size-medium\" src=\"https:\/\/www.podistipercaso.it\/home\/wp-content\/uploads\/2019\/05\/DSC_0105-e1558360535624-199x300.jpg\" alt=\"\" width=\"199\" height=\"300\" srcset=\"https:\/\/www.podistipercaso.it\/home\/wp-content\/uploads\/2019\/05\/DSC_0105-e1558360535624-199x300.jpg 199w, https:\/\/www.podistipercaso.it\/home\/wp-content\/uploads\/2019\/05\/DSC_0105-e1558360535624-768x1155.jpg 768w, https:\/\/www.podistipercaso.it\/home\/wp-content\/uploads\/2019\/05\/DSC_0105-e1558360535624-681x1024.jpg 681w\" sizes=\"auto, (max-width: 199px) 100vw, 199px\" \/><\/span><\/p>\n<p style=\"text-align: justify;\"><span style=\"color: #000000;\">Alle 8 e tre quarti \u201csbarco\u201d a San Giorgio, c\u2019\u00e8 un mare che invita al tuffo; la stagione \u00e8 ancora avara di calore ma qualcuno in spiaggia si sta gi\u00e0 crogiolando al sole, alla ricerca di una\u00a0 tintarella prematura, una sorta di \u201cprimizia\u201d per la pelle, ognuno ha i suoi piaceri.. E stamattina il \u00a0piacere di 400 podisti, sar\u00e0 di correre a perdifiato avanti e indietro per 10 chilometri, costeggiando questo splendido mare. \u00c8 proprio vero, ognuno ha i suoi piaceri..<\/span><\/p>\n<p style=\"text-align: justify;\"><span style=\"color: #000000;\">Il \u201cgrillo parlante\u201d dei podisti, Giuseppe Marcellino, \u00e8 gi\u00e0 \u201cmicrofonato\u201d e sta raccontando le sue \u201cchiacchiere perse\u201d che fanno da preludio alla gara che partir\u00e0, promette l\u2019organizzazione della Podistica Messina, alle 10 in punto.<\/span><\/p>\n<p style=\"text-align: justify;\"><span style=\"color: #000000;\">Alle 9 e 59 c\u2019\u00e8 l\u2019ok dei giudici, della Polizia Municipale, di Ino Gagliardi, dei cronometristi, ma \u00e8 il podista n. 424, don Pasquale Castrilli (ASD Athletica Vaticana) che dopo un minuto di silenzio per Annarita, d\u00e0 con la sua benedizione agli atleti, il vero benestare alla partenza!<\/span><\/p>\n<p style=\"text-align: justify;\"><span style=\"color: #000000;\">L\u2019avvio della gara \u00e8 perfetto, con la strada larga e capiente per il \u201cgruppone\u201d di podisti non c\u2019\u00e8 nessun problema. Io non mi lancio a \u201ctutta\u201d per non correre rischi,\u00a0 ma opto per la corsa tattica con \u201ccontrollo\u201d degli avversari di categoria. \u00c8 cos\u00ec che sono subito in compagnia di Giuseppe Maio (ASD Polisportiva Milazzo) e\u00a0 Salvatore Salvo (ASD Atletica Villafranca): siamo il momentaneo podio SM65 della gara con posizioni da attribuire. Nel primo chilometro abbiamo il sole in fronte e procediamo senza problemi, ma quando il lungo serpentone di atleti giunge alla svolta della prima boa, la musica cambia. Procedendo in senso contrario il vento che finora abbiamo avuto alle spalle senza percepirne particolare spinta o giovamento, diviene un fastidioso ostacolo, un muro invisibile contro il quale andiamo a cozzare. Chi come me \u00e8 lungo e magro come un palo della luce ha di che divertirsi. Lascio fare l\u2019andatura agli amici Giuseppe e Salvatore, sono un metro dietro di loro, mantengono un passo poco sotto i 4 e 30 al km, per me \u00e8 perfetto. Maio per\u00f2 mi sembra meno reattivo, chi veramente fa il\u00a0 ritmo \u00e8 Salvo. Dopo poco in senso contrario vediamo passare il gruppo di testa, un quintetto che procede compatto, avranno 30 anni meno di noi e ci lasciano almeno un minuto a km, mi sembra regolare.. Completiamo il primo giro e Maio sembra avere qualche difficolt\u00e0, \u00e8 dietro di noi di qualche metro, prudenza o sofferenza? Riprendiamo il lungomare nel senso favorevole a noi e Salvatore che spesso si volta verso di me procede un poco a sprazzi, a volta si accelera a volte si frena, facciamo qualche sorpasso o veniamo superati. Al giro di boa mi rendo conto che Giuseppe Maio perde lentamente terreno. Siamo nuovamente controvento e mentre cerco un improbabile riparo dietro qualche podista, osservo gli autovelox posti al margine stradale, mi rendo conto che sono scatole vuote e mi chiedo a cosa servano, certo non misurano la nostra velocit\u00e0&#8230; L\u2019andatura di Salvo \u00e8 sempre altalenante, il mio Garmin mi dice 4 e 28 al 4\u00b0 km, 4 e 40 al 5\u00b0. Siamo al terzo giro, ancora una volta incrociamo il gruppo di testa che \u00e8 ancora compatto e a noi sembra volare. Dopo il terzo giro di boa c\u2019\u00e8 un momento decisivo \u201dper la nostra \u201cpiccola corsa\u201d di \u201cSM65\u201d: siamo quasi al 7\u00b0 km e Salvatore cede\u00a0 improvvisamente, inizia ad andare di passo. Io resto sorpreso, dopo qualche istante mi volto e vedo che Salvatore ha ripreso molto lentamente a correre e Maio lo ha superato. Sono nel punto pi\u00f9 sfavorevole del percorso, il vento contrario \u00e8 forte ma decido di forzare l\u2019andatura, sento di avere le energie per farlo e l\u2019amico Giuseppe Maio che mi segue a breve distanza, non \u00e8 un \u201ccliente facile\u201d.. Sto per completare il terzo giro, cerco di prendere acqua al rifornimento ma non ci riesco, gli addetti alla distribuzione sono in difficolt\u00e0, forse per l\u2019inesperienza, ma un generoso podista che ha \u201cacchiappato\u201d un intera bottiglia me la passa.. Sono sotto il gonfiabile mentre sento Giuseppe Marcellino annunciare l\u2019arrivo vittorioso di Giuseppe Trimarchi (ASD Atl. Villafranca) che ha abbandonato evidentemente la \u201ccompagnia\u201d del gruppetto di testa. Per me la fatica prosegue, ho ancora i 2 km e mezzo dell\u2019ultimo giro. La fatica si fa sentire pi\u00f9 che ai giri precedenti, la boa sembra non arrivare mai! Dopo qualche istante incrocio Tatiana Betta (ASD Podistica Messina) che si sta aggiudicando il Trofeo Sidoti al femminile, vanamente inseguita da Maria Grazia Bilello (ASD Universitas Palermo). La boa \u00e8 finalmente pi\u00f9 vicina, la raggiungo, c\u2019\u00e8 l\u2019inversione di marcia e vedo che Giuseppe \u00e8 a \u201cdistanza di sicurezza\u201d. Ho la sensazione che il vento sia calato d\u2019intensit\u00e0, ma la fatica \u00e8 grande. Dopo poco vedo il gonfiabile, ma \u00e8 ancora \u201cpiccolo e lontanissimo\u201d. Lentamente\u00a0 lo vedo avvicinarsi, lui \u00e8 \u201cfermo\u201d sono io che fatico per raggiungerlo. Il Garmin mi dice che manca un chilometro, solo mille metri, per me poco pi\u00f9 di 800 passi. Mancano 400 metri, un giro di pista, la strada si allarga, a sinistra la pineta a destra sempre il mare, c\u2019\u00e8 il \u201crifornimento\u201d di H2O ma non mi interessa pi\u00f9, si svolta a sinistra una prima volta poi una seconda e finalmente il gonfiabile \u00e8 li a pochi metri. Con un arrivo in accelerazione, sono sulla linea del traguardo, il mio microchip comunica alla TDS che ho terminato la fatica. Dopo qualche secondo \u00e8 in arrivo Giuseppe Maio, siamo abbastanza in \u201criserva\u201d, ma non mancano le forze per i complimenti reciproci tra amici \u2013 avversari.<\/span><\/p>\n<p style=\"text-align: justify;\"><span style=\"color: #000000;\">\u00a0I complimenti vanno anche ai vincitori della batteria a \u201cdistanza ridotta\u201d di 7,5 km, Vittorio Giuliano (ASD Polisportiva Milazzo) e Senia Maria (ASD Fiamma San Gregorio). Bravissimi\u00a0 anche Salvatore Napoli (ASD Amatori Regalbuto) e Daniela Celi (ASD Atletica Nebrodi) che hanno chiuso gli arrivi delle due batterie rispettivamente da 7,5 e 10 km.<\/span><\/p>\n<p style=\"text-align: justify;\"><span style=\"color: #000000;\">Dopo una confuso \u201crinfresco\u201d che sembrava un prendi tre e paghi uno, ma non si pagava, premiazione puntuale all\u2019ombra della pineta con \u201cmini podio\u201d, dove si sono alternati, dopo i vincitori assoluti, i migliori delle varie categorie. Il sindaco di Gioiosa Marea, Ignazio Alfonso Span\u00f2 e il presidente della Podistica Messina, Santi Giacobbe hanno distribuito piatti in ceramica tra i flash di Michele Amato, di parenti e amici.<\/span><\/p>\n<p style=\"text-align: justify;\"><span style=\"color: #000000;\">Grazie al presidente Santi Giacobbe che ancora una volta ha regalato ai podisti giunti da tutta la Sicilia, una bella giornata sportiva nella quale ci siamo sicuramente divertiti proprio tutti.<\/span><\/p>\n<p style=\"text-align: justify;\"><span style=\"color: #000000;\">\u00a0Il Grand Prix Regionale si sposta nel ragusano e d\u00e0 appuntamento ai podisti il 9 Giugno a Modica per correre e mangiare la.. famosa cioccolata modicana.<\/span><\/p>\n<p>Remigio Di Benedetto<\/p>\n<p><a href=\"mailto:r.dibenedetto@alice.it\">r.dibenedetto@alice.it<\/a><\/p>\n","protected":false},"excerpt":{"rendered":"<p>\u00c8 impossibile arrivando a San Giorgio di Gioiosa Marea non pensare a chi con risultati di valore mondiale, ha calcato queste strade, passo dopo passo, chilometro dopo chilometro. Il segno che vi ha lasciato \u00e8 indelebile. Annarita \u00e8 sempre nei nostri cuori. Alle 8 e tre quarti \u201csbarco\u201d a San Giorgio, c\u2019\u00e8 un mare che [&hellip;]<\/p>\n","protected":false},"author":1,"featured_media":3523,"comment_status":"closed","ping_status":"closed","sticky":false,"template":"","format":"standard","meta":{"_jetpack_memberships_contains_paid_content":false,"footnotes":""},"categories":[5],"tags":[],"class_list":["post-3522","post","type-post","status-publish","format-standard","has-post-thumbnail","hentry","category-langolo-di-remigio"],"jetpack_featured_media_url":"https:\/\/www.podistipercaso.it\/home\/wp-content\/uploads\/2019\/05\/DSC_0041.jpg","jetpack_sharing_enabled":true,"_links":{"self":[{"href":"https:\/\/www.podistipercaso.it\/home\/wp-json\/wp\/v2\/posts\/3522","targetHints":{"allow":["GET"]}}],"collection":[{"href":"https:\/\/www.podistipercaso.it\/home\/wp-json\/wp\/v2\/posts"}],"about":[{"href":"https:\/\/www.podistipercaso.it\/home\/wp-json\/wp\/v2\/types\/post"}],"author":[{"embeddable":true,"href":"https:\/\/www.podistipercaso.it\/home\/wp-json\/wp\/v2\/users\/1"}],"replies":[{"embeddable":true,"href":"https:\/\/www.podistipercaso.it\/home\/wp-json\/wp\/v2\/comments?post=3522"}],"version-history":[{"count":1,"href":"https:\/\/www.podistipercaso.it\/home\/wp-json\/wp\/v2\/posts\/3522\/revisions"}],"predecessor-version":[{"id":3525,"href":"https:\/\/www.podistipercaso.it\/home\/wp-json\/wp\/v2\/posts\/3522\/revisions\/3525"}],"wp:featuredmedia":[{"embeddable":true,"href":"https:\/\/www.podistipercaso.it\/home\/wp-json\/wp\/v2\/media\/3523"}],"wp:attachment":[{"href":"https:\/\/www.podistipercaso.it\/home\/wp-json\/wp\/v2\/media?parent=3522"}],"wp:term":[{"taxonomy":"category","embeddable":true,"href":"https:\/\/www.podistipercaso.it\/home\/wp-json\/wp\/v2\/categories?post=3522"},{"taxonomy":"post_tag","embeddable":true,"href":"https:\/\/www.podistipercaso.it\/home\/wp-json\/wp\/v2\/tags?post=3522"}],"curies":[{"name":"wp","href":"https:\/\/api.w.org\/{rel}","templated":true}]}}