{"id":3487,"date":"2019-05-09T14:30:20","date_gmt":"2019-05-09T12:30:20","guid":{"rendered":"http:\/\/www.podistipercaso.it\/home\/?p=3487"},"modified":"2019-05-09T14:32:36","modified_gmt":"2019-05-09T12:32:36","slug":"dal-lago-maggiore-alla-sicilia-tante-gare-si-colorano-del-blu-della-no-al-doping","status":"publish","type":"post","link":"https:\/\/www.podistipercaso.it\/home\/dal-lago-maggiore-alla-sicilia-tante-gare-si-colorano-del-blu-della-no-al-doping\/","title":{"rendered":"DAL LAGO MAGGIORE ALLA SICILIA TANTE GARE SI COLORANO DEL BLU DELLA NO AL DOPING"},"content":{"rendered":"<h2>Naselli, iozzia E CASABENE infiammano i 10 km del terzo memorial Giudice A Canicatt\u00ec<\/h2>\n<p><img loading=\"lazy\" decoding=\"async\" class=\"alignleft wp-image-3488 size-medium\" src=\"https:\/\/www.podistipercaso.it\/home\/wp-content\/uploads\/2019\/05\/Naselli-300x145.jpg\" alt=\"\" width=\"300\" height=\"145\" srcset=\"https:\/\/www.podistipercaso.it\/home\/wp-content\/uploads\/2019\/05\/Naselli-300x145.jpg 300w, https:\/\/www.podistipercaso.it\/home\/wp-content\/uploads\/2019\/05\/Naselli.jpg 681w\" sizes=\"auto, (max-width: 300px) 100vw, 300px\" \/><\/p>\n<p>&nbsp;<\/p>\n<p>&nbsp;<\/p>\n<p>&nbsp;<\/p>\n<p>&nbsp;<\/p>\n<p>&nbsp;<\/p>\n<p>Sergio Naselli<\/p>\n<p>A Canicatt\u00ec si \u00e8 svolto il terzo memorial podistico Claudio Giudice, corsa su strada quinta prova del Grand Prix Regionale. Su circa 450 partecipanti un folto gruppo di atleti della No al Dopinga ha corso la distanza di 10 km raggiungendo ottimi risultati. Sergio Naselli comanda il gruppo dal 22esimo posto con 37\u201941\u201d,seguito da Antonino Iozzia 32esimo con 38\u201937\u201d, Luca La Motta 55esimo con 39\u201950\u201d, il \u201cmitico vittoriese\u201d Emanuele Lauria 252esimo con 47\u201928\u201d, Eduardo Di Vincenzo 279esimo con 48\u201927\u201d, Giovanni Macca 281esimo con 48\u201932\u201d, Simona Casabene 297sima con 49\u201909\u201d e ottava di categoria, e Salvatore Cirnigliaro 399esimo con 54\u201922\u201d.<\/p>\n<h2>Taranto e Linguanti forti triatleti a marina di ragusa<\/h2>\n<p><img loading=\"lazy\" decoding=\"async\" class=\"alignleft wp-image-3489 size-medium\" src=\"https:\/\/www.podistipercaso.it\/home\/wp-content\/uploads\/2019\/05\/Occhipinti-Taranto-Linguanti-e-Tidona-300x202.jpg\" alt=\"\" width=\"300\" height=\"202\" srcset=\"https:\/\/www.podistipercaso.it\/home\/wp-content\/uploads\/2019\/05\/Occhipinti-Taranto-Linguanti-e-Tidona-300x202.jpg 300w, https:\/\/www.podistipercaso.it\/home\/wp-content\/uploads\/2019\/05\/Occhipinti-Taranto-Linguanti-e-Tidona.jpg 681w\" sizes=\"auto, (max-width: 300px) 100vw, 300px\" \/><\/p>\n<p>&nbsp;<\/p>\n<p>&nbsp;<\/p>\n<p>&nbsp;<\/p>\n<p>&nbsp;<\/p>\n<p>&nbsp;<\/p>\n<p>&nbsp;<\/p>\n<p>Occhipinti, Taranto, Linguanti e Tidona<\/p>\n<p>Domenica grande evento sportivo con la Trinacria Half a Marina di Ragusa. Sulla distanza del mezzo Iron man si sono dati battaglia 150 atleti e all\u2019arrivo hanno tagliato il traguardo al 41esimo posto Enzo Taranto con 5h19\u201913\u201d, al 66esimo posto Giulio Linguanti con 5h36\u201953\u201d, Alessandro Occhipinti 131esimo con 6h29\u201945\u201d, Enzo Tidona 136esimo con 6h38\u201956\u201d. Nelle staffette registriamo la partecipazione di Delia Ruta, Claudia Cal\u00ec e Gianluca Di Giorgi.<\/p>\n<h2>Sammatrice e marangio unici siciliani al lago maggiore international trail 55 km<\/h2>\n<p>Appuntamento internazionale di Trail al Lago Maggiore con la presenza di due grandi atleti della No al Doping. Andrea Marangio e Daniele Sammatrice hanno rappresentato la Sicilia come unici corridori siciliani al Lago Maggiore International Trail di 55 km su un dislivello di 4344 m. Sammatrice arriva 50esimo con 8h8\u2019 e Marangio 104esimo con 9h9\u2019, fra 250 arrivati e unici. Una grande impresa per questi ragazzi che rappresentano l\u2019anima trail del gruppo No al Doping.<\/p>\n<h2>Candiano, mugnas, occhipinti e pinnizzotto tengono alto il nome della squadra alla mezza di terrasini<\/h2>\n<p><img loading=\"lazy\" decoding=\"async\" class=\"alignleft size-medium wp-image-3490\" src=\"https:\/\/www.podistipercaso.it\/home\/wp-content\/uploads\/2019\/05\/Pinnizzotto-Occhipinti-Candiano-e-Mugnas-300x221.jpg\" alt=\"\" width=\"300\" height=\"221\" srcset=\"https:\/\/www.podistipercaso.it\/home\/wp-content\/uploads\/2019\/05\/Pinnizzotto-Occhipinti-Candiano-e-Mugnas-300x221.jpg 300w, https:\/\/www.podistipercaso.it\/home\/wp-content\/uploads\/2019\/05\/Pinnizzotto-Occhipinti-Candiano-e-Mugnas.jpg 680w\" sizes=\"auto, (max-width: 300px) 100vw, 300px\" \/><\/p>\n<p>&nbsp;<\/p>\n<p>&nbsp;<\/p>\n<p>&nbsp;<\/p>\n<p>&nbsp;<\/p>\n<p>&nbsp;<\/p>\n<p>&nbsp;<\/p>\n<p>Pinnizzotto, Occhipinti, Candiano e Mugnas<\/p>\n<p>Alla Mezza Maratona di Terrasini 4 atleti in blu hanno rappresentato i colori della No al Doping correndo fra circa 200 partecipanti. Primo nel gruppo il forte atleta vittoriese Salvatore Candiano che arriva 61esimo con 1h44\u201908\u201d seguito dall\u2019esperiente Rosario Occhipinti 96esimo con 1h44\u201908\u201d, Emanuele Mugnas detto \u201cil Pantera\u201d giunto 106esimo con 1h50\u201949\u201d e Vito Mauro Pinnizzotto 151esimo con 1h58\u201920\u201d.<\/p>\n<h2>Vassallo vola alla tuttadritta di torino<\/h2>\n<p><img loading=\"lazy\" decoding=\"async\" class=\"alignleft wp-image-3491 size-medium\" src=\"https:\/\/www.podistipercaso.it\/home\/wp-content\/uploads\/2019\/05\/Vassallo-300x221.jpg\" alt=\"\" width=\"300\" height=\"221\" srcset=\"https:\/\/www.podistipercaso.it\/home\/wp-content\/uploads\/2019\/05\/Vassallo-300x221.jpg 300w, https:\/\/www.podistipercaso.it\/home\/wp-content\/uploads\/2019\/05\/Vassallo.jpg 619w\" sizes=\"auto, (max-width: 300px) 100vw, 300px\" \/><\/p>\n<p>&nbsp;<\/p>\n<p>&nbsp;<\/p>\n<p>&nbsp;<\/p>\n<p>&nbsp;<\/p>\n<p>&nbsp;<\/p>\n<p>&nbsp;<\/p>\n<p>Salvo Vassallo<\/p>\n<p>A Torino si \u00e8 svolta la prima tappa della Maratona reale di Torino. Una gara composta da quattro prove che sommate porteranno alla distanza complessiva della maratona. Per la squadra ragusana ha corso il vittoriese Salvatore Vassallo, specialista nella distanza dei 10 mila e in gran forma. Tuttadritta \u00e8 il nome della prima prova che si compone appunto di una gara su un rettilineo di 10 km. Vassallo conferma il buon stato di forma portando a casa un ottimo 84esimo posto su 605 corridori col tempo di 39\u201937\u201d.<\/p>\n","protected":false},"excerpt":{"rendered":"<p>Naselli, iozzia E CASABENE infiammano i 10 km del terzo memorial Giudice A Canicatt\u00ec &nbsp; &nbsp; &nbsp; &nbsp; &nbsp; Sergio Naselli A Canicatt\u00ec si \u00e8 svolto il terzo memorial podistico Claudio Giudice, corsa su strada quinta prova del Grand Prix Regionale. Su circa 450 partecipanti un folto gruppo di atleti della No al Dopinga ha [&hellip;]<\/p>\n","protected":false},"author":1,"featured_media":3488,"comment_status":"closed","ping_status":"closed","sticky":false,"template":"","format":"standard","meta":{"_jetpack_memberships_contains_paid_content":false,"footnotes":""},"categories":[4],"tags":[],"class_list":["post-3487","post","type-post","status-publish","format-standard","has-post-thumbnail","hentry","category-comunicati-stampa"],"jetpack_featured_media_url":"https:\/\/www.podistipercaso.it\/home\/wp-content\/uploads\/2019\/05\/Naselli.jpg","jetpack_sharing_enabled":true,"_links":{"self":[{"href":"https:\/\/www.podistipercaso.it\/home\/wp-json\/wp\/v2\/posts\/3487","targetHints":{"allow":["GET"]}}],"collection":[{"href":"https:\/\/www.podistipercaso.it\/home\/wp-json\/wp\/v2\/posts"}],"about":[{"href":"https:\/\/www.podistipercaso.it\/home\/wp-json\/wp\/v2\/types\/post"}],"author":[{"embeddable":true,"href":"https:\/\/www.podistipercaso.it\/home\/wp-json\/wp\/v2\/users\/1"}],"replies":[{"embeddable":true,"href":"https:\/\/www.podistipercaso.it\/home\/wp-json\/wp\/v2\/comments?post=3487"}],"version-history":[{"count":1,"href":"https:\/\/www.podistipercaso.it\/home\/wp-json\/wp\/v2\/posts\/3487\/revisions"}],"predecessor-version":[{"id":3492,"href":"https:\/\/www.podistipercaso.it\/home\/wp-json\/wp\/v2\/posts\/3487\/revisions\/3492"}],"wp:featuredmedia":[{"embeddable":true,"href":"https:\/\/www.podistipercaso.it\/home\/wp-json\/wp\/v2\/media\/3488"}],"wp:attachment":[{"href":"https:\/\/www.podistipercaso.it\/home\/wp-json\/wp\/v2\/media?parent=3487"}],"wp:term":[{"taxonomy":"category","embeddable":true,"href":"https:\/\/www.podistipercaso.it\/home\/wp-json\/wp\/v2\/categories?post=3487"},{"taxonomy":"post_tag","embeddable":true,"href":"https:\/\/www.podistipercaso.it\/home\/wp-json\/wp\/v2\/tags?post=3487"}],"curies":[{"name":"wp","href":"https:\/\/api.w.org\/{rel}","templated":true}]}}