{"id":3448,"date":"2019-04-23T14:40:41","date_gmt":"2019-04-23T12:40:41","guid":{"rendered":"http:\/\/www.podistipercaso.it\/home\/?p=3448"},"modified":"2019-04-23T14:52:36","modified_gmt":"2019-04-23T12:52:36","slug":"xxi-trofeo-san-gregorio-magno","status":"publish","type":"post","link":"https:\/\/www.podistipercaso.it\/home\/xxi-trofeo-san-gregorio-magno\/","title":{"rendered":"XXI TROFEO SAN GREGORIO MAGNO"},"content":{"rendered":"<figure id=\"attachment_3108\" aria-describedby=\"caption-attachment-3108\" style=\"width: 199px\" class=\"wp-caption alignleft\"><img loading=\"lazy\" decoding=\"async\" class=\"wp-image-3108 size-medium\" src=\"https:\/\/www.podistipercaso.it\/home\/wp-content\/uploads\/2018\/10\/DSC_0433-199x300.jpg\" alt=\"\" width=\"199\" height=\"300\" srcset=\"https:\/\/www.podistipercaso.it\/home\/wp-content\/uploads\/2018\/10\/DSC_0433-199x300.jpg 199w, https:\/\/www.podistipercaso.it\/home\/wp-content\/uploads\/2018\/10\/DSC_0433.jpg 319w\" sizes=\"auto, (max-width: 199px) 100vw, 199px\" \/><figcaption id=\"caption-attachment-3108\" class=\"wp-caption-text\">pgiupodist<\/figcaption><\/figure>\n<p class=\"western\" style=\"text-align: justify;\" align=\"justify\"><span style=\"color: #000000;\">Sono le tre e tre quarti pomeridiane, un orario che spesso mi vede impegnato nella \u201cpennichella\u201d, il \u201criposino\u201d che piace a molti e rigenera aiutando a completare le fatiche della giornata; ma non sono sul divano di casa, sono sotto un gonfiabile!! E non \u00e8 un sogno, \u00e8 proprio la realt\u00e0, quella della prima prova del Grand Prix Provinciale FIDAL di corsa 2019 che finalmente \u201capre i battenti\u201d anche nella la provincia di Catania.<\/span><\/p>\n<p class=\"western\" style=\"text-align: justify;\" align=\"justify\"><span style=\"color: #000000;\">Siamo a San Gregorio di Catania e il Presidente della Fiamma San Gregorio, Biagio Di Mauro, come ogni anno ha inserito come sorpresa nell\u2019uovo pasquale dei podisti catanesi il Trofeo San Gregorio Magno giunto alla sua XXI edizione. Non siamo in molti ad avere rinunciato al \u201csonnellino\u201d pomeridiano e allora come si dice: \u201cpochi ma buoni!\u201d. Nessuno di noi ha per\u00f2 la faccia insonnolita e non potrebbe essere diversamente, perch\u00e9 l\u2019eccezionale speaker, Michele Gruttadaura da San Cataldo, con la sua voce energica e i suoi simpatici commenti, ci mantiene tutti ben svegli.<\/span><\/p>\n<p class=\"western\" style=\"text-align: justify;\" align=\"justify\"><span style=\"color: #000000;\">Il colpo di pistola, una volta tanto \u201cben riuscito\u201d, dello starter, ci lancia sul tradizionale circuito sangregoriese. Siamo alla prima batteria comprendente \u201canziani\u201d over 60 e tutte le rappresentanti del \u201csesso debole\u201d; e sono proprio due donne, l\u2019agguerrita coppia Suelen Spitaleri (SAL Catania) e Mika Iwaguchi (Fiamma San Gregorio), a scattare subito in testa alla gara e io.. a corrergli dietro. Mika prende subito l\u2019iniziativa e inizia a \u201ctirare\u201d, poi \u00e8 Suelen che passa a condurre. Le due simpatiche amiche podiste, di \u201cdebole\u201d non mi sembra abbiano proprio nulla. Alternandosi al comando, impongono alla gara un bel ritmo, \u201cviaggiamo\u201d sotto i 4 e 15 al chilometro; mi sento un po\u2019 \u201cbeato fra le donne\u201d ma fatico non poco per mantenere il loro passo. La \u201cstoria\u201d della gara \u00e8 tutta nella lotta fra Suelen e Mika; a un certo punto sembra abbiano raggiunto un \u201caccordo\u201d, corrono fianco a fianco, ma \u00e8 solo un\u2019apparente alleanza. Formiamo un bel trio il cui ritmo aumenta in prossimit\u00e0 dei passaggi dal gonfiabile, quasi che Suelen e Mika vogliano mettersi in mostra e io.. sempre al loro seguito. Siamo al quinto giro, Suelen dopo avere forse forzato il ritmo oltre le sue attuali possibilit\u00e0, perde qualche metro e Mika \u201cappresa\u201d la notizia, forza a sua volta l\u2019andatura. All\u2019ultimo passaggio dal gonfiabile, Michele, l\u2019allegro speaker sancataldese, annuncia che si \u00e8 formata una \u201cnuova coppia\u201d, podistica naturalmente, io e Mika. E\u2019 il sesto e ultimo giro, non sento pi\u00f9 i passi di Suelen alle nostre spalle e penso sia molto in ritardo. La \u201ccontesa\u201d per la vittoria della batteria \u00e8 ormai tra me, Mika e i suoi occhi a mandorla. Nel tratto in lieve discesa del circuito di 850 metri, Mika, come ha fatto in tutti i passaggi dei giri precedenti, rallenta leggermente, quasi voglia prendere il fiato per il rettilineo finale che \u00e8 invece in lieve salita. Siamo alla larga curva finale, Mika la affronta in perfetto \u201cequilibrio\u201d fra la \u201cforza centrifuga\u201d che la spinge verso l\u2019esterno e la \u201cforza centripeta\u201d che la trattiene al centro. Siamo agli ultimi 150m, vediamo il gonfiabile avvicinarsi e sentiamo le grida di chi assiste alla gara sempre pi\u00f9 ad alto volume. La simpatica e caparbia ragazza \u201cmade in Japan\u201d \u00e8 davanti a me di qualche metro, quasi l\u2019affianco, potrei tentare la volata finale su di lei, ma preferisco lasciarle il sicuro piacere di tagliare per prim<\/span><\/p>\n<p style=\"text-align: justify;\"><span style=\"color: #000000;\">e a lei. A seguire tutti gli altri, tra i quali Santi Caniglia (Pol. Militello) \u201creduce\u201d dal mondiale in Polonia, Maurizio Scalzo (Fiamma San Gregorio) molto volenteroso ma in lotta ancora con problemi fisici e il dott. Antonio Carbonaro (Fiamma San Gregorio), al suo rientro dopo alcuni anni di assenza dalle corse, che sono sicuro \u201cpartorir\u00e0\u201d una bella stagione di gare; \u201cchiude\u201d la batteria Anna Maria Irrera (UNVS Fontanarosa), brava anche lei.<\/span><\/p>\n<p style=\"text-align: justify;\"><span style=\"color: #000000;\">La seconda batteria \u00e8 naturalmente tutta al maschile, \u201cgiovani\u201d quarantenni e cinquantenni e \u201cgiovani autentici\u201d affrontano la gara su una distanza doppia rispetto a over 60 e femminucce: dai 5,1 si passa ai 10,2 chilometri. Ma i ritmi sono ben diversi dalla prima batteria, chi guida la corsa sfreccia a meno di 4 primi al chilometro. Prende il volo nei primi giri proprio un cinquantenne, Filippo Caudullo (Correndo per Acireale) ma il giovane Antonio Di Mauro (Podistica Jonia Giarre) lo tallona a distanza per tutta la gara e nel finale riesce ad avere la meglio, alle loro spalle il simpaticissimo Francesco Signorelli, lo \u201cspecialone\u201d del podismo catanese.<\/span><\/p>\n<p style=\"text-align: justify;\"><span style=\"color: #000000;\">Siamo alla premiazione: c\u2019\u00e8 il saluto del Sindaco di San Gregorio, Antonio Corsaro, del presidente Di Mauro e poi \u201ca pioggia\u201d coppe e targhe per podisti e non. Per tutti gli auguri per la Santa Pasqua.<\/span><\/p>\n<p style=\"text-align: justify;\"><span style=\"color: #000000;\">Seconda puntata del Grand Prix Provinciale FIDAL di corsa 2019, domenica 28 Aprile a Catania, nell\u2019attesa ci godiamo Pasqua e Pasquetta.<\/span><\/p>\n<p class=\"western\" style=\"text-align: justify;\" align=\"justify\"><span style=\"color: #000000;\">a il traguardo, sar\u00e0 per un\u2019altra volta.. Suelen \u00e8 sotto il gonfiabile dopo qualche secondo, complimenti anche a lei. A seguire tutti gli altri, tra i quali Santi Caniglia (Pol. Militello) \u201creduce\u201d dal mondiale in Polonia, Maurizio Scalzo (Fiamma San Gregorio) molto volenteroso ma in lotta ancora con problemi fisici e il dott. Antonio Carbonaro (Fiamma San Gregorio), al suo rientro dopo alcuni anni di assenza dalle corse, che sono sicuro \u201cpartorir\u00e0\u201d una bella stagione di gare; \u201cchiude\u201d la batteria Anna Maria Irrera (UNVS Fontanarosa), brava anche lei.<\/span><\/p>\n<p class=\"western\" style=\"text-align: justify;\" align=\"justify\"><span style=\"color: #000000;\">La seconda batteria \u00e8 naturalmente tutta al maschile, \u201cgiovani\u201d quarantenni e cinquantenni e \u201cgiovani autentici\u201d affrontano la gara su una distanza doppia rispetto a over 60 e femminucce: dai 5,1 si passa ai 10,2 chilometri. Ma i ritmi sono ben diversi dalla prima batteria, chi guida la corsa sfreccia a meno di 4 primi al chilometro. Prende il volo nei primi giri proprio un cinquantenne, Filippo Caudullo (Correndo per Acireale) ma il giovane Antonio Di Mauro (Podistica Jonia Giarre) lo tallona a distanza per tutta la gara e nel finale riesce ad avere la meglio, alle loro spalle il simpaticissimo Francesco Signorelli, lo \u201cspecialone\u201d del podismo catanese.<\/span><\/p>\n<p class=\"western\" style=\"text-align: justify;\" align=\"justify\"><span style=\"color: #000000;\">Siamo alla premiazione: c\u2019\u00e8 il saluto del Sindaco di San Gregorio, Antonio Corsaro, del presidente Di Mauro e poi \u201ca pioggia\u201d coppe e targhe per podisti e non. Per tutti gli auguri per la Santa Pasqua.<\/span><\/p>\n<p class=\"western\" style=\"text-align: justify;\" align=\"justify\"><span style=\"color: #000000;\">Seconda puntata del Grand Prix Provinciale FIDAL di corsa 2019, domenica 28 Aprile a Catania, nell\u2019attesa ci godiamo Pasqua e Pasquetta.<\/span><\/p>\n<p class=\"western\" style=\"text-align: justify;\" align=\"justify\"><span style=\"color: #000000;\">Remigio Di Benedetto<\/span><\/p>\n<p class=\"western\" style=\"text-align: justify;\" align=\"justify\"><span style=\"color: #000000;\"><u><a style=\"color: #000000;\" href=\"mailto:r.dibenedetto@alice.it\">r.dibenedetto@alice.it<\/a><\/u><\/span><\/p>\n<p align=\"justify\">foto: archivio<\/p>\n","protected":false},"excerpt":{"rendered":"<p>Sono le tre e tre quarti pomeridiane, un orario che spesso mi vede impegnato nella \u201cpennichella\u201d, il \u201criposino\u201d che piace a molti e rigenera aiutando a completare le fatiche della giornata; ma non sono sul divano di casa, sono sotto un gonfiabile!! E non \u00e8 un sogno, \u00e8 proprio la realt\u00e0, quella della prima prova [&hellip;]<\/p>\n","protected":false},"author":1,"featured_media":3083,"comment_status":"closed","ping_status":"closed","sticky":false,"template":"","format":"standard","meta":{"_jetpack_memberships_contains_paid_content":false,"footnotes":""},"categories":[5],"tags":[],"class_list":["post-3448","post","type-post","status-publish","format-standard","has-post-thumbnail","hentry","category-langolo-di-remigio"],"jetpack_featured_media_url":"https:\/\/www.podistipercaso.it\/home\/wp-content\/uploads\/2018\/10\/DSC_0077-e1556024294746.jpg","jetpack_sharing_enabled":true,"_links":{"self":[{"href":"https:\/\/www.podistipercaso.it\/home\/wp-json\/wp\/v2\/posts\/3448","targetHints":{"allow":["GET"]}}],"collection":[{"href":"https:\/\/www.podistipercaso.it\/home\/wp-json\/wp\/v2\/posts"}],"about":[{"href":"https:\/\/www.podistipercaso.it\/home\/wp-json\/wp\/v2\/types\/post"}],"author":[{"embeddable":true,"href":"https:\/\/www.podistipercaso.it\/home\/wp-json\/wp\/v2\/users\/1"}],"replies":[{"embeddable":true,"href":"https:\/\/www.podistipercaso.it\/home\/wp-json\/wp\/v2\/comments?post=3448"}],"version-history":[{"count":4,"href":"https:\/\/www.podistipercaso.it\/home\/wp-json\/wp\/v2\/posts\/3448\/revisions"}],"predecessor-version":[{"id":3452,"href":"https:\/\/www.podistipercaso.it\/home\/wp-json\/wp\/v2\/posts\/3448\/revisions\/3452"}],"wp:featuredmedia":[{"embeddable":true,"href":"https:\/\/www.podistipercaso.it\/home\/wp-json\/wp\/v2\/media\/3083"}],"wp:attachment":[{"href":"https:\/\/www.podistipercaso.it\/home\/wp-json\/wp\/v2\/media?parent=3448"}],"wp:term":[{"taxonomy":"category","embeddable":true,"href":"https:\/\/www.podistipercaso.it\/home\/wp-json\/wp\/v2\/categories?post=3448"},{"taxonomy":"post_tag","embeddable":true,"href":"https:\/\/www.podistipercaso.it\/home\/wp-json\/wp\/v2\/tags?post=3448"}],"curies":[{"name":"wp","href":"https:\/\/api.w.org\/{rel}","templated":true}]}}