{"id":3272,"date":"2019-01-25T15:03:33","date_gmt":"2019-01-25T14:03:33","guid":{"rendered":"http:\/\/www.podistipercaso.it\/home\/?p=3272"},"modified":"2019-01-25T15:04:18","modified_gmt":"2019-01-25T14:04:18","slug":"presentata-questa-mattina-maratona-citta-di-ragusa","status":"publish","type":"post","link":"https:\/\/www.podistipercaso.it\/home\/presentata-questa-mattina-maratona-citta-di-ragusa\/","title":{"rendered":"Presentata questa mattina la &#8220;Maratona  Citt\u00e0 di Ragusa&#8221;"},"content":{"rendered":"<p style=\"text-align: justify;\"><span style=\"color: #000000;\"><strong><img loading=\"lazy\" decoding=\"async\" class=\"alignleft wp-image-3273 size-medium\" src=\"https:\/\/www.podistipercaso.it\/home\/wp-content\/uploads\/2019\/01\/Causarano-e-Cass\u00ec-con-la-maglia-della-maratona-e1548424859215-225x300.jpg\" alt=\"\" width=\"225\" height=\"300\" \/>MARATONA CITTA\u2019 DI RAGUSA, PRESENTATA QUESTA MATTINA<\/strong><\/span><\/p>\n<p style=\"text-align: justify;\"><span style=\"color: #000000;\"><strong>AL COMUNE. AI NASTRI DI PARTENZA ANCHE IL SINDACO<\/strong><\/span><\/p>\n<p style=\"text-align: justify;\"><span style=\"color: #000000;\"><strong>RAGUSA \u2013 Oltre 1.200 atleti animeranno, domenica, la sedicesima edizione della Maratona Citt\u00e0 di Ragusa. In particolare 260 sono iscritti alla maratona vera e propria che prender\u00e0 il via alle 8 da via Feliciano Rossitto e con arrivo posto a Ibla, in piazza Odierna. Alle 9 inizier\u00e0 il fitwalking con circa 200 atleti gi\u00e0 iscritti. La parte del leone, come sempre, la reciter\u00e0 la mezza maratona StraRagusa a cui sar\u00e0 dato il via intorno alle 9,45 e che vedr\u00e0 ai nastri di partenza 600 corridori, sempre con avvio da via Rossitto, nei pressi del liceo scientifico \u201cEnrico Fermi\u201d. In piazza San Giovanni, poi, intorno alle 10, partir\u00e0 la Family Run promossa da Decathlon che vedr\u00e0 la presenza di circa duecento persone.\u00a0 \u00a0<\/strong><strong>E IL PRESIDENTE DEL CONSIGLIO CHE CORRERANNO LA FITWALKING<\/strong><\/span><\/p>\n<p style=\"text-align: justify;\"><span style=\"color: #000000;\"><img loading=\"lazy\" decoding=\"async\" class=\"alignleft wp-image-3275 size-medium\" src=\"https:\/\/www.podistipercaso.it\/home\/wp-content\/uploads\/2019\/01\/La-conferenza-stampa-di-questa-mattina-300x225.jpg\" alt=\"\" width=\"300\" height=\"225\" srcset=\"https:\/\/www.podistipercaso.it\/home\/wp-content\/uploads\/2019\/01\/La-conferenza-stampa-di-questa-mattina-300x225.jpg 300w, https:\/\/www.podistipercaso.it\/home\/wp-content\/uploads\/2019\/01\/La-conferenza-stampa-di-questa-mattina-768x576.jpg 768w, https:\/\/www.podistipercaso.it\/home\/wp-content\/uploads\/2019\/01\/La-conferenza-stampa-di-questa-mattina-1024x768.jpg 1024w, https:\/\/www.podistipercaso.it\/home\/wp-content\/uploads\/2019\/01\/La-conferenza-stampa-di-questa-mattina.jpg 2016w\" sizes=\"auto, (max-width: 300px) 100vw, 300px\" \/>Tutti i numeri sono stati illustrati questa mattina a palazzo dell\u2019Aquila nel corso della presentazione ufficiale dell\u2019evento voluto dall\u2019amministrazione comunale di Ragusa che patrocina la kermesse. Erano presenti, per l\u2019ente locale, il sindaco Giuseppe Cass\u00ec, il presidente del Consiglio comunale, Fabrizio Ilardo, e l\u2019assessore ai Lavori pubblici, Giovanni Giuffrida. Sindaco, sportivo che non ha bisogno di presentazioni, e presidente del Consiglio hanno tra l\u2019altro annunciato che \u00e8 molto probabile che prenderanno parte, domenica, alla sessione di fitwalking. All\u2019incontro con i giornalisti c\u2019erano, poi, Guglielmo Causarano dell\u2019Asd No al Doping, l\u2019associazione che organizza la manifestazione, con Tonino Siciliano dell\u2019Uisp Ragusa, presidente dell\u2019ente di promozione sportiva che sostiene l\u2019evento, oltre ad Antonio Merli dell\u2019associazione Amun\u00ec che si occupa di promuovere la sessione di fitwalking. C\u2019erano anche alcuni atleti della No al Doping oltre a Luciano Caruso di Abiomed che ha parlato di ortofrutta e sport e del fatto che \u201ccon i nostri prodotti \u2013 ha detto \u2013 l\u2019allenamento comincia <img loading=\"lazy\" decoding=\"async\" class=\"alignleft wp-image-3277 size-medium\" src=\"https:\/\/www.podistipercaso.it\/home\/wp-content\/uploads\/2019\/01\/Siciliano-Causarano-e-Cass\u00ec-300x225.jpg\" alt=\"\" width=\"300\" height=\"225\" \/>a tavola\u201d.<\/span><\/p>\n<p style=\"text-align: justify;\"><span style=\"color: #000000;\">Tra i supporter anche Conad Sicilia. \u201cDopo diverse tappe nelle province siciliane, eccoci a Ragusa \u2013 spiega il direttore generale Coo di Conad Sicilia, Antonio Brianti &#8211; a sostegno della maratona che vede il nostro gruppo\u00a0tra i principali\u00a0sponsor della manifestazione. L\u2019attivit\u00e0 fisica, un corretto stile di vita e una sana alimentazione sono elementi essenziali della nostra mission aziendale che ci spinge a supportare in Sicilia\u00a0numerosi\u00a0eventi sportivi\u201d. La Maratona di Ragusa, che \u00e8 sostenuta anche dall\u2019impresa Calogero Costruzioni Srl di Comiso oltre che da altri sponsor, \u201crappresenta per la nostra citt\u00e0 &#8211; ha spiegato il sindaco \u2013 un momento importante di aggregazione. Dopo sedici edizioni \u2013 ha aggiunto \u2013 possiamo senz\u2019altro affermare che stiamo parlando di una delle manifestazioni tra le pi\u00f9 accreditate di Ragusa visto che riesce a calamitare l\u2019attenzione di atleti provenienti da ogni parte d\u2019Europa e anche oltre e a garantire ricadute di un certo tipo per lo sviluppo economico. Che io sappia tutti gli alberghi di Ibla sono prenotati\u201d. Un pensiero Cass\u00ec ha voluto rivolgere anche ad Emiliano Ottaviano a cui \u00e8 dedicato il premio pi\u00f9 importante della maratona. \u201cUna persona \u2013 ha sottolineato il primo cittadino \u2013 a me cara e che ricordo con affetto\u201d. L\u2019organizzazione sta facendo sforzi straordinari per fare in modo che tutto possa svolgersi nella maniera migliore. Ci saranno atleti provenienti da ogni parte del mondo e che renderanno questo evento tra i pi\u00f9 gettonati della stagione. \u201cNel corso degli anni \u2013 ha sottolineato Causarano \u2013 abbiamo lavorato con la massima attenzione per fare in modo che la kermesse potesse crescere. E oggi riteniamo di avere raggiunto un livello considerevole\u201d. \u00a0<strong>La Maratona Citt\u00e0 di Ragusa <\/strong>ha ottenuto un riconoscimento specifico dall\u2019organo federale \u201cEuropean running\u201d con tre stelle qualit\u00e0 mentre il tracciato \u00e8 stato omologato dalla Federazione italiana atletica leggera. La manifestazione, inoltre, \u00e8 inserita come prova nazionale nei calendari Fidal e Uisp.<\/span><\/p>\n<p><strong>Ufficio Stampa Giorgio Liuzzo<\/strong><\/p>\n","protected":false},"excerpt":{"rendered":"<p>MARATONA CITTA\u2019 DI RAGUSA, PRESENTATA QUESTA MATTINA AL COMUNE. AI NASTRI DI PARTENZA ANCHE IL SINDACO RAGUSA \u2013 Oltre 1.200 atleti animeranno, domenica, la sedicesima edizione della Maratona Citt\u00e0 di Ragusa. In particolare 260 sono iscritti alla maratona vera e propria che prender\u00e0 il via alle 8 da via Feliciano Rossitto e con arrivo posto [&hellip;]<\/p>\n","protected":false},"author":1,"featured_media":3274,"comment_status":"closed","ping_status":"closed","sticky":false,"template":"","format":"standard","meta":{"_jetpack_memberships_contains_paid_content":false,"footnotes":""},"categories":[4],"tags":[],"class_list":["post-3272","post","type-post","status-publish","format-standard","has-post-thumbnail","hentry","category-comunicati-stampa"],"jetpack_featured_media_url":"https:\/\/www.podistipercaso.it\/home\/wp-content\/uploads\/2019\/01\/I-partecipanti-alla-conferenza-stampa.jpg","jetpack_sharing_enabled":true,"_links":{"self":[{"href":"https:\/\/www.podistipercaso.it\/home\/wp-json\/wp\/v2\/posts\/3272","targetHints":{"allow":["GET"]}}],"collection":[{"href":"https:\/\/www.podistipercaso.it\/home\/wp-json\/wp\/v2\/posts"}],"about":[{"href":"https:\/\/www.podistipercaso.it\/home\/wp-json\/wp\/v2\/types\/post"}],"author":[{"embeddable":true,"href":"https:\/\/www.podistipercaso.it\/home\/wp-json\/wp\/v2\/users\/1"}],"replies":[{"embeddable":true,"href":"https:\/\/www.podistipercaso.it\/home\/wp-json\/wp\/v2\/comments?post=3272"}],"version-history":[{"count":2,"href":"https:\/\/www.podistipercaso.it\/home\/wp-json\/wp\/v2\/posts\/3272\/revisions"}],"predecessor-version":[{"id":3279,"href":"https:\/\/www.podistipercaso.it\/home\/wp-json\/wp\/v2\/posts\/3272\/revisions\/3279"}],"wp:featuredmedia":[{"embeddable":true,"href":"https:\/\/www.podistipercaso.it\/home\/wp-json\/wp\/v2\/media\/3274"}],"wp:attachment":[{"href":"https:\/\/www.podistipercaso.it\/home\/wp-json\/wp\/v2\/media?parent=3272"}],"wp:term":[{"taxonomy":"category","embeddable":true,"href":"https:\/\/www.podistipercaso.it\/home\/wp-json\/wp\/v2\/categories?post=3272"},{"taxonomy":"post_tag","embeddable":true,"href":"https:\/\/www.podistipercaso.it\/home\/wp-json\/wp\/v2\/tags?post=3272"}],"curies":[{"name":"wp","href":"https:\/\/api.w.org\/{rel}","templated":true}]}}