{"id":3212,"date":"2018-12-14T12:54:07","date_gmt":"2018-12-14T11:54:07","guid":{"rendered":"http:\/\/www.podistipercaso.it\/home\/?p=3212"},"modified":"2018-12-27T10:21:50","modified_gmt":"2018-12-27T09:21:50","slug":"a-paterno-il-20-trofeo-s-barbara-memorial-turi-ciccia-con-la-chiusura-del-catania-corre-2018","status":"publish","type":"post","link":"https:\/\/www.podistipercaso.it\/home\/a-paterno-il-20-trofeo-s-barbara-memorial-turi-ciccia-con-la-chiusura-del-catania-corre-2018\/","title":{"rendered":"A Patern\u00f2 il 20\u00b0 Trofeo S. BARBARA  Memorial \u201cTURI CICCIA\u201d con la chiusura del \u201cCATANIA CORRE\u201d 2018"},"content":{"rendered":"<p style=\"text-align: justify;\"><span style=\"color: #000000;\">\u00c8 il 2 Dicembre e il \u201cCatania Corre\u201d 2018 \u201cchiude i battenti\u201d. Un circuito podistico della provincia di Catania iniziato il 3 Febbraio nel capoluogo etneo con la Coppa Sant\u2019Agata e proseguito con manifestazioni d\u2019ogni genere. I podisti hanno corso nel cuore di Catania con il \u201cCorri alla Civita\u201d e sono scesi in pista con un \u201c5000\u201d a Misterbianco. Il \u201cTrecastagni Star\u201d \u00e8 stata la gara pi\u00f9 prestigiosa. Pi\u00f9 volte si \u00e8 corso nei paesi dell\u2019Etna e nel calatino c\u2019\u00e8 stata la tappa di Militello Val di Catania. Quando il caldo dell\u2019estate si \u00e8 fatto sentire sono arrivate le corse in notturna come il \u201cMiglio\u201d di San Pietro Clarenza. \u00a0<\/span><\/p>\n<p style=\"text-align: justify;\"><span style=\"color: #000000;\">Oggi siamo a Patern\u00f2 per l\u2019ultima fatica. \u00c8 l\u2019antivigilia della ricorrenza di S. Barbara e l\u2019atmosfera della festa pi\u00f9 importante del centro etneo si miscela con la colorata allegria di oltre cento podisti che nella centrale piazza Regina Margherita (i quattro canti per i \u201cpaturnisi\u201d) sono gi\u00e0 in movimento dalle 8, anche se il trofeo podistico scatter\u00e0 alle 10 in punto.<\/span><\/p>\n<p style=\"text-align: justify;\"><span style=\"color: #000000;\">Con largo anticipo ogni elemento della gara \u00e8 gi\u00e0 al suo posto. L\u2019aria \u00e8 frizzantina e nella corsa di riscaldamento cerco un poco di sole. Quando la temperatura muscolare \u00e8 quella giusta, passo allo stretching intercalando gli esercizi al saluto dei tanti amici podisti presenti. Infine qualche allungo e sono pronto. Siamo in 126 e correremo in un\u2019unica batteria, ma per noi \u201cover 60\u201d uomini e donne, c\u2019\u00e8 lo sconto del 20%, 4 giri anzich\u00e9 5, in chilometri 6,88 anzich\u00e9\u00a0 8,6.<\/span><\/p>\n<p style=\"text-align: justify;\"><span style=\"color: #000000;\">Alle 10 in punto, \u201cdomato\u201d il gonfiabile che ha fatto i \u201ccapricci\u201d e resettati i cronometri TDS, con l\u2019ok della polizia locale e dei giudici, lo starter con un colpo di pistola \u201csilenzioso\u201d d\u00e0 il via alla gara. Partiamo in curva e la strada inizia subito leggermente a salire. Gli atleti pi\u00f9 forti cercano subito di farsi avanti: Alfio Scalisi ed Enrico Pafumi entrambi della \u201cMonti Rossi Nicolosi\u201d si pongono alla testa del gruppo. In molti \u201ccerchiamo\u201d gli avversari diretti di categoria. Io do uno \u201csguardo\u201d in giro, vedo Giulio Caniglia dell\u2019Atletica Sicilia e gli \u201cvado appresso\u201d. Giulio a sua volta sembra seguire la scia di Angelo Numa, l\u2019inconfondibile podista con la bandana, della Jonia Giarre che per\u00f2 ha (beato lui) 10 anni meno di me. Svoltiamo una seconda volta a destra, la strada sale ancora leggermente e poi inizia un tratto con pendenza a noi \u201cfavorevole\u201d, si scende! Giulio inizia a \u201ctirare\u201d con forza; l\u2019esile figura di Angelo \u00e8 il nostro punto di riferimento.\u00a0 Terminata la discesa, un lungo tratto curvilineo ci riporta sulla dirittura di arrivo, la via Gian Battista Nicolosi, in fondo alla quale si vede, piccolo piccolo, il gonfiabile che mano a mano che avanziamo ci appare sempre pi\u00f9 grande. Iniziamo il secondo giro e il mio \u201cGarmin\u201d dopo poco \u201cmi dice\u201d che \u201cviaggiamo\u201d poco sopra i 4 minuti al chilometro, anzi il terzo chilometro che comprende il tratto in discesa, lo percorriamo in 3\u2019 e 56\u201d. Giulio sta producendo il massimo dello sforzo mentre io al suo \u201cseguito\u201d sono al limite delle mie forze e capacit\u00e0. Siamo al terzo giro e Caniglia, quando imbocchiamo la via Nicolosi accelera ancora, aggancia e supera Angelo Numa. Io sono sempre sulla sua scia con difficolt\u00e0. Prima del terzo passaggio c\u2019\u00e8 il rifornimento di H2O \u201cgestito\u201d tra gli altri dal piccolo Sebastiano Caniglia che \u201cdemocraticamente\u201d distribuisce acqua a tutti, non solo al suo pap\u00e0. Siamo all\u2019ultimo giro e quando inizia la discesa, Giulio si produce nell\u2019allungo decisivo e io resto leggermente indietro. Quando imbocchiamo per l\u2019ultima volta il rettilineo finale non trovo pi\u00f9 la forza per \u201crientrare\u201d su di lui. Il gonfiabile sullo sfondo questa volta si \u201cingrandisce\u201d pi\u00f9 lentamente e quando taglio il traguardo, Giulio lo ha fatto da 11 secondi. Angelo Numa che segue alle mie spalle, \u201cscende alla prossima\u201d perch\u00e9 per lui la gara continua per un altro giro.<\/span><\/p>\n<p style=\"text-align: justify;\"><span style=\"color: #000000;\">Il tempo di una stretta di mano con Giulio e ci godiamo l\u2019arrivo del vincitore assoluto del trofeo, Alfio Scalisi, un SM40 \u201ceveregreen\u201d che taglia il traguardo pochi secondi prima di Enrico Pafumi che a sua volta applaude dopo alcuni minuti la sua dolce met\u00e0, Adalgisa Polopoli (ASD Monti Rossi Nicolosi), vincitrice al femminile del trofeo Santa Barbara, davanti a Laura Paola Torre della SAL Catania.<\/span><\/p>\n<p style=\"text-align: justify;\"><span style=\"color: #000000;\">L\u2019arrivo di tutti i podisti si conclude con Giuseppe Ventura della Fiamma San Gregorio, un \u201cover 75\u201d che taglia il traguardo tra gli applausi scroscianti di tutti i presenti, podisti e spettatori.<\/span><\/p>\n<p style=\"text-align: justify;\"><span style=\"color: #000000;\">Il passaggio alle premiazioni \u00e8 immediato. Lo speaker, Orazio Scicolone, nel complimentarsi con tutti gli atleti, scandisce a uno a uno i nomi di tutti i premiati assoluti e di categoria, mentre Giancarlo Ventura e Giuseppe Corallo distribuiscono coppe e Nino Cunsolo \u201csovrintende \u201c a tutte le operazioni, forse.. Tra una coppa e l\u2019altra c\u2019\u00e8 il saluto del Sindaco, Antonino Naso che ringrazia l\u2019organizzazione e i partecipanti.<\/span><\/p>\n<p style=\"text-align: justify;\"><span style=\"color: #000000;\">\u00a0Una bellissima giornata di sport per la citt\u00e0 di Patern\u00f2. Arrivederci al prossimo anno.<\/span><\/p>\n<p>&nbsp;<\/p>\n<p>Remigio Di Benedetto<\/p>\n","protected":false},"excerpt":{"rendered":"<p>\u00c8 il 2 Dicembre e il \u201cCatania Corre\u201d 2018 \u201cchiude i battenti\u201d. Un circuito podistico della provincia di Catania iniziato il 3 Febbraio nel capoluogo etneo con la Coppa Sant\u2019Agata e proseguito con manifestazioni d\u2019ogni genere. I podisti hanno corso nel cuore di Catania con il \u201cCorri alla Civita\u201d e sono scesi in pista con [&hellip;]<\/p>\n","protected":false},"author":1,"featured_media":0,"comment_status":"closed","ping_status":"closed","sticky":false,"template":"","format":"standard","meta":{"_jetpack_memberships_contains_paid_content":false,"footnotes":""},"categories":[5],"tags":[],"class_list":["post-3212","post","type-post","status-publish","format-standard","hentry","category-langolo-di-remigio"],"jetpack_featured_media_url":"","jetpack_sharing_enabled":true,"_links":{"self":[{"href":"https:\/\/www.podistipercaso.it\/home\/wp-json\/wp\/v2\/posts\/3212","targetHints":{"allow":["GET"]}}],"collection":[{"href":"https:\/\/www.podistipercaso.it\/home\/wp-json\/wp\/v2\/posts"}],"about":[{"href":"https:\/\/www.podistipercaso.it\/home\/wp-json\/wp\/v2\/types\/post"}],"author":[{"embeddable":true,"href":"https:\/\/www.podistipercaso.it\/home\/wp-json\/wp\/v2\/users\/1"}],"replies":[{"embeddable":true,"href":"https:\/\/www.podistipercaso.it\/home\/wp-json\/wp\/v2\/comments?post=3212"}],"version-history":[{"count":2,"href":"https:\/\/www.podistipercaso.it\/home\/wp-json\/wp\/v2\/posts\/3212\/revisions"}],"predecessor-version":[{"id":3237,"href":"https:\/\/www.podistipercaso.it\/home\/wp-json\/wp\/v2\/posts\/3212\/revisions\/3237"}],"wp:attachment":[{"href":"https:\/\/www.podistipercaso.it\/home\/wp-json\/wp\/v2\/media?parent=3212"}],"wp:term":[{"taxonomy":"category","embeddable":true,"href":"https:\/\/www.podistipercaso.it\/home\/wp-json\/wp\/v2\/categories?post=3212"},{"taxonomy":"post_tag","embeddable":true,"href":"https:\/\/www.podistipercaso.it\/home\/wp-json\/wp\/v2\/tags?post=3212"}],"curies":[{"name":"wp","href":"https:\/\/api.w.org\/{rel}","templated":true}]}}