{"id":3147,"date":"2018-11-08T21:57:02","date_gmt":"2018-11-08T20:57:02","guid":{"rendered":"http:\/\/www.podistipercaso.it\/home\/?p=3147"},"modified":"2018-11-09T07:07:17","modified_gmt":"2018-11-09T06:07:17","slug":"6-scalata-patti-tindari","status":"publish","type":"post","link":"https:\/\/www.podistipercaso.it\/home\/6-scalata-patti-tindari\/","title":{"rendered":"6^ SCALATA PATTI &#8211; TINDARI"},"content":{"rendered":"<p style=\"text-align: justify;\"><span style=\"color: #000000;\">Il Grand Prix Regionale 2018 fa tappa al Santuario della Madonna del Tindari in comune di Patti, luogo di pellegrinaggio da secoli che da alcuni anni vede tra i suoi \u201cpellegrini\u201d anche i podisti.<\/span><\/p>\n<p style=\"text-align: justify;\"><span style=\"color: #000000;\">Alle sette e mezza del mattino, presso il parcheggio in localit\u00e0 \u201clocanda\u201d posto ai piedi del Santuario, iniziano ad arrivare auto cariche di \u201cpellegrini podisti\u201d. Poco dopo le 8, con qualche minuto di ritardo, arrivano gli \u00a0autobus che ci porteranno alla partenza. Saliamo a bordo dei mezzi e lungo la discesa che ci conduce, comodamente seduti, a Patti, ci rendiamo conto di quanto \u201cpoco comoda\u201d sar\u00e0 la salita che ci riporter\u00e0 al traguardo.<\/span><\/p>\n<p style=\"text-align: justify;\"><span style=\"color: #000000;\">Qualche minuto prima delle 10 dopo avere espletato tutte le operazioni connesse alla gara, \u201criscaldamento\u201d compreso, sono sotto il gonfiabile collocato nella centrale piazza Marconi. Sono in \u201ccompagnia\u201d di circa 600 podisti. Un drone sorvola le nostre teste per cogliere al meglio la multicolore immagine della massa dei podisti \u201cin fermento\u201d. Nel frattempo lo speaker chiama all\u2019appello i podisti di sesso maschile over 75 e le femminucce over 65; ottengono a sorpresa lo sconto del 30% sul chilometraggio e vengono trasportati con un pulmino al 3\u00b0 Km del tracciato di gara. C\u2019\u00e8 poi il doveroso momento di raccoglimento per le vittime del maltempo della nottata appena trascorsa.<\/span><\/p>\n<p style=\"text-align: justify;\"><span style=\"color: #000000;\">Alle 10 in punto lo starter d\u00e0 il colpo di pistola \u201cdecisivo\u201d per la nostra partenza. Dopo soli 30 metri c\u2019\u00e8 la prima svolta. Il \u201cgruppone\u201d di podisti si piega a sinistra e senza difficolt\u00e0 si distende lungo la via Trieste. Sulla destra c\u2019\u00e8 subito un distributore di carburanti,\u00a0 ma nessuno di noi fa il \u201cpieno\u201d, per noi n\u00e8 gasolio n\u00e9 benzina, solo \u201ccarboidrati\u201d. La strada dopo 300 metri inizia a scendere e invoglia ad accelerare. Mi affianca l\u2019amico Salvatore Cammarata dell\u2019Atletica Sicilia che al solito ha voglia pi\u00f9 di chiacchierare che di correre, ma io risparmio il fiato e la conversazione \u201cristagna\u201d. Salvatore fortunatamente accelera, io resto indietro e la \u201cchiacchierata\u201d termina. Al primo chilometro il mio \u201cGarmin\u201d mi segnala 4\u2019 e 16\u201d, un tempo perfetto per l\u2019andatura prudente che voglio mantenere in attesa dei 7 km di micidiale salita che affronteremo. La strada scende ancora, al 2\u00b0 km Garmin dice 4\u2019 e 15\u201d e penso sia perfetto. Vedo Cammarata 50 metri avanti a me che \u201cchiacchiera\u201d con qualche altro podista. Molto pi\u00f9 avanti, in fondo alla discesa, scorgo anche l\u2019amico Vilmo Luciani della Marathon Athletic Avola e mi sembra che vada veramente \u201cdi fretta\u201d. Siamo al terzo chilometro Garmin mi dice che, complice la ripida discesa, ho aumentato\u00a0 l\u2019andatura (4\u201909\u201d al km). Dopo essere passati su un ponte entriamo in una galleria priva di illuminazione al centro della quale sono nel buio pi\u00f9 totale. Fortunatamente tutto fila liscio nonostante l\u2019oscurit\u00e0, ma quando esco \u201ca riveder le stelle\u201d inizia la salita; al momento \u00e8 lieve, ma la mia andatura ovviamente scende. Arrivo in localit\u00e0 \u201cCase Nuove Malluzzo\u201d, a bordo strada un tifoso incoraggia un podista suo amico, ma l\u2019incoraggiamento vale per tutti e ce lo prendiamo. La pendenza della strada aumenta, siamo al bivio per Mongiovi, anche qui occasionali spettatori della gara e c\u2019\u00e8 anche chi scatta foto. Supero il quarto e il quinto chilometro, \u201cGarmin\u201d dice che \u201cviaggio\u201d intorno a 4&#8217;45\u201d al km. Sono a met\u00e0 gara, ma il \u201cbello\u201d ancora deve arrivare, il Santuario \u00e8 ancora nascosto dal profilo della montagna. C\u2019\u00e8 un folto gruppo di podisti che mi precede a breve distanza, tra le tante teste\u00a0 riconosco la \u201cpelata\u201d dell\u2019amico Giuseppe Maio della Pol. Milazzo, \u00e8 sudatissima, lucida e luminosa, quasi un \u201cfaro\u201d da seguire. Giuseppe forse ha fatto la discesa a \u201cscapicollo\u201d e mi sembra che stia rallentando, guadagno qualcosa su di lui. 7\u00b0 Km: la pendenza aumenta e la mia velocit\u00e0 diminuisce, ormai sono oltre i 5 minuti al km ma mi sento ancora \u201cin forze\u201d. Incredibilmente vediamo un auto provenire in senso contrario, non si sa come abbia potuto superare i blocchi stradali, fortunatamente viene fermata immediatamente da personale dell\u2019organizzazione. Il Santuario \u00e8 ormai visibile ed \u00e8 sempre pi\u00f9 vicino. 9\u00b0 km: l\u2019andatura prudente dei primi chilometri mi ha lasciato energie per affrontare bene la parte finale della gara. Supero il bivio per la frazione Scala e sono in accelerazione, guadagno ancora su Giuseppe. Finalmente vedo le prime case della\u00a0 \u201cLocanda\u201d, sto per arrivare al bivio per il Santuario. Da lontano vedo l\u2019ennesimo gruppo di tifosi che al bivio incoraggia i podisti in arrivo. Finalmente sono alla svolta, inizia l\u2019ultimo chilometro. Ci sono 200 metri in discesa per tirare il fiato. Oramai ho nel \u201cmirino\u201d Maio. La strada curva a destra e diviene ripidissima, chi ha gi\u00e0 \u201cconsumato troppo\u201d lungo il percorso \u00e8 in difficolt\u00e0, qualcuno non corre pi\u00f9, cammina! Aggancio l\u2019amico Giuseppe Maio, scambiamo qualche battuta, poi io accelero ancora e lo lascio; supero altri podisti in difficolt\u00e0. C\u2019\u00e8 un primo tornante, poi un secondo e infine un terzo. Siamo vicinissimi al santuario, pellegrini e podisti si miscelano e si confondono. Sono sempre pi\u00f9 vicino a Vilmo Luciani. Arriviamo nella zona delle bancarelle, c\u2019\u00e8 di tutto, calia, torrone.. ma n\u00e9 io n\u00e9 lui ci fermiamo per \u201cacquisti\u201d. La strada curva a destra ed \u00e8 ripidissima, io forzo l\u2019andatura ma anche Vilmo ha energie ancora in corpo; superiamo altri podisti in difficolt\u00e0, mancano meno di 100 metri, qualcuno generosamente mi incita gridando il mio nome. Sull\u2019ultimo tornante posto a 50m metri dall\u2019arrivo, c\u2019\u00e8 l\u2019ennesimo podista in riserva che supero di slancio, quasi saltando, ma Vilmo \u00e8 sempre avanti e mi precede sotto il gonfiabile di qualche secondo. La Scalata \u00e8 finita.<\/span><\/p>\n<p style=\"text-align: justify;\"><span style=\"color: #000000;\">Per Maria Grazia Bilello (Universitas Palermo) e Francesco Nastasi (Ortigia Marcia Siracusa), vincitori della \u201cScalata\u201d, \u00e8 finita da \u201cun pezzo\u201d e sono gi\u00e0 sotto la doccia.<\/span><\/p>\n<p style=\"text-align: justify;\"><span style=\"color: #000000;\">Il \u201cpost gara\u201d prevede oltre i premi per i pi\u00f9 bravi, anche la distribuzione a tutti di una sacca con bibita, cioccolata, crackers, biscottino tipico, mandorle ricoperte al cioccolato. Ci sono poi i prodotti di profumeria e lo spuntino con panino, mela, banana e acqua a volont\u00e0 per tutti. La maglietta? No quella l\u2019ho pagata.. Gratis invece per tutti il magnifico panorama che si gode dalla terrazza del piazzale antistante il Santuario con magnifica vista sui laghetti di Marinello.<\/span><\/p>\n<p style=\"text-align: justify;\"><span style=\"color: #000000;\">Una bellissima gara, molto faticosa e ben organizzata. Un abbraccio e un ringraziamento a tutta l\u2019organizzazione e a tutti coloro che hanno contribuito all\u2019ottima riuscita della manifestazione. Ai podisti l\u2019arrivederci alla \u201cScalata\u201d 2019.<\/span><\/p>\n<p>Remigio Di Benedetto<\/p>\n","protected":false},"excerpt":{"rendered":"<p>Il Grand Prix Regionale 2018 fa tappa al Santuario della Madonna del Tindari in comune di Patti, luogo di pellegrinaggio da secoli che da alcuni anni vede tra i suoi \u201cpellegrini\u201d anche i podisti. Alle sette e mezza del mattino, presso il parcheggio in localit\u00e0 \u201clocanda\u201d posto ai piedi del Santuario, iniziano ad arrivare auto [&hellip;]<\/p>\n","protected":false},"author":1,"featured_media":0,"comment_status":"closed","ping_status":"closed","sticky":false,"template":"","format":"standard","meta":{"_jetpack_memberships_contains_paid_content":false,"footnotes":""},"categories":[5],"tags":[],"class_list":["post-3147","post","type-post","status-publish","format-standard","hentry","category-langolo-di-remigio"],"jetpack_featured_media_url":"","jetpack_sharing_enabled":true,"_links":{"self":[{"href":"https:\/\/www.podistipercaso.it\/home\/wp-json\/wp\/v2\/posts\/3147","targetHints":{"allow":["GET"]}}],"collection":[{"href":"https:\/\/www.podistipercaso.it\/home\/wp-json\/wp\/v2\/posts"}],"about":[{"href":"https:\/\/www.podistipercaso.it\/home\/wp-json\/wp\/v2\/types\/post"}],"author":[{"embeddable":true,"href":"https:\/\/www.podistipercaso.it\/home\/wp-json\/wp\/v2\/users\/1"}],"replies":[{"embeddable":true,"href":"https:\/\/www.podistipercaso.it\/home\/wp-json\/wp\/v2\/comments?post=3147"}],"version-history":[{"count":2,"href":"https:\/\/www.podistipercaso.it\/home\/wp-json\/wp\/v2\/posts\/3147\/revisions"}],"predecessor-version":[{"id":3149,"href":"https:\/\/www.podistipercaso.it\/home\/wp-json\/wp\/v2\/posts\/3147\/revisions\/3149"}],"wp:attachment":[{"href":"https:\/\/www.podistipercaso.it\/home\/wp-json\/wp\/v2\/media?parent=3147"}],"wp:term":[{"taxonomy":"category","embeddable":true,"href":"https:\/\/www.podistipercaso.it\/home\/wp-json\/wp\/v2\/categories?post=3147"},{"taxonomy":"post_tag","embeddable":true,"href":"https:\/\/www.podistipercaso.it\/home\/wp-json\/wp\/v2\/tags?post=3147"}],"curies":[{"name":"wp","href":"https:\/\/api.w.org\/{rel}","templated":true}]}}