{"id":3132,"date":"2018-10-30T15:14:54","date_gmt":"2018-10-30T14:14:54","guid":{"rendered":"http:\/\/www.podistipercaso.it\/home\/?p=3132"},"modified":"2018-10-30T15:14:54","modified_gmt":"2018-10-30T14:14:54","slug":"vii-maratonina-blu-jonio","status":"publish","type":"post","link":"https:\/\/www.podistipercaso.it\/home\/vii-maratonina-blu-jonio\/","title":{"rendered":"VII^ Maratonina \u201cBLU JONIO\u201d"},"content":{"rendered":"<p style=\"text-align: justify;\"><span style=\"color: #000000;\"><img loading=\"lazy\" decoding=\"async\" class=\"alignleft wp-image-3134 size-medium\" src=\"https:\/\/www.podistipercaso.it\/home\/wp-content\/uploads\/2018\/10\/DSC_0972-300x199.jpg\" alt=\"\" width=\"300\" height=\"199\" srcset=\"https:\/\/www.podistipercaso.it\/home\/wp-content\/uploads\/2018\/10\/DSC_0972-300x199.jpg 300w, https:\/\/www.podistipercaso.it\/home\/wp-content\/uploads\/2018\/10\/DSC_0972.jpg 480w\" sizes=\"auto, (max-width: 300px) 100vw, 300px\" \/>Da meno di 20 secondi \u00e8 stato dato il via alla settima edizione della Maratonina \u201cBlu Jonio\u201d, il gruppo dei podisti \u00e8 in movimento. Io ho percorso una cinquantina di metri e mentre gli oltre ottocento partecipanti alla gara stanno gi\u00e0 \u201cammirando\u201d il blu dello Jonio, io disteso a terra sto ammirando le stelle nonostante sia giorno e il cielo sia nuvoloso. Un anonimo podista (rimasto tale) dietro di me ha agganciato la mia scarpa sinistra e io sono \u201cvolato\u201d a terra. Fortunatamente non vengo calpestato da nessuno degli oltre\u00a0 mille piedi che sono ancora alle mie spalle e con l\u2019agilit\u00e0 dei miei vent\u2019anni compiuti tre volte, dopo un secondo, quasi \u201crimbalzando\u201d, sono in piedi e in corsa con tutti gli altri podisti.<\/span><\/p>\n<p style=\"text-align: justify;\"><span style=\"color: #000000;\">La prima \u201ctappa\u201d della corsa la facciamo a Torre Archirafi. Con l\u2019attraversamento della piccola frazione di Riposto, percorriamo alcune delle pochissime curve previste dal percorso e completiamo il terzo dei 21 chilometri che ci aspettano. Un primo controllo cronometrico al passaggio dal Km 3, mi dice che ho un\u2019andatura leggermente superiore al mio programma dei \u201ccento\u201d minuti con i quali vorrei chiudere la gara. Ma il percorso \u201cinvoglia\u201d, \u00e8 piatto, senza nessuna difficolt\u00e0, per mantenere il giusto ritmo \u201cfreno\u201d. Sono in compagnia di Santa Saitta e dopo poco si affianca a noi l\u2019amico Giuseppe Maio (ASD Pol. Milazzo), capofila della categoria SM65. Giuseppe sembra avere pi\u00f9 fretta di noi e accelera leggermente, mentre io e Santa abbiamo un passo identico, sembriamo un \u201cdue di coppia\u201d del canottaggio. Si avvicina il primo e unico passaggio sotto il gonfiabile con il quale concludiamo il sesto chilometro. Ho rallentato ancora un poco ma sono ancora troppo \u201cveloce\u201d. Sotto il gonfiabile c\u2019\u00e8 il consueto agitarsi di tifosi e di fotografi che lottano per la migliore postazione. Sono sempre in compagnia di Santa che per\u00f2 inizia a fare un poco di \u201celastico\u201d avvicinandosi a pi\u00f9 riprese a Maio. Passiamo da un primo punto con \u201cdoccia refrigerante\u201d che \u00e8 molto gradita. \u00c8 \u00a0\u00a0\u00a0\u00a0\u00a0\u00a0 l\u2019ottavo chilometro e il tempo, nel senso meteorologico della parola, inizia a fare \u201cle bizze\u201d: cadono alcune gocce d\u2019acqua, anzi dei veri e propri goccioloni, poi la pioggia continua rallentando d\u2019intensit\u00e0; c\u2019\u00e8 un breve tratto con dei portici sulla sinistra dove si pu\u00f2 correre al riparo, ma nessuno dei podisti opta per la sia pur breve deviazione che implica energie supplementari. Al nono chilometro vedo Santa e Giuseppe\u00a0 leggermente avanti mentre io mantengo il mio ritmo per l\u2019arrivo in \u201ccento minuti\u201d. Passa in controsenso la coppia di testa Terrasi \u2013 Brancato, sembrano volare. Arrivo al 10\u00b0 chilometro, passo dalla postazione dove \u00e8 predisposto il distributore di acqua refrigerante, c\u2019\u00e8 confusione tra le gocce lanciate dal dispositivo e quelle che arrivano direttamente dal cielo..<\/span><\/p>\n<p style=\"text-align: justify;\"><span style=\"color: #000000;\">A met\u00e0 gara la pioggia finalmente cessa. Il mio tempo di passaggio dall\u2019undicesimo chilometro \u00e8 il primo oltre il ritmo che consente l\u2019arrivo in un\u2019ora e quaranta. Sento che le mie energie iniziano a diminuire mentre Santa e Giuseppe che sono stati il mio punto di riferimento per la prima met\u00e0 della gara, sono sempre pi\u00f9 lontani. Prendo l\u2019acqua al rifornimento del km 11 e 800 poi attendo ansiosamente che il percorso ci faccia invertire la marcia. Finalmente dopo il 13\u00b0 chilometro inizia la \u201cmarcia\u201d verso il centro di Riposto. Dopo poco per\u00f2 c\u2019\u00e8 una deviazione a destra che psicologicamente mi deprime. Sono al 14\u00b0 km, il mio ritmo \u00e8 calato di una ventina di secondi al chilometro e non riesco a riprendermi. Sono al quindicesimo chilometro e torniamo sul lungomare che unisce Fiumefreddo a Riposto passando da Mascali. Tra il 16\u00b0 e il 17\u00b0 km riesco a non rallentare ulteriormente il ritmo. 18\u00b0 km: terminano gli alberi che separano la strada dalla spiaggia e\u00a0 mi proteggono dal vento, sono direttamente di fronte al mare. Il forte vento in senso contrario mi investe e cedo totalmente. Le gambe mi sembrano \u201cdi legno\u201d, ma il cedimento \u00e8 soprattutto di \u201ctesta\u201d, non reagisco pi\u00f9. Mi superano molti \u201ctreni di podisti\u201d ma non riesco a prenderne nessuno, neppure quello dell\u2019amico Antonino Cunsolo dell\u2019Atletica Sicilia. Sono a meno di tre chilometri dal gonfiabile, la sofferenza \u00e8 notevole, finalmente raggiungiamo le prime abitazioni di Riposto che mi riparano dalle raffiche di vento. \u00c8 l\u2019ultimo chilometro, raccolgo le ultime energie rimaste \u201cin fondo al barile\u201d i \u201cprimi\u201d 20 km me le hanno consumate tutte. La visione del gonfiabile sullo sfondo, a meno di 400 metri dal traguardo, non mi \u00e8 mai stata cos\u00ec di sollievo. I 21 chilometri sono alle spalle e cos\u00ec pure i 97 metri, ma \u00e8 solo mentre percorro gli ultimi 50 centimetri che mi rendo conto di avercela fatta. Tocco il tappetino \u201cmagico\u201d della TDS e taglio il traguardo. La lotta dei fotografi per la miglior postazione sembra cessata e io vengo immortalato sulla linea del traguardo dall\u2019occhio fotografico della mia dolce met\u00e0.<\/span><\/p>\n<p style=\"text-align: justify;\"><span style=\"color: #000000;\">All\u2019arrivo apprendo che Alessio e Alessia hanno vinto la gara da una mezz\u2019ora. Sono Alessio Terrasi del G.P. Alpi Apuane e Alessia Tuccito\u00a0 dell\u2019ASD Trinacria sport, complimenti a loro.<\/span><\/p>\n<p style=\"text-align: justify;\"><span style=\"color: #000000;\">Per quel che mi riguarda mi \u201clecco le ferite\u201d della caduta iniziale avvenuta al centro gruppo e rimasta \u201cinvisibile\u201d a fotografi e pubblico.<\/span><\/p>\n<p style=\"text-align: justify;\"><span style=\"color: #000000;\">Grazie a tutti coloro che hanno contribuito alla buona riuscita della manifestazione.<\/span><\/p>\n<p style=\"text-align: justify;\"><span style=\"color: #000000;\">Prossimo appuntamento per il Grand Prix delle Maratonine l\u201911 Novembre a Pergusa, ma domenica prossima c\u2019\u00e8 anche la \u201cScalata\u201d Patti \u2013 Tindari..<\/span><\/p>\n<p>Remigio Di Benedetto<\/p>\n<p><a href=\"mailto:r.dibenedetto@aliceposta.it\">r.dibenedetto@aliceposta.it<\/a><\/p>\n","protected":false},"excerpt":{"rendered":"<p>Da meno di 20 secondi \u00e8 stato dato il via alla settima edizione della Maratonina \u201cBlu Jonio\u201d, il gruppo dei podisti \u00e8 in movimento. Io ho percorso una cinquantina di metri e mentre gli oltre ottocento partecipanti alla gara stanno gi\u00e0 \u201cammirando\u201d il blu dello Jonio, io disteso a terra sto ammirando le stelle nonostante [&hellip;]<\/p>\n","protected":false},"author":1,"featured_media":3133,"comment_status":"closed","ping_status":"closed","sticky":false,"template":"","format":"standard","meta":{"_jetpack_memberships_contains_paid_content":false,"footnotes":""},"categories":[5],"tags":[],"class_list":["post-3132","post","type-post","status-publish","format-standard","has-post-thumbnail","hentry","category-langolo-di-remigio"],"jetpack_featured_media_url":"https:\/\/www.podistipercaso.it\/home\/wp-content\/uploads\/2018\/10\/DSC_0670.jpg","jetpack_sharing_enabled":true,"_links":{"self":[{"href":"https:\/\/www.podistipercaso.it\/home\/wp-json\/wp\/v2\/posts\/3132","targetHints":{"allow":["GET"]}}],"collection":[{"href":"https:\/\/www.podistipercaso.it\/home\/wp-json\/wp\/v2\/posts"}],"about":[{"href":"https:\/\/www.podistipercaso.it\/home\/wp-json\/wp\/v2\/types\/post"}],"author":[{"embeddable":true,"href":"https:\/\/www.podistipercaso.it\/home\/wp-json\/wp\/v2\/users\/1"}],"replies":[{"embeddable":true,"href":"https:\/\/www.podistipercaso.it\/home\/wp-json\/wp\/v2\/comments?post=3132"}],"version-history":[{"count":1,"href":"https:\/\/www.podistipercaso.it\/home\/wp-json\/wp\/v2\/posts\/3132\/revisions"}],"predecessor-version":[{"id":3135,"href":"https:\/\/www.podistipercaso.it\/home\/wp-json\/wp\/v2\/posts\/3132\/revisions\/3135"}],"wp:featuredmedia":[{"embeddable":true,"href":"https:\/\/www.podistipercaso.it\/home\/wp-json\/wp\/v2\/media\/3133"}],"wp:attachment":[{"href":"https:\/\/www.podistipercaso.it\/home\/wp-json\/wp\/v2\/media?parent=3132"}],"wp:term":[{"taxonomy":"category","embeddable":true,"href":"https:\/\/www.podistipercaso.it\/home\/wp-json\/wp\/v2\/categories?post=3132"},{"taxonomy":"post_tag","embeddable":true,"href":"https:\/\/www.podistipercaso.it\/home\/wp-json\/wp\/v2\/tags?post=3132"}],"curies":[{"name":"wp","href":"https:\/\/api.w.org\/{rel}","templated":true}]}}