{"id":3082,"date":"2018-09-24T10:32:35","date_gmt":"2018-09-24T08:32:35","guid":{"rendered":"http:\/\/www.podistipercaso.it\/home\/?p=3082"},"modified":"2018-10-18T19:13:13","modified_gmt":"2018-10-18T17:13:13","slug":"4-trofeo-della-vendemmia-nel-racconto-di-remigio","status":"publish","type":"post","link":"https:\/\/www.podistipercaso.it\/home\/4-trofeo-della-vendemmia-nel-racconto-di-remigio\/","title":{"rendered":"4\u00b0 TROFEO DELLA VENDEMMIA nel racconto di Remigio"},"content":{"rendered":"<p style=\"text-align: justify;\"><span style=\"color: #000000;\"><img loading=\"lazy\" decoding=\"async\" class=\"alignleft wp-image-3083 size-medium\" src=\"https:\/\/www.podistipercaso.it\/home\/wp-content\/uploads\/2018\/10\/DSC_0077-e1538469121676-199x300.jpg\" alt=\"\" width=\"199\" height=\"300\" \/>E il \u201cCatania Corre\u201d questa volta ci fa \u201ccorrere\u201d a Piedimonte Etneo, ospiti della\u00a0 ormai tradizionale \u201cFesta della Vendemmia\u201d giunta alla ventunesima edizione.<\/span><\/p>\n<p style=\"text-align: justify;\"><span style=\"color: #000000;\">\u00a0\u00a0\u00a0\u00a0\u00a0\u00a0\u00a0\u00a0\u00a0\u00a0\u00a0 Alle 8 e mezza quando giungo nel bel centro etneo, mi rendo conto che\u00a0 la macchina organizzativa (Virtus Acireale e \u201cfamiglia Ragonese\u201d) \u00e8 probabilmente, anzi sicuramente in movimento dall\u2019alba; gonfiabile, cronometristi, giudici, volontari, vigili ecc., tutti gli elementi necessari allo svolgimento della manifestazione sono gi\u00e0 al loro posto. A noi podisti il solo compito del ritiro pettorali, riscaldamento e poi tutti sotto il gonfiabile. Alle 9 e mezza puntualmente siamo convocati sotto il gonfiabile; a dire il vero siamo un \u201cpoco strettini\u201d. L\u2019avvenimento sportivo, infatti, ha attirato ben 153 podisti tra i quali 25 belle femminucce, che si misureranno su un percorso di un chilometro caratterizzato da un\u00a0 saliscendi \u201cspezza gambe\u201d. Viene convocato il signor Sindaco per dare il via alla corsa e al suo semplice ma perentorio \u201cpronti via\u201d scattiamo tutti a grande velocit\u00e0. Il \u201cgruppone\u201d affronta la prima svolta e dopo una ventina di metri ci troviamo di fronte a una lunga e ripida discesa. Nessun problema per chi ha vent\u2019anni o poco pi\u00f9, ma per chi come me vent\u2019anni li ha gi\u00e0 fatti 3 volte, la prudenza \u00e8 d\u2019obbligo. L\u2019invitante discesa mette a dura prova i nostri muscoli, le nostre giunture e per quanto noi provvediamo a \u201coliarle\u201d spesso, gli \u201cscricchiolii\u201d non mancano. Davanti a me vedo nel gruppo l\u2019amico e avversario Giulio Caniglia, (Atletica Sicilia) ma molto pi\u00f9 avanti si sono lanciati in discesa coraggiosamente, Mario Scarinci (Runcard) e Francesco Militi (Etna Running). Termina la discesa svoltiamo a destra e la strada diviene \u201condulata\u201d. Al successivo cambio di direzione, come era prevedibile, la strada inizia a salire e per giunta corriamo su un basolato sconnesso dove \u00e8 facile prendere qualche storta, scivolare, inciampare.. d\u2019altronde questi sono gli \u201cincerti del mestiere\u201d per il podista. La salita prosegue ma termina il basolato; io seguo sempre Giulio che mi d\u00e0 il giusto passo, anche se so che difficilmente potr\u00f2 resistergli fino alla fine. Siamo al \u201crifornimento\u201d, ma lo rinvio ai prossimi giri, sono ancora \u201cfresco\u201d e passo oltre. C\u2019\u00e8 una svolta e ritroviamo \u201cl\u2019odioso\u201d basolato, poi eccoci nuovamente sulla dirittura di arrivo. E\u2019 il primo passaggio sotto il gonfiabile, urla di incoraggiamento, foto, lo scenario di sempre. Prima della discesa trovo \u201cappostata\u201d la mia dolce met\u00e0 che scatta foto, un sorriso e via. A capofitto mi lancio nella discesa in fondo alla quale vedo Mario \u00a0Scarinci e Francesco Militi ancora molto lontani ed al momento in testa alla nostra categoria. Al rifornimento questa volta \u201capprezzo\u201d l\u2019acqua con la quale faccio una \u201cmicrodoccia\u201d; forse qualcuno preferirebbe un \u201cgoccetto\u201d spillato dalle artistiche botti esposte sulla dirittura d\u2019arrivo ma non penso sarebbe \u201cristoratore\u201d. Siamo al terzo giro. Alla prima svolta la mia consorte mi immortala nuovamente con uno scatto fotografico, ma la forza di sorridere \u00e8 sempre di meno. Progressivamente mi avvicino a Scarinci e Militi che supero prima del termine della terza tornata. Dopo il passaggio sotto il gonfiabile mi rendo conto che Caniglia \u00e8 ancora davanti a me a pochi metri, ma lungo il quarto giro, il mio passo si \u201cappesantisce\u201d un poco e Giulio se ne va con la sua caratteristica andatura. Il rifornimento d\u2019acqua \u00e8 sempre pi\u00f9 \u201capprezzato\u201d da tutti, la temperatura \u00e8 sempre pi\u00f9 calda e la salita appare sempre pi\u00f9 ripida. Sono all\u2019ultimo giro e alle mie spalle arriva \u201cla testa della corsa\u201d rappresentata da Vito Massimo Catania (ASD Universitas Palermo) seguito a breve distanza da Gianluca Bruno (ASD Atletica Misterbianco) che mi doppiano con un passo per me da \u201cFormula Uno\u201d podistica. A mia volta ho gi\u00e0 raggiunto la \u201ccoda della corsa\u201d, superando alcuni amici come Agostino Arena (UNVS Catania), Antonino Strano (ASD Fortitudo Catania). \u00a0La parte finale del percorso, quando la strada si impenna, la gestisco senza faticare pi\u00f9 di tanto. La piazza d\u2019onore della categoria dietro a Giulio e davanti alla coppia Scarinci Militi che stanno lottando alle mie spalle, per il gradino pi\u00f9 basso del podio, mi sembra un ottimo risultato in una gara bella e difficile. Sul rettilineo la folla \u00e8 sempre pi\u00f9 agitata. Hanno gi\u00e0 tagliato il traguardo i giovani Allievi tra i quali ha sbaragliato il campo Matteo Triscali (ASD Monti Rossi Nicolosi) e le femminucce pi\u00f9 veloci, con Valentina Lo Nigro (SAL Catania) prima assoluta davanti a Patrizia Strazzeri (ASD Fortitudo Catania). \u00c8 il momento del mio arrivo, mentre la simpaticissima e volenterosa Desir\u00e8e Ragonese quasi mi sbarra la strada con una transenna.. ma \u00e8 tutto a posto, la mia fatica \u00e8 terminata e sono una \u201cfontana di sudore\u201d. Per i \u201cgiovani\u201d che percorrono gli 8 chilometri c\u2019\u00e8 ancora un poco di fatica, poi giunge solitario Vito Massimo Catania, primo senza difficolt\u00e0 su Gianluca Bruno.<\/span><\/p>\n<p style=\"text-align: justify;\"><span style=\"color: #000000;\">\u00a0\u00a0\u00a0\u00a0\u00a0\u00a0\u00a0\u00a0\u00a0\u00a0\u00a0 Un rapido cambio d\u2019abito e c\u2019\u00e8 il passaggio dal \u201cbanchetto ristoro\u201d riservato ai podisti, sul quale si lancia anche chi un metro di corsa non lo ha fatto e che viene prontamente pubblicamente rimproverato da Sebastiano Ragonese, responsabile organizzativo della manifestazione. Dopo avere gareggiato conquistando il terzo posto assoluto, Sebastiano, infatti, trova ancora la forza di salire sul palco per la premiazione, prendere il mano il microfono e fare lo speaker, chiamando sul palco tutti gli atleti, un personaggio straordinario. Al suo fianco sul palco Desir\u00e8e fa il possibile e l\u2019impossibile mentre la signora Ragonese posizionata di fronte al palco provvede al servizio fotografico che sicuramente apparir\u00e0 su Facebook. \u00a0Sebastiano scherzosamente annuncia anche la sua premiazione, terzo assoluto.<\/span><\/p>\n<p style=\"text-align: justify;\"><span style=\"color: #000000;\">\u00a0\u00a0\u00a0\u00a0\u00a0\u00a0\u00a0\u00a0\u00a0\u00a0\u00a0 E allora ci complimentiamo con la societ\u00e0 organizzatrice, la Virtus Acireale del presidente Antonino Leotta, con Cinzia Leotta che abbiamo visto sempre \u201cin prima linea\u201d e con la famiglia Ragonese \u201ctuttofare\u201d. Un grazie va comunque a tutti coloro che si sono adoperati per l\u2019ottima riuscita della manifestazione.<\/span><\/p>\n<p style=\"text-align: justify;\"><span style=\"color: #000000;\">\u00a0\u00a0\u00a0\u00a0\u00a0\u00a0\u00a0\u00a0\u00a0 Una manifestazione molto bella, incorniciata dalla Festa della Vendemmia, arrivederci al prossimo anno.<\/span><\/p>\n<p>&nbsp;<\/p>\n<p>Remigio Di Benedetto<\/p>\n","protected":false},"excerpt":{"rendered":"<p>E il \u201cCatania Corre\u201d questa volta ci fa \u201ccorrere\u201d a Piedimonte Etneo, ospiti della\u00a0 ormai tradizionale \u201cFesta della Vendemmia\u201d giunta alla ventunesima edizione. \u00a0\u00a0\u00a0\u00a0\u00a0\u00a0\u00a0\u00a0\u00a0\u00a0\u00a0 Alle 8 e mezza quando giungo nel bel centro etneo, mi rendo conto che\u00a0 la macchina organizzativa (Virtus Acireale e \u201cfamiglia Ragonese\u201d) \u00e8 probabilmente, anzi sicuramente in movimento dall\u2019alba; gonfiabile, cronometristi, [&hellip;]<\/p>\n","protected":false},"author":1,"featured_media":3084,"comment_status":"closed","ping_status":"closed","sticky":false,"template":"","format":"standard","meta":{"_jetpack_memberships_contains_paid_content":false,"footnotes":""},"categories":[5],"tags":[],"class_list":["post-3082","post","type-post","status-publish","format-standard","has-post-thumbnail","hentry","category-langolo-di-remigio"],"jetpack_featured_media_url":"https:\/\/www.podistipercaso.it\/home\/wp-content\/uploads\/2018\/10\/DSC_0197-e1538469101288.jpg","jetpack_sharing_enabled":true,"_links":{"self":[{"href":"https:\/\/www.podistipercaso.it\/home\/wp-json\/wp\/v2\/posts\/3082","targetHints":{"allow":["GET"]}}],"collection":[{"href":"https:\/\/www.podistipercaso.it\/home\/wp-json\/wp\/v2\/posts"}],"about":[{"href":"https:\/\/www.podistipercaso.it\/home\/wp-json\/wp\/v2\/types\/post"}],"author":[{"embeddable":true,"href":"https:\/\/www.podistipercaso.it\/home\/wp-json\/wp\/v2\/users\/1"}],"replies":[{"embeddable":true,"href":"https:\/\/www.podistipercaso.it\/home\/wp-json\/wp\/v2\/comments?post=3082"}],"version-history":[{"count":1,"href":"https:\/\/www.podistipercaso.it\/home\/wp-json\/wp\/v2\/posts\/3082\/revisions"}],"predecessor-version":[{"id":3085,"href":"https:\/\/www.podistipercaso.it\/home\/wp-json\/wp\/v2\/posts\/3082\/revisions\/3085"}],"wp:featuredmedia":[{"embeddable":true,"href":"https:\/\/www.podistipercaso.it\/home\/wp-json\/wp\/v2\/media\/3084"}],"wp:attachment":[{"href":"https:\/\/www.podistipercaso.it\/home\/wp-json\/wp\/v2\/media?parent=3082"}],"wp:term":[{"taxonomy":"category","embeddable":true,"href":"https:\/\/www.podistipercaso.it\/home\/wp-json\/wp\/v2\/categories?post=3082"},{"taxonomy":"post_tag","embeddable":true,"href":"https:\/\/www.podistipercaso.it\/home\/wp-json\/wp\/v2\/tags?post=3082"}],"curies":[{"name":"wp","href":"https:\/\/api.w.org\/{rel}","templated":true}]}}