{"id":3037,"date":"2018-09-08T10:32:20","date_gmt":"2018-09-08T08:32:20","guid":{"rendered":"http:\/\/www.podistipercaso.it\/home\/?p=3037"},"modified":"2018-09-10T10:34:08","modified_gmt":"2018-09-10T08:34:08","slug":"amenta-bennici-e-loro-la-prima-tappa-del-terre-iblee-tour","status":"publish","type":"post","link":"https:\/\/www.podistipercaso.it\/home\/amenta-bennici-e-loro-la-prima-tappa-del-terre-iblee-tour\/","title":{"rendered":"Amenta \u2013 Bennici: \u00e8 loro la prima tappa del \u201cTerre Iblee Tour\u201d"},"content":{"rendered":"<p style=\"text-align: justify;\"><em><img loading=\"lazy\" decoding=\"async\" class=\"alignleft wp-image-3039 size-medium\" src=\"https:\/\/www.podistipercaso.it\/home\/wp-content\/uploads\/2018\/09\/Partenza-gara-1-300x170.jpg\" alt=\"\" width=\"300\" height=\"170\" srcset=\"https:\/\/www.podistipercaso.it\/home\/wp-content\/uploads\/2018\/09\/Partenza-gara-1-300x170.jpg 300w, https:\/\/www.podistipercaso.it\/home\/wp-content\/uploads\/2018\/09\/Partenza-gara-1-768x435.jpg 768w, https:\/\/www.podistipercaso.it\/home\/wp-content\/uploads\/2018\/09\/Partenza-gara-1-1024x580.jpg 1024w, https:\/\/www.podistipercaso.it\/home\/wp-content\/uploads\/2018\/09\/Partenza-gara-1.jpg 1197w\" sizes=\"auto, (max-width: 300px) 100vw, 300px\" \/>Squilli di tromba nella prima tappa del Terre Iblee Tour, partito ieri da Sampieri (Scicli). Subito le vittorie dei favoriti Amenta, tra gli uomini, Bennici tra le donne, per mettere in chiaro che saranno loro gli atleti da battere. <\/em><\/p>\n<p>&nbsp;<\/p>\n<p>&nbsp;<\/p>\n<p style=\"text-align: justify;\">Scicli (RG) \u2013 <strong>Tutto secondo copione nella prima tappa della V edizione <\/strong>del \u201c<strong>Terre Iblee Tour<\/strong>\u201d, che si \u00e8 disputata ieri pomeriggio a Sampieri. Poco pi\u00f9 di sette chilometri con partenza e arrivo dalla pineta, passaggio in spiaggia (a sfiorare la Fornace) e ritorno dalla pista ciclabile. A vincere, mettendo subito in chiaro quale sar\u00e0 il loro ruolo nella tre giorni, sono stati <strong>Alberto Amenta<\/strong> tesserato per l\u2019atletica Colli Scicli e vincitore della passata edizione del Terre Iblee Tour e <strong>Barbara Bennici<\/strong>, palermitana del Casone Noceto Parma, reduce dai campionati italiani su \u00a0strada di Alberobello sui 10 chilometri, dove ha ottenuto un lusinghiero sesto posto di categoria.<\/p>\n<p style=\"text-align: justify;\"><img loading=\"lazy\" decoding=\"async\" class=\"alignleft wp-image-3040 size-medium\" src=\"https:\/\/www.podistipercaso.it\/home\/wp-content\/uploads\/2018\/09\/Arrivo-Alberto-Amenta-300x200.jpg\" alt=\"\" width=\"300\" height=\"200\" srcset=\"https:\/\/www.podistipercaso.it\/home\/wp-content\/uploads\/2018\/09\/Arrivo-Alberto-Amenta-300x200.jpg 300w, https:\/\/www.podistipercaso.it\/home\/wp-content\/uploads\/2018\/09\/Arrivo-Alberto-Amenta-768x512.jpg 768w, https:\/\/www.podistipercaso.it\/home\/wp-content\/uploads\/2018\/09\/Arrivo-Alberto-Amenta-1024x683.jpg 1024w, https:\/\/www.podistipercaso.it\/home\/wp-content\/uploads\/2018\/09\/Arrivo-Alberto-Amenta.jpg 1200w\" sizes=\"auto, (max-width: 300px) 100vw, 300px\" \/>Gara veloce malgrado il percorso vario ed insidioso con Amenta che ha chiuso con poco pi\u00f9 di 20 secondi di vantaggio su Andrea Radaelli (della lombarda QT8 Run) bravo a precedere in volata il campano Antonio Mangano (Atletica Camaldolese). Arrivo in solitaria anche per la Bennici (preceduta da solo dodici maschietti) che ha preceduto di 41 secondi la francese (di chiare origini italiane) Maria Peron della CA Balma Francia; terza Rosanna Massari (QTO Run).\u00a0 Ad aprire la kermesse il folto gruppo di \u201ccamminatori\u201d che ha dapprima preceduto gli atleti, chiudendo poi la prima giornata di gare. <strong>La manifestazione, organizzata dall\u2019ASD \u201cTre Colli\u201d Scicli, <\/strong><strong>prosegue \u00a0<\/strong>oggi con<strong> la seconda tappa, <\/strong><strong>che vedr\u00e0 i girini impegnati ne \u201c La danza del gabbiano\u201d<\/strong>. Un giro unico per un totale di\u00a0circa 5.700 metri una sorta di\u00a0 mini \u2013 trail che potrebbe regalare sorprese o dare conferme. Ritrovo nel pomeriggio, presso l\u2019area attrezzata di Mangiagesso nel comune di Modica. Anche in questa occasione, primo start per i camminatori, subito dopo la competitiva.<\/p>\n<p style=\"text-align: justify;\"><img loading=\"lazy\" decoding=\"async\" class=\"alignleft wp-image-3041 size-medium\" src=\"https:\/\/www.podistipercaso.it\/home\/wp-content\/uploads\/2018\/09\/Arrivo-Barbara-Bennici-200x300.jpg\" alt=\"\" width=\"200\" height=\"300\" srcset=\"https:\/\/www.podistipercaso.it\/home\/wp-content\/uploads\/2018\/09\/Arrivo-Barbara-Bennici-200x300.jpg 200w, https:\/\/www.podistipercaso.it\/home\/wp-content\/uploads\/2018\/09\/Arrivo-Barbara-Bennici.jpg 533w\" sizes=\"auto, (max-width: 200px) 100vw, 200px\" \/>Quest\u2019anno il \u201cTerre Iblee Tour\u201d- corsa a tappe nei luoghi di Montalbano, guarda anche alla solidariet\u00e0: parte del ricavato delle iscrizioni infatti sar\u00e0 devoluto alla casa famiglia Santa Chiara della Comunit\u00e0 Papa Giovanni XXIII, che in contrada Santa Rosalia, a Scicli, si prende cura, di bambini, disabili, persone sole e abbandonate, anziani e chiunque necessiti di essere accolto e aiutato ogni giorno.<\/p>\n<p>&nbsp;<\/p>\n<p><strong>CLASSIFICA 1\u00b0 TAPPA UOMINI<\/strong><\/p>\n<ul>\n<li>Alberto Amenta (Atletica Libertas Scicli) 25\u201932<\/li>\n<li>Andrea Radaelli (QT8 Run) 25\u201953<\/li>\n<li>Antonio Mangano (Pol. Atletica Camaldolese) 25\u201956<\/li>\n<li>Ivano Nicolosi (Marathon Club Sciacca) 26\u201916<\/li>\n<li>Antonio Zagarini (Atletica Libertas Scicli) 26\u201923<\/li>\n<\/ul>\n<p><strong>CLASSIFICA 1\u00b0 TAPPA DONNE <\/strong><\/p>\n<ul>\n<li>Barbara Bennici (Casone Noceto) 27\u201951<\/li>\n<li>Marina Peron (CA \u2013 Balma Francia) 28\u201932<\/li>\n<li>Rossana Massari (QT8 Run) 30\u201901<\/li>\n<li>Lucia Macauda (Eloro Running) 32\u201904<\/li>\n<li>Rosita Sessa (Eloro Running) 32\u201931<\/li>\n<\/ul>\n<p>&nbsp;<\/p>\n","protected":false},"excerpt":{"rendered":"<p>Squilli di tromba nella prima tappa del Terre Iblee Tour, partito ieri da Sampieri (Scicli). Subito le vittorie dei favoriti Amenta, tra gli uomini, Bennici tra le donne, per mettere in chiaro che saranno loro gli atleti da battere. &nbsp; &nbsp; Scicli (RG) \u2013 Tutto secondo copione nella prima tappa della V edizione del \u201cTerre [&hellip;]<\/p>\n","protected":false},"author":1,"featured_media":3038,"comment_status":"closed","ping_status":"closed","sticky":false,"template":"","format":"standard","meta":{"_jetpack_memberships_contains_paid_content":false,"footnotes":""},"categories":[6],"tags":[],"class_list":["post-3037","post","type-post","status-publish","format-standard","has-post-thumbnail","hentry","category-notizie"],"jetpack_featured_media_url":"https:\/\/www.podistipercaso.it\/home\/wp-content\/uploads\/2018\/09\/Gruppo-camminatori.jpg","jetpack_sharing_enabled":true,"_links":{"self":[{"href":"https:\/\/www.podistipercaso.it\/home\/wp-json\/wp\/v2\/posts\/3037","targetHints":{"allow":["GET"]}}],"collection":[{"href":"https:\/\/www.podistipercaso.it\/home\/wp-json\/wp\/v2\/posts"}],"about":[{"href":"https:\/\/www.podistipercaso.it\/home\/wp-json\/wp\/v2\/types\/post"}],"author":[{"embeddable":true,"href":"https:\/\/www.podistipercaso.it\/home\/wp-json\/wp\/v2\/users\/1"}],"replies":[{"embeddable":true,"href":"https:\/\/www.podistipercaso.it\/home\/wp-json\/wp\/v2\/comments?post=3037"}],"version-history":[{"count":2,"href":"https:\/\/www.podistipercaso.it\/home\/wp-json\/wp\/v2\/posts\/3037\/revisions"}],"predecessor-version":[{"id":3043,"href":"https:\/\/www.podistipercaso.it\/home\/wp-json\/wp\/v2\/posts\/3037\/revisions\/3043"}],"wp:featuredmedia":[{"embeddable":true,"href":"https:\/\/www.podistipercaso.it\/home\/wp-json\/wp\/v2\/media\/3038"}],"wp:attachment":[{"href":"https:\/\/www.podistipercaso.it\/home\/wp-json\/wp\/v2\/media?parent=3037"}],"wp:term":[{"taxonomy":"category","embeddable":true,"href":"https:\/\/www.podistipercaso.it\/home\/wp-json\/wp\/v2\/categories?post=3037"},{"taxonomy":"post_tag","embeddable":true,"href":"https:\/\/www.podistipercaso.it\/home\/wp-json\/wp\/v2\/tags?post=3037"}],"curies":[{"name":"wp","href":"https:\/\/api.w.org\/{rel}","templated":true}]}}