{"id":3027,"date":"2018-09-09T10:18:53","date_gmt":"2018-09-09T08:18:53","guid":{"rendered":"http:\/\/www.podistipercaso.it\/home\/?p=3027"},"modified":"2018-10-18T19:17:47","modified_gmt":"2018-10-18T17:17:47","slug":"alberto-amenta-e-barbara-bennici-si-confermano-nella-tappa-del-mini-trail","status":"publish","type":"post","link":"https:\/\/www.podistipercaso.it\/home\/alberto-amenta-e-barbara-bennici-si-confermano-nella-tappa-del-mini-trail\/","title":{"rendered":"Alberto Amenta e Barbara Bennici si confermano nella tappa del mini-trail"},"content":{"rendered":"<p><em><img loading=\"lazy\" decoding=\"async\" class=\"alignleft wp-image-3029 size-medium\" src=\"https:\/\/www.podistipercaso.it\/home\/wp-content\/uploads\/2018\/09\/Arrivo-Amenta-300x200.jpg\" alt=\"\" width=\"300\" height=\"200\" srcset=\"https:\/\/www.podistipercaso.it\/home\/wp-content\/uploads\/2018\/09\/Arrivo-Amenta-300x200.jpg 300w, https:\/\/www.podistipercaso.it\/home\/wp-content\/uploads\/2018\/09\/Arrivo-Amenta-768x512.jpg 768w, https:\/\/www.podistipercaso.it\/home\/wp-content\/uploads\/2018\/09\/Arrivo-Amenta-1024x683.jpg 1024w, https:\/\/www.podistipercaso.it\/home\/wp-content\/uploads\/2018\/09\/Arrivo-Amenta.jpg 1200w\" sizes=\"auto, (max-width: 300px) 100vw, 300px\" \/>Vittoria-bis per il portacolori dell\u2019Atletica Libertas Scicli e per l\u2019atleta palermitana che ipotecano il successo al Terre Iblee Tour. La terza tappa oggi nel cuore di Scicli<\/em><\/p>\n<p>&nbsp;<\/p>\n<p>&nbsp;<\/p>\n<p>&nbsp;<\/p>\n<p>&nbsp;<\/p>\n<p><img loading=\"lazy\" decoding=\"async\" class=\"alignleft wp-image-3031 size-medium\" src=\"https:\/\/www.podistipercaso.it\/home\/wp-content\/uploads\/2018\/09\/Arrivo-Bennici-300x200.jpg\" alt=\"\" width=\"300\" height=\"200\" srcset=\"https:\/\/www.podistipercaso.it\/home\/wp-content\/uploads\/2018\/09\/Arrivo-Bennici-300x200.jpg 300w, https:\/\/www.podistipercaso.it\/home\/wp-content\/uploads\/2018\/09\/Arrivo-Bennici-768x512.jpg 768w, https:\/\/www.podistipercaso.it\/home\/wp-content\/uploads\/2018\/09\/Arrivo-Bennici-1024x683.jpg 1024w, https:\/\/www.podistipercaso.it\/home\/wp-content\/uploads\/2018\/09\/Arrivo-Bennici.jpg 1200w\" sizes=\"auto, (max-width: 300px) 100vw, 300px\" \/>Scicli (RG) \u2013 La tappa pi\u00f9 ostica, quella del mini-trail di quasi sei chilometri alla fine ha fatto meno paura di quello che si paventava alla vigilia. E cos\u00ec <strong>Alberto Amenta<\/strong> e <strong>Barbara Bennici<\/strong> hanno bissato il successo della prima tappa, andando a vincere, ieri pomeriggio, anche il secondo appuntamento del Terre Iblee Tour, con il via dall\u2019interno dell\u2019area attrezzata di \u00a0Mangiagesso in localit\u00e0 Modica. Un \u201cassaggio\u201d di trail con tanto di single-track e salite spezza fiato. Vittoria in solitaria per Amenta che il vuoto l\u2019ha fatto proprio nella parte pi\u00f9 dura del percorso, dopo aver controllato, in apertura di gara. Alle sue spalle con un ritardo di \u00a043\u201d secondi, <strong>Matteo Simonetti<\/strong> (CS Rocchino),\u00a0 terzo a 49 secondi il campano <strong>Antonio Mangano<\/strong> (Pol. Atl. Camaldolese). Sugli scudi l\u2019Atletica Libertas Scicli, che ha piazzato tre suoi uomini nei primi cinque posti, mentre individualmente rimane avvincente ed incerta la sfida per le posizioni meno nobili del podio.<\/p>\n<p>Gara al femminile con la <strong>Bennici<\/strong> assoluta protagonista. L\u2019atleta tesserata per il Casone Noceto Parma pur non essendo a suo agio nel percorso collinare, ha svolto bene il suo compito, controllando laddove la prudenza dettava un ritmo pi\u00f9 cauto ed attaccando nei punti dove l\u2019atleta di Palermo era pi\u00f9 a suo agio. Alla fine la Bennici \u00e8 giunta al traguardo\u00a0 con un vantaggio di oltre un minuto sulla francese <strong>Peron<\/strong>, che ha consolidato il secondo posto assoluto; terza la lombarda <strong>Rossana Massari<\/strong> (QT8 Run), per quello che appare un podio gi\u00e0 confezionato ancor prima dell\u2019ultima tornata. Anche la seconda tappa ha visto la colorata e gioiosa presenza dei camminatori, che partiti prima si sono poi mischiati agli agonisti, arrivando alla spicciolata. L\u2019epilogo della manifestazione, \u00a0nella giornata di oggi, domenica 9 settembre, con la gara che vedr\u00e0 protagonisti atleti e camminatori proprio a Scicli, in un percorso cittadino di circa sette chilometri. Una corsa tra storia, cultura e tradizione, tra le viuzze del centro ragusano dal 2002 patrimonio dell\u2019Unesco, che vedr\u00e0 in prima fila anche i pi\u00f9 piccoli, in una competizione che preceder\u00e0 le premiazioni finali.<\/p>\n<p>&nbsp;<\/p>\n<p><strong>CLASSIFICA 2a TAPPA UOMINI<\/strong><\/p>\n<ul>\n<li>Alberto Amenta (Atletica Libertas Scicli) 24\u201944<\/li>\n<li>Matteo Simonetti (CS Rocchino) 25\u201927<\/li>\n<li>Antonio Mangano (Pol. Atletica Camaldolese) 25\u201933<\/li>\n<li>Antonio Zagarini (Atletica Libertas Scicli ) 25\u201938<\/li>\n<li>Fabio Miccich\u00e8 (Atletica Libertas Scicli) 25\u201939<\/li>\n<\/ul>\n<p><strong>\u00a0<\/strong><\/p>\n<p><strong>CLASSIFICA 2a TAPPA DONNE <\/strong><\/p>\n<ul>\n<li>Barbara Bennici (Casone Noceto) 26\u201948<\/li>\n<li>Marina Peron (CA \u2013 Balma Francia) 27\u201957<\/li>\n<li>Rossana Massari (QT8 Run) 30\u201924<\/li>\n<li>Lucia Macauda (Eloro Running) 31\u201920<\/li>\n<li>Rosita Sessa (Eloro Running) 33\u201932<\/li>\n<\/ul>\n<p><img loading=\"lazy\" decoding=\"async\" class=\"alignleft size-medium wp-image-3034\" src=\"https:\/\/www.podistipercaso.it\/home\/wp-content\/uploads\/2018\/09\/Camminatori-300x200.jpg\" alt=\"\" width=\"300\" height=\"200\" srcset=\"https:\/\/www.podistipercaso.it\/home\/wp-content\/uploads\/2018\/09\/Camminatori-300x200.jpg 300w, https:\/\/www.podistipercaso.it\/home\/wp-content\/uploads\/2018\/09\/Camminatori-768x512.jpg 768w, https:\/\/www.podistipercaso.it\/home\/wp-content\/uploads\/2018\/09\/Camminatori-1024x683.jpg 1024w, https:\/\/www.podistipercaso.it\/home\/wp-content\/uploads\/2018\/09\/Camminatori.jpg 1200w\" sizes=\"auto, (max-width: 300px) 100vw, 300px\" \/> <img loading=\"lazy\" decoding=\"async\" class=\"alignleft size-medium wp-image-3035\" src=\"https:\/\/www.podistipercaso.it\/home\/wp-content\/uploads\/2018\/09\/gruppo-corsa-300x200.jpg\" alt=\"\" width=\"300\" height=\"200\" srcset=\"https:\/\/www.podistipercaso.it\/home\/wp-content\/uploads\/2018\/09\/gruppo-corsa-300x200.jpg 300w, https:\/\/www.podistipercaso.it\/home\/wp-content\/uploads\/2018\/09\/gruppo-corsa-768x512.jpg 768w, https:\/\/www.podistipercaso.it\/home\/wp-content\/uploads\/2018\/09\/gruppo-corsa-1024x683.jpg 1024w, https:\/\/www.podistipercaso.it\/home\/wp-content\/uploads\/2018\/09\/gruppo-corsa.jpg 1200w\" sizes=\"auto, (max-width: 300px) 100vw, 300px\" \/><\/p>\n","protected":false},"excerpt":{"rendered":"<p>Vittoria-bis per il portacolori dell\u2019Atletica Libertas Scicli e per l\u2019atleta palermitana che ipotecano il successo al Terre Iblee Tour. La terza tappa oggi nel cuore di Scicli &nbsp; &nbsp; &nbsp; &nbsp; Scicli (RG) \u2013 La tappa pi\u00f9 ostica, quella del mini-trail di quasi sei chilometri alla fine ha fatto meno paura di quello che si [&hellip;]<\/p>\n","protected":false},"author":1,"featured_media":3028,"comment_status":"closed","ping_status":"closed","sticky":false,"template":"","format":"standard","meta":{"_jetpack_memberships_contains_paid_content":false,"footnotes":""},"categories":[6],"tags":[],"class_list":["post-3027","post","type-post","status-publish","format-standard","has-post-thumbnail","hentry","category-notizie"],"jetpack_featured_media_url":"https:\/\/www.podistipercaso.it\/home\/wp-content\/uploads\/2018\/09\/Partenza-gara.jpg","jetpack_sharing_enabled":true,"_links":{"self":[{"href":"https:\/\/www.podistipercaso.it\/home\/wp-json\/wp\/v2\/posts\/3027","targetHints":{"allow":["GET"]}}],"collection":[{"href":"https:\/\/www.podistipercaso.it\/home\/wp-json\/wp\/v2\/posts"}],"about":[{"href":"https:\/\/www.podistipercaso.it\/home\/wp-json\/wp\/v2\/types\/post"}],"author":[{"embeddable":true,"href":"https:\/\/www.podistipercaso.it\/home\/wp-json\/wp\/v2\/users\/1"}],"replies":[{"embeddable":true,"href":"https:\/\/www.podistipercaso.it\/home\/wp-json\/wp\/v2\/comments?post=3027"}],"version-history":[{"count":4,"href":"https:\/\/www.podistipercaso.it\/home\/wp-json\/wp\/v2\/posts\/3027\/revisions"}],"predecessor-version":[{"id":3036,"href":"https:\/\/www.podistipercaso.it\/home\/wp-json\/wp\/v2\/posts\/3027\/revisions\/3036"}],"wp:featuredmedia":[{"embeddable":true,"href":"https:\/\/www.podistipercaso.it\/home\/wp-json\/wp\/v2\/media\/3028"}],"wp:attachment":[{"href":"https:\/\/www.podistipercaso.it\/home\/wp-json\/wp\/v2\/media?parent=3027"}],"wp:term":[{"taxonomy":"category","embeddable":true,"href":"https:\/\/www.podistipercaso.it\/home\/wp-json\/wp\/v2\/categories?post=3027"},{"taxonomy":"post_tag","embeddable":true,"href":"https:\/\/www.podistipercaso.it\/home\/wp-json\/wp\/v2\/tags?post=3027"}],"curies":[{"name":"wp","href":"https:\/\/api.w.org\/{rel}","templated":true}]}}