{"id":3003,"date":"2018-09-03T15:39:17","date_gmt":"2018-09-03T13:39:17","guid":{"rendered":"http:\/\/www.podistipercaso.it\/home\/?p=3003"},"modified":"2018-09-03T15:39:17","modified_gmt":"2018-09-03T13:39:17","slug":"ad-alberobello-i-tricolori-dei-10-chilometri-di-corsa-su-strada-i-risultati-dei-siciliani","status":"publish","type":"post","link":"https:\/\/www.podistipercaso.it\/home\/ad-alberobello-i-tricolori-dei-10-chilometri-di-corsa-su-strada-i-risultati-dei-siciliani\/","title":{"rendered":"Ad Alberobello i tricolori dei 10 chilometri di corsa su strada. I risultati dei siciliani"},"content":{"rendered":"<p style=\"text-align: justify;\"><em><img loading=\"lazy\" decoding=\"async\" class=\"alignleft wp-image-3004 size-medium\" src=\"https:\/\/www.podistipercaso.it\/home\/wp-content\/uploads\/2018\/09\/40485052_10216814485217222_8705966908777693184_n-300x225.jpg\" alt=\"\" width=\"300\" height=\"225\" srcset=\"https:\/\/www.podistipercaso.it\/home\/wp-content\/uploads\/2018\/09\/40485052_10216814485217222_8705966908777693184_n-300x225.jpg 300w, https:\/\/www.podistipercaso.it\/home\/wp-content\/uploads\/2018\/09\/40485052_10216814485217222_8705966908777693184_n-768x576.jpg 768w, https:\/\/www.podistipercaso.it\/home\/wp-content\/uploads\/2018\/09\/40485052_10216814485217222_8705966908777693184_n.jpg 960w\" sizes=\"auto, (max-width: 300px) 100vw, 300px\" \/>Nei\u00a0<strong>Campionati Italiani dei 10 chilometri di corsa su strada<\/strong>, ad\u00a0<strong>Alberobello<\/strong>(Bari), titoli assoluti a Marco\u00a0<strong>Salami<\/strong>\u00a0(Esercito) e Sara\u00a0<strong>Dossena<\/strong>\u00a0(Laguna Running). Per entrambi \u00e8 il primo successo in questa gara. Su un percorso in saliscendi nella capitale dei trulli, ma particolarmente suggestivo, tra gli uomini il mantovano con 29:45 festeggia il quinto tricolore in carriera, un anno dopo la vittoria nei 5000 in pista. Finiscono alle sue spalle Ahmed El Mazoury (Atl. Casone Noceto, 29:57), che replica il secondo posto dell\u2019ultima edizione, e Marouan Razine (Esercito, 30:25), leader nel 2016. Al femminile la maratoneta lombarda, sesta agli Europei di Berlino, vince in solitaria con il tempo finale di 33:47 e centra il suo terzo titolo che segue quelli di campestre (2015) e nei 10.000 su pista della scorsa stagione, in attesa di puntare alla prossima 42,195 km di New York. In una giornata soleggiata, di fronte a una bella cornice di pubblico, si fa notare il secondo posto tricolore di Elena Romagnolo (Cus Pro Patria Milano). La primatista nazionale dei 3000 siepi e due volte finalista olimpica, dopo la maternit\u00e0, non \u00e8 pi\u00f9 un\u2019atleta a tempo pieno ma torna sul podio in 35:01 davanti alla ventenne Nicole\u00a0<strong>Reina<\/strong>\u00a0(Cus Pro Patria Milano, 35:23), terza delle italiane per conquistare il titolo della categoria under 23\u00a0che al maschile vede la conferma di Alessandro\u00a0<strong>Giacobazzi<\/strong>\u00a0(La Fratellanza 1874 Modena, 30:53). Tra gli juniores prevale il pugliese Pasquale\u00a0<strong>Selvarolo<\/strong>\u00a0(Barile Flower Terlizzi, 31:38) e\u00a0si ripete Michela\u00a0<strong>Cesar\u00f2<\/strong>\u00a0(Cus Torino, 37:26). Nelle gare under 18 un altro titolo in questa stagione per i campioni su pista: l\u2019allievo Francesco\u00a0<strong>Guerra<\/strong>\u00a0(Rcf Roma Sud, 33:11), che fa poker dopo l\u2019accoppiata di Rieti (1500-300) e il successo anche nel cross, mentre sui 6 km al femminile si impone Martina\u00a0<strong>Cornia<\/strong>\u00a0(La Fratellanza 1874 Modena, 21:25).\u00a0<\/em><\/p>\n<p style=\"text-align: justify;\">Fonte Fidal<\/p>\n<p style=\"text-align: justify;\"><strong><img loading=\"lazy\" decoding=\"async\" class=\"alignleft size-medium wp-image-3006\" src=\"https:\/\/www.podistipercaso.it\/home\/wp-content\/uploads\/2018\/09\/40580392_10216814486417252_4349446757126504448_n-300x225.jpg\" alt=\"\" width=\"300\" height=\"225\" srcset=\"https:\/\/www.podistipercaso.it\/home\/wp-content\/uploads\/2018\/09\/40580392_10216814486417252_4349446757126504448_n-300x225.jpg 300w, https:\/\/www.podistipercaso.it\/home\/wp-content\/uploads\/2018\/09\/40580392_10216814486417252_4349446757126504448_n-768x576.jpg 768w, https:\/\/www.podistipercaso.it\/home\/wp-content\/uploads\/2018\/09\/40580392_10216814486417252_4349446757126504448_n.jpg 960w\" sizes=\"auto, (max-width: 300px) 100vw, 300px\" \/>In chiave \u201catleti siciliani\u201d<\/strong>\u00a0spicca la prestazione dell\u2019atleta di Altofonte\u00a0<strong>Alessio Terrasi<\/strong>\u00a0(Parco Alpi Apuane) quarto assoluto degli italiani con il tempo di 30\u201949.\u00a0 Il compagno di squadra, il lentinese\u00a0<strong>Alessandro Brancato<\/strong>\u00a0chiude con il tempo di 31\u201953.\u00a0 Ancora categoria SM con Salvatore\u00a0<strong>Azzaretto<\/strong>\u00a0(Palermo h.13.30) in 39\u201908.<\/p>\n<p style=\"text-align: justify;\">Presenze isolane nella SM35, con\u00a0 un duo Monti Rossi Nicolosi che si \u00e8 ben comportato: lusinghiero decimo posto per\u00a0<strong>Filippo Lo Piccolo<\/strong>\u00a0che ha fermato il crono sul tempo di 35\u201930;\u00a0<strong>Enrico Pafumi<\/strong>\u00a023\u00b0 con 35\u201954;<\/p>\n<p style=\"text-align: justify;\">Nella SM40 Vito Cascio (Monti Rossi Nicolosi) in 44\u201937; nella SM50 Salvatore<strong>\u00a0Sessa<\/strong>\u00a0(Podistica Messina) 43.53; ottava piazza, nella SM55, per Tina<strong>\u00a0Venerando<\/strong>\u00a0(Atl. Avola) con il tempo di 39\u201947.<\/p>\n<p style=\"text-align: justify;\">Le donne:\u00a0<strong>Silvia La Barbera<\/strong>\u00a0(Caivano Runners) ha chiuso all\u2019undicesimo posto assoluto (sesta delle italiane) e quarta nella categoria SF con il tempo di 36\u201913;\u00a0 la palermitana\u00a0<strong>Barbara Bennici<\/strong>\u00a0(Casone Noceto) ha chiuso al sesto posto nella categoria SF35 con il tempo di 40\u201913;\u00a0<strong>Alessia Tuccitto<\/strong>\u00a0(Trinacria Sport) nella categoria Promesse ha centrato il sesto posto con l\u2019ottimo tempo di 37\u201932;\u00a0<strong>Angela Pagano<\/strong>\u00a0(Cus Catania) nella categorie Allieve \u00e8 finita settima con il crono di 23\u201959 (<strong>6 i km<\/strong>\u00a0per quest\u2019ultima categoria).<\/p>\n<p>Attendiamo eventuali vostre segnalazioni per atleti siciliani presenti ad Alberobello e qui non citati.<\/p>\n<p><strong>Da sito Fidal tutti i campioni italiani master (10 km su strada)<\/strong><\/p>\n<p><strong>UOMINI<\/strong><br \/>\n<strong>SM35<\/strong>: Francesco Bona (Aeronautica) 30:44<br \/>\n<strong>SM40<\/strong>: Francesco Minerva (Montedoro Noci) 32:28<br \/>\n<strong>SM45<\/strong>: Joachim Nshimirimana (Atl. Casone Noceto) 32:03<br \/>\n<strong>SM50<\/strong>:\u00a0Said Boudalia (Cagliari Marathon Club) 31:40 MPI<br \/>\n<strong>SM55<\/strong>: Franco Torresani (Atl. Paratico) 35:44<br \/>\n<strong>SM60<\/strong>: Andrea Maresca (Montemiletto Team Runners) 39:43<br \/>\n<strong>SM65<\/strong>: Michele Gallo (Montedoro Noci) 39:55<br \/>\n<strong>SM70<\/strong>: Pierino Barbonetti (Runners Chieti) 42:08<br \/>\n<strong>SM75<\/strong>: Tommaso Valente (Gioia Running) 54:17<br \/>\n<strong>SM80<\/strong>: Andrea De Toma (Dynamyk Fitness) 58:01<br \/>\n<strong>SM85<\/strong>: Domenico Memoria (Tocco Runner) 1h07:03<br \/>\n<strong>SM90<\/strong>: Leonardo Palmisano (Alberobello Running) 1h48:42<\/p>\n<p><strong>DONNE<\/strong><br \/>\n<strong>SF35<\/strong>: Elena Romagnolo (Cus Pro Patria Milano) 35:01<br \/>\n<strong>SF40<\/strong>: Palma De Leo (Gs Lammari) 38:34<br \/>\n<strong>SF45<\/strong>: Ivana Iozzia (Calcestruzzi Corradini Excelsior Rubiera) 36:16<br \/>\n<strong>SF50<\/strong>: Enrica Carrara (Atl. Lumezzane) 38:57<br \/>\n<strong>SF55<\/strong>: Gabriella Stea (Atl. Gallipoli) 46:16<br \/>\n<strong>SF60<\/strong>: Antonella Sassi (Gs Il Fiorino) 45:01<br \/>\n<strong>SF65<\/strong>: Gabriella Martini (Cambiaso Risso Running Team Genova) 54:10<br \/>\n<strong>SF70<\/strong>: Franca Costantini (Pretuzi Runners Teramo) 55:20<br \/>\n<strong>SF75<\/strong>: Palmira Saracino (Grecia Salentina) 1h21:09<\/p>\n<p>fonte: siciliarunning.it<\/p>\n","protected":false},"excerpt":{"rendered":"<p>Nei\u00a0Campionati Italiani dei 10 chilometri di corsa su strada, ad\u00a0Alberobello(Bari), titoli assoluti a Marco\u00a0Salami\u00a0(Esercito) e Sara\u00a0Dossena\u00a0(Laguna Running). Per entrambi \u00e8 il primo successo in questa gara. Su un percorso in saliscendi nella capitale dei trulli, ma particolarmente suggestivo, tra gli uomini il mantovano con 29:45 festeggia il quinto tricolore in carriera, un anno dopo la [&hellip;]<\/p>\n","protected":false},"author":1,"featured_media":3005,"comment_status":"closed","ping_status":"closed","sticky":false,"template":"","format":"standard","meta":{"_jetpack_memberships_contains_paid_content":false,"footnotes":""},"categories":[6],"tags":[],"class_list":["post-3003","post","type-post","status-publish","format-standard","has-post-thumbnail","hentry","category-notizie"],"jetpack_featured_media_url":"https:\/\/www.podistipercaso.it\/home\/wp-content\/uploads\/2018\/09\/40563201_10216814484657208_1594570161271078912_n.jpg","jetpack_sharing_enabled":true,"_links":{"self":[{"href":"https:\/\/www.podistipercaso.it\/home\/wp-json\/wp\/v2\/posts\/3003","targetHints":{"allow":["GET"]}}],"collection":[{"href":"https:\/\/www.podistipercaso.it\/home\/wp-json\/wp\/v2\/posts"}],"about":[{"href":"https:\/\/www.podistipercaso.it\/home\/wp-json\/wp\/v2\/types\/post"}],"author":[{"embeddable":true,"href":"https:\/\/www.podistipercaso.it\/home\/wp-json\/wp\/v2\/users\/1"}],"replies":[{"embeddable":true,"href":"https:\/\/www.podistipercaso.it\/home\/wp-json\/wp\/v2\/comments?post=3003"}],"version-history":[{"count":1,"href":"https:\/\/www.podistipercaso.it\/home\/wp-json\/wp\/v2\/posts\/3003\/revisions"}],"predecessor-version":[{"id":3007,"href":"https:\/\/www.podistipercaso.it\/home\/wp-json\/wp\/v2\/posts\/3003\/revisions\/3007"}],"wp:featuredmedia":[{"embeddable":true,"href":"https:\/\/www.podistipercaso.it\/home\/wp-json\/wp\/v2\/media\/3005"}],"wp:attachment":[{"href":"https:\/\/www.podistipercaso.it\/home\/wp-json\/wp\/v2\/media?parent=3003"}],"wp:term":[{"taxonomy":"category","embeddable":true,"href":"https:\/\/www.podistipercaso.it\/home\/wp-json\/wp\/v2\/categories?post=3003"},{"taxonomy":"post_tag","embeddable":true,"href":"https:\/\/www.podistipercaso.it\/home\/wp-json\/wp\/v2\/tags?post=3003"}],"curies":[{"name":"wp","href":"https:\/\/api.w.org\/{rel}","templated":true}]}}