{"id":2993,"date":"2018-08-21T19:44:34","date_gmt":"2018-08-21T17:44:34","guid":{"rendered":"http:\/\/www.podistipercaso.it\/home\/?p=2993"},"modified":"2018-08-21T19:50:25","modified_gmt":"2018-08-21T17:50:25","slug":"sammatrice-linguanti-iozzia-marangio-e-martinez-lupi-nella-notte","status":"publish","type":"post","link":"https:\/\/www.podistipercaso.it\/home\/sammatrice-linguanti-iozzia-marangio-e-martinez-lupi-nella-notte\/","title":{"rendered":"Sammatrice Linguanti Iozzia Marangio e Martinez Lupi nella notte"},"content":{"rendered":"<p><img loading=\"lazy\" decoding=\"async\" class=\"alignleft wp-image-2995 size-medium\" src=\"https:\/\/www.podistipercaso.it\/home\/wp-content\/uploads\/2018\/08\/1-225x300.jpg\" alt=\"\" width=\"225\" height=\"300\" srcset=\"https:\/\/www.podistipercaso.it\/home\/wp-content\/uploads\/2018\/08\/1-225x300.jpg 225w, https:\/\/www.podistipercaso.it\/home\/wp-content\/uploads\/2018\/08\/1-768x1024.jpg 768w, https:\/\/www.podistipercaso.it\/home\/wp-content\/uploads\/2018\/08\/1.jpg 1200w\" sizes=\"auto, (max-width: 225px) 100vw, 225px\" \/>Il trail della luna 2018 di Caltavuturo, settima tappa del circuito Ecotrail Sicilia, verr\u00e0 ricordato per quel \u201cbranco di lupi scatenati\u201d della No al Doping, che dal tramonto di sabato 18 all\u2019alba di domenica 19 parteciparono a due gare in poco meno di 18 ore riuscendo a conquistare la terza posizione nella classifica della combinata. Daniele Sammatrice conquista il quinto posto nella combinata sommando un sesto posto nella notturna (14km in 1:27:05) e un decimo nella diurna (16km in 1:57:55); Linguanti giunge 16\u00b0 sommando un 17\u00b0 posto con 1:38:05 e un 21\u00b0 posto con 2:09:40; Iozzia giunge 22\u00b0 sommando un 15\u00b0 posto con 1:37:00 e un 34\u00b0 posto con 2:20:20; Marangio giunge 36\u00b0 sommando un 38\u00b0 posto con 1:52:56 e un 47\u00b0 posto con 2:33:57; infine Martinez che giunge 46\u00b0 con un 47\u00b0 posto con 2:00:31 e un 63\u00b0 posto con 2:52:58. Un\u2019impresa che pochi della No al Doping hanno osato fare. Ricordiamo di recente solo Rosario Zago che nel 2016 conquist\u00f2 la 26^ posizione nella combinata\u2026<\/p>\n<p>&nbsp;<\/p>\n<p><img loading=\"lazy\" decoding=\"async\" class=\"alignleft wp-image-2996 size-medium\" src=\"https:\/\/www.podistipercaso.it\/home\/wp-content\/uploads\/2018\/08\/4-225x300.jpg\" alt=\"\" width=\"225\" height=\"300\" srcset=\"https:\/\/www.podistipercaso.it\/home\/wp-content\/uploads\/2018\/08\/4-225x300.jpg 225w, https:\/\/www.podistipercaso.it\/home\/wp-content\/uploads\/2018\/08\/4.jpg 768w\" sizes=\"auto, (max-width: 225px) 100vw, 225px\" \/>Nella gara di domenica mattina da 16 km hanno corso anche i superlativi Taranto e Gianchino che con i loro numeri hanno conquistato rispettivamente il 5\u00b0 posto con 1:48:38 e il 17\u00b0 con 2:05:30.<\/p>\n<p>Gioved\u00ec 16 agosto si \u00e8 svolta anche la terza edizione della RandelloCross, memorial Carmelo Chiarand\u00e0, con partenza da punta Braccetto e gara tutta nell\u2019area demaniale della forestale di Randello. Anche li ha predominato l\u2019esperienza di Enzo Taranto che ha vinto col tempo di 40:21, seguito dal giovane Giuseppe Blundo, secondo con 40:31. Laura Tummino conquista il 2\u00b0 posto fra le donne con un ottimo 56:19. Continuando ottimi piazzamenti per Giovanni Dezio, 6\u00b0 con 43:10, Antonino iozzia 11\u00b0 con 43:33, Marco Noto 14\u00b0 con 44:48, Giovanni Cascone 15\u00b0 con 44:55, Giovanni Gatto 16\u00b0 con 45:09, Andrea indigeno 18\u00b0 con 45:58, Giovanni Sanzone 21\u00b0 con 46:40, Gaetano Gulino 23\u00b0 con 47:16, Vladimiro Taormina 24\u00b0 con 47:20, Salvatore Vassallo 26\u00b0 con 47:36, Daniele Sammatrice 27\u00b0 con 48:14, Giovanni Calogero 30\u00b0 con 48:49, Giuseppe Guccione 33\u00b0 con 49:59, Salvatore Candiano 34\u00b0 con 49:59, Filippo Di Quattro 35\u00b0 con 50:03, Gaetano Vizzini Bisaccia 40\u00b0 con 52:35, Rosario Occhipinti 42\u00b0 con 54:15, Maurizio Termini 43\u00b0 con 54:16, Giovanni Macca 46\u00b0 con 55:27, Giovanni Martinez 49\u00b0 con 55:52, Emanuele Mugnas 53\u00b0 con 58:10, Simona Casabene 55^ con 1:00:00, Salvatore Cirnigliaro 56\u00b0 con 1:00:06, Vincenzo Di Francesco 60\u00b0 con 1:05:19, Amalchide Occhipinti 63\u00b0 con 1:05:57, Giovanbattista Fichera 65\u00b0 con 1:10:28.<\/p>\n<p><img loading=\"lazy\" decoding=\"async\" class=\"alignleft wp-image-2997 size-medium\" src=\"https:\/\/www.podistipercaso.it\/home\/wp-content\/uploads\/2018\/08\/5-225x300.jpg\" alt=\"\" width=\"225\" height=\"300\" srcset=\"https:\/\/www.podistipercaso.it\/home\/wp-content\/uploads\/2018\/08\/5-225x300.jpg 225w, https:\/\/www.podistipercaso.it\/home\/wp-content\/uploads\/2018\/08\/5-768x1024.jpg 768w, https:\/\/www.podistipercaso.it\/home\/wp-content\/uploads\/2018\/08\/5.jpg 1200w\" sizes=\"auto, (max-width: 225px) 100vw, 225px\" \/>Inoltre domenica 19 agosto si \u00e8 svolto il 12\u00b0 Trofeo Podistico Estate Riberese sulla distanza di 6 km. Della squadra iblea hanno partecipato gli inossidabili Giovanni Macca e Emanuele Mugnas giungendo su 180 atleti rispettivamente 98\u00b0 con 27:37 e 117\u00b0 con 28:29.<\/p>\n","protected":false},"excerpt":{"rendered":"<p>Il trail della luna 2018 di Caltavuturo, settima tappa del circuito Ecotrail Sicilia, verr\u00e0 ricordato per quel \u201cbranco di lupi scatenati\u201d della No al Doping, che dal tramonto di sabato 18 all\u2019alba di domenica 19 parteciparono a due gare in poco meno di 18 ore riuscendo a conquistare la terza posizione nella classifica della combinata. [&hellip;]<\/p>\n","protected":false},"author":1,"featured_media":2994,"comment_status":"closed","ping_status":"closed","sticky":false,"template":"","format":"standard","meta":{"_jetpack_memberships_contains_paid_content":false,"footnotes":""},"categories":[6],"tags":[],"class_list":["post-2993","post","type-post","status-publish","format-standard","has-post-thumbnail","hentry","category-notizie"],"jetpack_featured_media_url":"https:\/\/www.podistipercaso.it\/home\/wp-content\/uploads\/2018\/08\/3.jpg","jetpack_sharing_enabled":true,"_links":{"self":[{"href":"https:\/\/www.podistipercaso.it\/home\/wp-json\/wp\/v2\/posts\/2993","targetHints":{"allow":["GET"]}}],"collection":[{"href":"https:\/\/www.podistipercaso.it\/home\/wp-json\/wp\/v2\/posts"}],"about":[{"href":"https:\/\/www.podistipercaso.it\/home\/wp-json\/wp\/v2\/types\/post"}],"author":[{"embeddable":true,"href":"https:\/\/www.podistipercaso.it\/home\/wp-json\/wp\/v2\/users\/1"}],"replies":[{"embeddable":true,"href":"https:\/\/www.podistipercaso.it\/home\/wp-json\/wp\/v2\/comments?post=2993"}],"version-history":[{"count":5,"href":"https:\/\/www.podistipercaso.it\/home\/wp-json\/wp\/v2\/posts\/2993\/revisions"}],"predecessor-version":[{"id":3002,"href":"https:\/\/www.podistipercaso.it\/home\/wp-json\/wp\/v2\/posts\/2993\/revisions\/3002"}],"wp:featuredmedia":[{"embeddable":true,"href":"https:\/\/www.podistipercaso.it\/home\/wp-json\/wp\/v2\/media\/2994"}],"wp:attachment":[{"href":"https:\/\/www.podistipercaso.it\/home\/wp-json\/wp\/v2\/media?parent=2993"}],"wp:term":[{"taxonomy":"category","embeddable":true,"href":"https:\/\/www.podistipercaso.it\/home\/wp-json\/wp\/v2\/categories?post=2993"},{"taxonomy":"post_tag","embeddable":true,"href":"https:\/\/www.podistipercaso.it\/home\/wp-json\/wp\/v2\/tags?post=2993"}],"curies":[{"name":"wp","href":"https:\/\/api.w.org\/{rel}","templated":true}]}}