{"id":2937,"date":"2018-07-17T11:46:04","date_gmt":"2018-07-17T09:46:04","guid":{"rendered":"http:\/\/www.podistipercaso.it\/home\/?p=2937"},"modified":"2018-07-17T11:49:57","modified_gmt":"2018-07-17T09:49:57","slug":"11-la-filippide-si-preparano-gli-atleti-per-una-edizione-unica","status":"publish","type":"post","link":"https:\/\/www.podistipercaso.it\/home\/11-la-filippide-si-preparano-gli-atleti-per-una-edizione-unica\/","title":{"rendered":"11\u00b0 La Filippide&#8212;&#8212;&#8211;si preparano gli atleti per una edizione unica"},"content":{"rendered":"<p style=\"text-align: justify;\"><span style=\"color: #000000;\"><img loading=\"lazy\" decoding=\"async\" class=\"alignleft wp-image-2940 size-medium\" src=\"https:\/\/www.podistipercaso.it\/home\/wp-content\/uploads\/2018\/07\/vincitori-filippide-2017-169x300.jpg\" alt=\"\" width=\"169\" height=\"300\" srcset=\"https:\/\/www.podistipercaso.it\/home\/wp-content\/uploads\/2018\/07\/vincitori-filippide-2017-169x300.jpg 169w, https:\/\/www.podistipercaso.it\/home\/wp-content\/uploads\/2018\/07\/vincitori-filippide-2017.jpg 282w\" sizes=\"auto, (max-width: 169px) 100vw, 169px\" \/>Mancano ancora una ventina di giorni al via della gara podistica pi\u00f9 anacronistica che si corre in Italia ed \u00e8 gi\u00e0 un successo con una ampia partecipazione di tutti gli appassionati della corsa a piedi.<\/span><br \/>\n<span style=\"color: #000000;\">Gli atleti si danno appuntamento alle 4,30 del mattino del 5 agosto presso l\u2019 Antica Stazione di Chiaramonte per una gara senza nessun congegno elettrico o elettronico, senza orologi contakilometri o altro, avendo cosi\u2019 una totale assenza temporale, per poi tagliare il traguardo alla Casa del Commissario pi\u00f9 famoso d\u2019 Italia, appunto la Casa di Montalbano a Punta Secca, dopo aver percorso la Planata degli Iblei, passando da Contrada Majorana, Cento Pozzi, e il Castello di Donnafugata dove gi\u00e0 si inizia a intravedere il maestoso Faro di Punta Secca.<\/span><br \/>\n<span style=\"color: #000000;\">Il primo appuntamento con la consegna dei pettorali il sabato pomeriggio presso Palazzo Montesano a Chiaramonte Gulfi , con la visita ai Musei del Comune montano grazie alla Pro Loco; grazie anche a Conad Sallemi per il reintegro degli atleti arrivati al traguardo.<\/span><\/p>\n<p style=\"text-align: justify;\"><span style=\"color: #000000;\">Il 5 agosto oltre alla parte agonistica, la partenza dei camminatori sportivi alle 4.30 di via delle Americhe per poter dire \u201c IO C\u2019ERO\u201d: Evento voluto dai Comuni di Chiaramonte, Ragusa, e Santa Croce Camerina, con organizzazione curata da UISP presieduta da Tonino Siciliano e Asd No al Doping<\/span><\/p>\n<p>Info su <a href=\"http:\/\/www.maratonadiragusa.com\">www.maratonadiragusa.com<\/a><\/p>\n","protected":false},"excerpt":{"rendered":"<p>Mancano ancora una ventina di giorni al via della gara podistica pi\u00f9 anacronistica che si corre in Italia ed \u00e8 gi\u00e0 un successo con una ampia partecipazione di tutti gli appassionati della corsa a piedi. Gli atleti si danno appuntamento alle 4,30 del mattino del 5 agosto presso l\u2019 Antica Stazione di Chiaramonte per una [&hellip;]<\/p>\n","protected":false},"author":1,"featured_media":0,"comment_status":"closed","ping_status":"closed","sticky":false,"template":"","format":"standard","meta":{"_jetpack_memberships_contains_paid_content":false,"footnotes":""},"categories":[4],"tags":[],"class_list":["post-2937","post","type-post","status-publish","format-standard","hentry","category-comunicati-stampa"],"jetpack_featured_media_url":"","jetpack_sharing_enabled":true,"_links":{"self":[{"href":"https:\/\/www.podistipercaso.it\/home\/wp-json\/wp\/v2\/posts\/2937","targetHints":{"allow":["GET"]}}],"collection":[{"href":"https:\/\/www.podistipercaso.it\/home\/wp-json\/wp\/v2\/posts"}],"about":[{"href":"https:\/\/www.podistipercaso.it\/home\/wp-json\/wp\/v2\/types\/post"}],"author":[{"embeddable":true,"href":"https:\/\/www.podistipercaso.it\/home\/wp-json\/wp\/v2\/users\/1"}],"replies":[{"embeddable":true,"href":"https:\/\/www.podistipercaso.it\/home\/wp-json\/wp\/v2\/comments?post=2937"}],"version-history":[{"count":2,"href":"https:\/\/www.podistipercaso.it\/home\/wp-json\/wp\/v2\/posts\/2937\/revisions"}],"predecessor-version":[{"id":2941,"href":"https:\/\/www.podistipercaso.it\/home\/wp-json\/wp\/v2\/posts\/2937\/revisions\/2941"}],"wp:attachment":[{"href":"https:\/\/www.podistipercaso.it\/home\/wp-json\/wp\/v2\/media?parent=2937"}],"wp:term":[{"taxonomy":"category","embeddable":true,"href":"https:\/\/www.podistipercaso.it\/home\/wp-json\/wp\/v2\/categories?post=2937"},{"taxonomy":"post_tag","embeddable":true,"href":"https:\/\/www.podistipercaso.it\/home\/wp-json\/wp\/v2\/tags?post=2937"}],"curies":[{"name":"wp","href":"https:\/\/api.w.org\/{rel}","templated":true}]}}