{"id":2927,"date":"2018-07-16T10:53:47","date_gmt":"2018-07-16T08:53:47","guid":{"rendered":"http:\/\/www.podistipercaso.it\/home\/?p=2927"},"modified":"2018-07-16T10:56:41","modified_gmt":"2018-07-16T08:56:41","slug":"miglio-notturno-memorial-sciuto-5-prova-del-circuito-catania-corre-2018-progitec-challenge","status":"publish","type":"post","link":"https:\/\/www.podistipercaso.it\/home\/miglio-notturno-memorial-sciuto-5-prova-del-circuito-catania-corre-2018-progitec-challenge\/","title":{"rendered":"Miglio Notturno \u2013 Memorial Sciuto 5^ prova del circuito Catania Corre 2018 \u2013 PROGITEC CHALLENGE"},"content":{"rendered":"<p style=\"text-align: justify;\"><span style=\"color: #000000;\"><img loading=\"lazy\" decoding=\"async\" class=\"alignleft size-medium wp-image-2930\" src=\"https:\/\/www.podistipercaso.it\/home\/wp-content\/uploads\/2018\/07\/DSC_0416-199x300.jpg\" alt=\"\" width=\"199\" height=\"300\" srcset=\"https:\/\/www.podistipercaso.it\/home\/wp-content\/uploads\/2018\/07\/DSC_0416-199x300.jpg 199w, https:\/\/www.podistipercaso.it\/home\/wp-content\/uploads\/2018\/07\/DSC_0416.jpg 319w\" sizes=\"auto, (max-width: 199px) 100vw, 199px\" \/>Il \u201cCatania Corre 2018\u201d continua a correre. Questa volta per la quinta prova ci troviamo a San Pietro Clarenza, in occasione del \u201cMemorial Sciuto\u201d. Siamo all\u2019interno dello stadio comunale \u201cPaolo Licandro\u201d, un impianto \u201cminimalista\u201d dove c\u2019\u00e8 quanto basta ai podisti, immerso nelle sciare etnee con un magnifico panorama sul \u201cgigante buono\u201d, l\u2019Etna. Siamo al tramonto e mentre il sole scompare all\u2019orizzonte, i podisti appaiono a piccoli gruppi pronti a cimentarsi in questa singolare competizione del miglio notturno \u201cmultiplo\u201d, due o tre miglia a seconda della categoria di appartenenza. Sono le otto e mezza e lo stretto anello asfaltato sul quale misureremo le nostre forze \u00e8 ancora rovente dopo la giornata over 35 gradi. Gli ultimi chiarori serali rendono ancor pi\u00f9 magico il panorama della montagna etnea, mi distraggo un po\u2019 e non penso alla gara, sono un poco deconcentrato. Poi d\u2019improvviso l\u2019ultima luce naturale viene annullata e sostituita dalla \u201cforza\u201d dell\u2019impianto di luci artificiali che illumina a giorno lo stadio. Questo \u201csalto luminoso\u201d mi fa tornare alla realt\u00e0 e prendo coscienza che debbo iniziare a riscaldarmi per affrontare la competizione che mi attende tra pochi minuti, nel migliore dei modi.<\/span><\/p>\n<p style=\"text-align: justify;\"><span style=\"color: #000000;\">Alle 21 Davide Bandieramonte, \u201cregista\u201d e speaker della manifestazione, chiama all\u2019appello le donne che parteciperanno alla prima batteria nella quale il miglio sar\u00e0 doppio oltre che notturno. Colpo di pistola e tutte le donne \u201cgiovani e giovanissime\u201d scappano via. Adalgisa Polopoli (A.S.D. Monti Rossi Nicolosi), \u201cforse\u201d per gli amici Gisella, scappa pi\u00f9 velocemente delle altre e al primo giro ha gi\u00e0 sette secondi di vantaggio sulla compagna di societ\u00e0 Elena Sapuppo. Progressivamente Gisella si invola, non c\u2019\u00e8 alcuna possibilit\u00e0 per chi la insegue. Alle spalle di Gisella, con notevole distacco, la Sapuppo conserva \u201ctranquillamente\u201d il secondo posto e ancora pi\u00f9 indietro, con identica tranquillit\u00e0, Maria Teresa Steivano dell\u2019Atletica Misterbianco il terzo, mentre la gara \u201cvive\u201d sul duello per il quarto posto ingaggiato da Lucia Patronaggio dell\u2019Atletica Sicilia e Lorenza Pennisi dell\u2019Atletica Fortitudo che vede prevalere quest\u2019ultima solo all\u2019ultimo giro quando Lucia cede nettamente.<\/span><\/p>\n<p style=\"text-align: justify;\"><span style=\"color: #000000;\">Alle 21 e 25 \u00e8 il mio turno e quello degli altri 19 \u201cover 55\u201d che daranno vita alla seconda batteria; i giri saranno sempre 8 pi\u00f9 un \u201cpezzettino\u201d per completare la distanza delle due miglia. C\u2019\u00e8 la spunta, il colpo di pistola e questa volta a scappare via pi\u00f9 velocemente di tutti gli altri \u00e8 Santo Vazzano (Etnatletica San Pietro Clarenza). Francesco Salonia dell\u2019Atletica Fortitudo prova stare dietro al pasticcere di Viagrande ma non resiste neppure un giro e Santo giro dopo giro aumenta il suo vantaggio. Io ho il mio solito \u201cpunto di riferimento\u201d che si chiama Renato Lo Faro della Fortitudo Catania e sono appresso a lui; ci fanno compagnia Antonino Messina (ASD Atletica Valverde) e Fabio Reali (ASD Randabike). Renato come al solito non si risparmia e inizia a tirare, siamo di pochissimo sotto i 4 minuti al chilometro. Messina al terzo giro cede di netto e lo superiamo; Reali tiene il ritmo fino quasi a met\u00e0 gara poi lo supero e resto a fare coppia con Lo Faro. Passiamo il quinto giro e poi il sesto mentre le nostre mogli\u00a0 fanno foto a bordo pista. \u00c8 gi\u00e0 in corso la grigliata prevista dopo la gara e i \u201cfumi e i profumi\u201d dei barbecue, sospinti dal vento, giungono in pista nelle nostre narici. Renato forse teme che si mangino tutto prima del nostro arrivo, vuole sbrigarsi e ai \u201c600\u201daccelera. Io non sono un grande appassionato di grigliate e me la prendo pi\u00f9 \u201ccomoda\u201d. Perdo contatto da Lo Faro, quando passo sotto il gonfiabile non c\u2019\u00e8 la campanella, ma capisco che sono all\u2019ultimo giro. Renato deve avere un gran fame e accelera ancora, non riesco proprio a tenere il suo passo. Siamo in dirittura di arrivo, Lo Faro taglia il traguardo con una ventina di metri di vantaggio su di me, Salonia lo ha gi\u00e0 fatto da una decina di secondi, mentre Santo Vazzano forse ha gi\u00e0 il panino con salsiccia in mano.<\/span><\/p>\n<p style=\"text-align: justify;\"><span style=\"color: #000000;\">La terza batteria riservata alle categorie SM45 e SM50 prevede 3 miglia, saranno 12 giri e un pezzettino un poco pi\u00f9 lungo. \u00c8 indubbiamente la pi\u00f9 combattuta. I due compagni di societ\u00e0 della Virtus Acireale, Sebastiano Ragonese e Giuseppe Pulvirenti \u201cpartono in quarta\u201d e sono la coppia di testa per quasi tutta la gara. \u00c8 soprattutto Sebastiano a tirare, mentre Giuseppe cerca di tenere il suo passo. Il decimo giro \u00e8 quello decisivo, i due atleti diventano una coppia di \u201cseparati in pista\u201d: Ragonese prende il largo e Pulvirenti resta al palo. Al traguardo li dividono quasi venti secondi.<\/span><\/p>\n<p style=\"text-align: justify;\"><span style=\"color: #000000;\">\u00c8 naturalmente la quarta e ultima batteria, riservata ai giovani fino ai 44 anni, a registrare il migliore risultato tecnico, lo realizza non un giovanissimo ma un esperto atleta over 40, Alfio Scalisi (A.S.D. Monti Rossi Nicolosi). La sua \u00e8 una partenza fulminea e fulminante per tutti gli altri atleti, al primo giro ha gi\u00e0 14 secondi di vantaggio sul gruppo degli inseguitori. Non c\u2019\u00e8 alcuna resistenza da parte dei suoi avversari. Con il susseguirsi dei giri, Alfio aumenta il proprio vantaggio e a fine gara, Enrico Pafumi (A.S.D. Monti Rossi Nicolosi), secondo dietro lo scatenato vincitore della batteria, giunge a 1 minuto e 16 secondi. Complimenti ad Alfio Scalisi per l\u2019ottima performance. Complimenti anche a Grazia Costa (Atletica Sicilia), Antonino Strano dell\u2019Atletica Fortitudo, Carmelo Condorelli (Atletica Misterbianco sport cl) e Ignazio Scalia dell\u2019Etnatletica San Pietro Clarenza che si sono fatti carico di chiudere le rispettive batterie alle quali hanno partecipato, a loro va un abbraccio e un grazie per la partecipazione.<\/span><\/p>\n<p style=\"text-align: justify;\"><span style=\"color: #000000;\">La premiazione per i migliori e la \u201csalsicciata\u201d per tutti, concludono la serata fresca e gradevole di San Pietro Clarenza.<\/span><\/p>\n<p style=\"text-align: justify;\"><span style=\"color: #000000;\">Un grazie all\u2019organizzazione che si \u00e8 espressa magistralmente in ogni aspetto, salsicce comprese..<\/span><\/p>\n<p style=\"text-align: justify;\"><span style=\"color: #000000;\">Prossimo appuntamento per i podisti di Catania, provincia e oltre, domenica prossima alla tradizionale StraPasteria.<\/span><\/p>\n<p style=\"text-align: justify;\"><span style=\"color: #000000;\">Remigio Di Benedetto<\/span><\/p>\n","protected":false},"excerpt":{"rendered":"<p>Il \u201cCatania Corre 2018\u201d continua a correre. Questa volta per la quinta prova ci troviamo a San Pietro Clarenza, in occasione del \u201cMemorial Sciuto\u201d. Siamo all\u2019interno dello stadio comunale \u201cPaolo Licandro\u201d, un impianto \u201cminimalista\u201d dove c\u2019\u00e8 quanto basta ai podisti, immerso nelle sciare etnee con un magnifico panorama sul \u201cgigante buono\u201d, l\u2019Etna. Siamo al tramonto [&hellip;]<\/p>\n","protected":false},"author":1,"featured_media":2929,"comment_status":"closed","ping_status":"closed","sticky":false,"template":"","format":"standard","meta":{"_jetpack_memberships_contains_paid_content":false,"footnotes":""},"categories":[5],"tags":[],"class_list":["post-2927","post","type-post","status-publish","format-standard","has-post-thumbnail","hentry","category-langolo-di-remigio"],"jetpack_featured_media_url":"https:\/\/www.podistipercaso.it\/home\/wp-content\/uploads\/2018\/07\/DSC_0435.jpg","jetpack_sharing_enabled":true,"_links":{"self":[{"href":"https:\/\/www.podistipercaso.it\/home\/wp-json\/wp\/v2\/posts\/2927","targetHints":{"allow":["GET"]}}],"collection":[{"href":"https:\/\/www.podistipercaso.it\/home\/wp-json\/wp\/v2\/posts"}],"about":[{"href":"https:\/\/www.podistipercaso.it\/home\/wp-json\/wp\/v2\/types\/post"}],"author":[{"embeddable":true,"href":"https:\/\/www.podistipercaso.it\/home\/wp-json\/wp\/v2\/users\/1"}],"replies":[{"embeddable":true,"href":"https:\/\/www.podistipercaso.it\/home\/wp-json\/wp\/v2\/comments?post=2927"}],"version-history":[{"count":2,"href":"https:\/\/www.podistipercaso.it\/home\/wp-json\/wp\/v2\/posts\/2927\/revisions"}],"predecessor-version":[{"id":2931,"href":"https:\/\/www.podistipercaso.it\/home\/wp-json\/wp\/v2\/posts\/2927\/revisions\/2931"}],"wp:featuredmedia":[{"embeddable":true,"href":"https:\/\/www.podistipercaso.it\/home\/wp-json\/wp\/v2\/media\/2929"}],"wp:attachment":[{"href":"https:\/\/www.podistipercaso.it\/home\/wp-json\/wp\/v2\/media?parent=2927"}],"wp:term":[{"taxonomy":"category","embeddable":true,"href":"https:\/\/www.podistipercaso.it\/home\/wp-json\/wp\/v2\/categories?post=2927"},{"taxonomy":"post_tag","embeddable":true,"href":"https:\/\/www.podistipercaso.it\/home\/wp-json\/wp\/v2\/tags?post=2927"}],"curies":[{"name":"wp","href":"https:\/\/api.w.org\/{rel}","templated":true}]}}