{"id":2922,"date":"2018-07-16T10:30:14","date_gmt":"2018-07-16T08:30:14","guid":{"rendered":"http:\/\/www.podistipercaso.it\/home\/?p=2922"},"modified":"2018-07-16T10:43:43","modified_gmt":"2018-07-16T08:43:43","slug":"margareth-maia-cotrin-campionessa-della-baroque-race","status":"publish","type":"post","link":"https:\/\/www.podistipercaso.it\/home\/margareth-maia-cotrin-campionessa-della-baroque-race\/","title":{"rendered":"Margaret Maia Cotrin Campionessa della BAROQUE RACE"},"content":{"rendered":"<p style=\"text-align: justify;\"><span style=\"color: #000000;\">Margareth Maia Cotrin conquista il podio pi\u00f9 alto nella Baroque Race 2018. La forte atleta in forza alla squadra No al Doping ha stoppato il cronometro a 1:39:11, stabilendo il nuovo record di gara. Insieme a lei 44 ragazzi in maglia bianco blu hanno invaso le strade e i centri storici di Ragusa, Modica e Scicli. Primo fra loro Gianni Dezio seguito da Giuseppe Blundo, Giovanni Sanzone, Salvatore Gianchino, Marco Noto, Giovanni Gatto, Antonello Carbonaro, Salvatore Giaccone, Giovanni Cascone, Biagio Pelligra, Vincenzo Spataro, Mirco Incardona, Davide Guastella, Serafino Sgarlata, Maurizio Vacirca, Vladimiro Taormina, Rosario La Terra, Fabio Schembari, Biagio Emolo, Gaetano Vizzini Bisaccia, Salvatore Campo, Giovanni Naselli, Giuseppe Salamone, Antonia Iaquez, Giovanni Calogero, Gianluca Di Giorgi, Rosario Occhipinti, Letizia Tavormina, Marangio Rosario, Emanuele Mugnas, Giovanni Macca, Simona Casabene, Oscar Nicosia, Luca La Motta, Eduardo Di Vincenzo, Melissa Schembri, Salvatore Cirnigliaro, Biagio La Rosa, Andrea Marangio, Giovanni Martinez, Guglielma Taranto, Renato Betto, Concetta Rimmaudo, Giancarlo Pluchino, Amalchide Occhipinti.<\/span><\/p>\n<p style=\"text-align: justify;\"><span style=\"color: #000000;\">\u201c<em>\u00c8 stata una gara molto bella e intensa<\/em>\u201d ha dichiarato Margareth Maia Cotrin, al termine della gara. \u201c<em>Mi sto allenando per correre la Maratona di Berlino e questa gara fra i centri storici iblei \u00e8 un ottimo allenamento. Ho sofferto molto il caldo ma grazie ad alcuni integratori ho resistito fino alla fine<\/em>.\u201d Con queste brevi parole Margareth ci descrive la gara e la maniera con cui l\u2019ha affrontata battendo il record dell\u2019anno scorso di Elena Gelebisi. Margareth \u00e8 una mamma come tante altre, ma con in pi\u00f9 una grande passione per il fondo. Dopo qualche anno nel ciclismo la sua passione si \u00e8 consolidata nel podismo che da ormai 9 anni pratica raggiungendo ottimi obiettivi. 3:07:21 \u00e8 il suo record alla maratona di Vienna del 2012, 1:26:47 sulla mezza di Ragusa del 2018. Oltre alla maratona di Berlino, Margareth ha tanti sogni nel cassetto ma tutti legati alle sue possibilit\u00e0. Come tante altre mamme l\u2019allenamento le richiede molto tempo e lei cerca di ritagliare qualche ora fra il lavoro e la famiglia, non senza sacrifici. Nel futuro sogna di dedicarsi anche al trail e a qualche lunga distanza, ma per ora Berlino la aspetta.<\/span><\/p>\n<p style=\"text-align: justify;\"><span style=\"color: #000000;\">Nella notte fra sabato 7 e domenica 8 luglio si \u00e8 svolta pure una notturna di grande rilievo. Si tratta della Menzel El Emir Night trail, la gara di trail running nella localit\u00e0 di Misilmeri, sulla distanza di 20 km e con un dislivello di 1250 m. Della squadra iblea hanno partecipato la forte atleta chiaramontana Laura Tummino, che ha conquistato il terzo posto di categoria, Daniele Sammatrice, quarto assoluto e secondo di categoria, Giulio Linguanti e Andrea Marangio.<\/span><\/p>\n<p style=\"text-align: justify;\"><span style=\"color: #000000;\">Il trail rimane ancora un campo interessante per la no a Doping che la scorsa settimana ha raccolto ottime posizioni all\u2019Ultratrail dell\u2019Etna (1 luglio). Nella gara da 50 km Enzo Taranto ha conquistato il secondo posto assoluto e Daniele Sammatrice lo ha seguito in terza posizione. Dietro di loro gli strepitosi Salvatore Gianchino e Antonello Carbonaro. Nella competizione sui 18 km registriamo gli ottimi piazzamenti di Giovanni Cascone, Vito Marletta, Andrea Marangio, Laura Tummino, Giovanni Martinez, Salvatore Cirnigliaro, Guglielma Taranto e Antonino Iozzia.<\/span><\/p>\n","protected":false},"excerpt":{"rendered":"<p>Margareth Maia Cotrin conquista il podio pi\u00f9 alto nella Baroque Race 2018. La forte atleta in forza alla squadra No al Doping ha stoppato il cronometro a 1:39:11, stabilendo il nuovo record di gara. Insieme a lei 44 ragazzi in maglia bianco blu hanno invaso le strade e i centri storici di Ragusa, Modica e [&hellip;]<\/p>\n","protected":false},"author":1,"featured_media":2924,"comment_status":"closed","ping_status":"closed","sticky":false,"template":"","format":"standard","meta":{"_jetpack_memberships_contains_paid_content":false,"footnotes":""},"categories":[6],"tags":[],"class_list":["post-2922","post","type-post","status-publish","format-standard","has-post-thumbnail","hentry","category-notizie"],"jetpack_featured_media_url":"https:\/\/www.podistipercaso.it\/home\/wp-content\/uploads\/2018\/07\/MAIA-COTRIN.jpg","jetpack_sharing_enabled":true,"_links":{"self":[{"href":"https:\/\/www.podistipercaso.it\/home\/wp-json\/wp\/v2\/posts\/2922","targetHints":{"allow":["GET"]}}],"collection":[{"href":"https:\/\/www.podistipercaso.it\/home\/wp-json\/wp\/v2\/posts"}],"about":[{"href":"https:\/\/www.podistipercaso.it\/home\/wp-json\/wp\/v2\/types\/post"}],"author":[{"embeddable":true,"href":"https:\/\/www.podistipercaso.it\/home\/wp-json\/wp\/v2\/users\/1"}],"replies":[{"embeddable":true,"href":"https:\/\/www.podistipercaso.it\/home\/wp-json\/wp\/v2\/comments?post=2922"}],"version-history":[{"count":3,"href":"https:\/\/www.podistipercaso.it\/home\/wp-json\/wp\/v2\/posts\/2922\/revisions"}],"predecessor-version":[{"id":2926,"href":"https:\/\/www.podistipercaso.it\/home\/wp-json\/wp\/v2\/posts\/2922\/revisions\/2926"}],"wp:featuredmedia":[{"embeddable":true,"href":"https:\/\/www.podistipercaso.it\/home\/wp-json\/wp\/v2\/media\/2924"}],"wp:attachment":[{"href":"https:\/\/www.podistipercaso.it\/home\/wp-json\/wp\/v2\/media?parent=2922"}],"wp:term":[{"taxonomy":"category","embeddable":true,"href":"https:\/\/www.podistipercaso.it\/home\/wp-json\/wp\/v2\/categories?post=2922"},{"taxonomy":"post_tag","embeddable":true,"href":"https:\/\/www.podistipercaso.it\/home\/wp-json\/wp\/v2\/tags?post=2922"}],"curies":[{"name":"wp","href":"https:\/\/api.w.org\/{rel}","templated":true}]}}