{"id":2903,"date":"2018-06-26T10:35:51","date_gmt":"2018-06-26T08:35:51","guid":{"rendered":"http:\/\/www.podistipercaso.it\/home\/?p=2903"},"modified":"2018-06-26T10:41:00","modified_gmt":"2018-06-26T08:41:00","slug":"caputo-carmelo-si-aggiudica-la-5-corri-alla-civita","status":"publish","type":"post","link":"https:\/\/www.podistipercaso.it\/home\/caputo-carmelo-si-aggiudica-la-5-corri-alla-civita\/","title":{"rendered":"Caputo Carmelo si aggiudica la 5^ Corri alla Civita"},"content":{"rendered":"<p style=\"text-align: justify;\"><span style=\"color: #000000;\">..e siamo al quinto anno di \u201cCorri alla Civita\u201d, la corsa nel cuore di Catania per i catanesi marca \u201cLiotru\u201d e non solo. Siamo nella piazza San Francesco di Paola di fronte all\u2019omonima chiesa, con lo sfondo degli archi della marina, immagine simbolo del centro storico, a pochissimi metri dal porto della citt\u00e0. La gara \u00e8 inserita nel circuito podistico \u201cCatania Corre 2018\u201d ed \u00e8 ancora una volta l\u2019immagine sportiva della festa di San Francesco di Paola.<\/span><\/p>\n<figure id=\"attachment_2905\" aria-describedby=\"caption-attachment-2905\" style=\"width: 300px\" class=\"wp-caption alignleft\"><img loading=\"lazy\" decoding=\"async\" class=\"size-medium wp-image-2905\" src=\"https:\/\/www.podistipercaso.it\/home\/wp-content\/uploads\/2018\/06\/Vincitore_Civita-300x199.jpg\" alt=\"\" width=\"300\" height=\"199\" srcset=\"https:\/\/www.podistipercaso.it\/home\/wp-content\/uploads\/2018\/06\/Vincitore_Civita-300x199.jpg 300w, https:\/\/www.podistipercaso.it\/home\/wp-content\/uploads\/2018\/06\/Vincitore_Civita.jpg 480w\" sizes=\"auto, (max-width: 300px) 100vw, 300px\" \/><figcaption id=\"caption-attachment-2905\" class=\"wp-caption-text\">giu<\/figcaption><\/figure>\n<p style=\"text-align: justify;\"><span style=\"color: #000000;\">L\u2019Unione Nazionale Veterani dello Sport di Catania \u00e8 la societ\u00e0 organizzatrice. Agostino Arena, da \u201cPreside a Presidente\u201d, da \u201cDirigente Scolastico a Dirigente Podistico\u201d il passo \u00e8 breve, \u00e8 il \u201cdeus ex machina\u201d (artefice del buon andamento d\u2019ogni cosa) che ha curato ogni particolare. Alle 16, con largo anticipo, la TDS, meglio degli orologi svizzeri, ha gi\u00e0 \u201ceretto\u201d il gonfiabile e piazzato i suoi \u201cmarchingegni\u201d che ci diranno per quanti minuti e secondi e a richiesta forse anche decimi, abbiamo \u201cfaticato\u201d sul collaudato percorso dei vicoli della Civita.<\/span><\/p>\n<p style=\"text-align: justify;\"><span style=\"color: #000000;\">Mentre \u00e8 in \u201ccorso la distribuzione pettorali\u201d, chi come me sar\u00e0 tra gli \u201cattori\u201d della prima batteria, inizia la fase \u201criscaldante\u201d. In compagnia dell\u2019amico Santi Caniglia (ASD Atl. Militello) ci mettiamo in cammino per assaggiare quello che sar\u00e0 il circuito lungo il quale si snoder\u00e0 la gara: 784m che comprendono una breve salita iniziale, 10 svolte, un piccolo gradino all\u2019ingresso in piazza Cutelli e qualche marciapiede sul quale \u201csaltare\u201d per tagliare e stringere al massimo qualche svolta. Mentre siamo sul percorso incontriamo il presidente Arena che prima della partenza della gara ripercorre personalmente l\u2019intero tracciato per controllare che tutto sia a posto.<\/span><\/p>\n<p style=\"text-align: justify;\"><span style=\"color: #000000;\">Alle 17 e 30 col benestare dei giudici e l\u2019ok della Polizia Municipale si d\u00e0 il via \u201calle danze\u201d: 19 giovani \u201cfemminucce\u201d rincorse da 32 \u201cmaschietti\u201d over 60, con il contorno di 2 \u201callievi\u201d, al colpo di pistola imboccano la stretta via Serravalle, ristretta ancor pi\u00f9 dalle auto parcheggiate ai lati (compresa la mia..). Come \u00e8 logico che sia, sono i due allievi a fare da \u201capripista\u201d, Andrea Claudio Bucca (Atletica Virtus Acireale) e Matteo Triscali (Monti Rossi Nicolosi). Da un vicolo all\u2019altro e finalmente usciamo \u201call\u2019aperto\u201d in piazza Cutelli dove l\u2019attento Agostino mette in guardia le podiste e i podisti dal pericoloso e gi\u00e0 citato gradino. Superiamo la piazza e costeggiamo la bella ed elegante Moschea della Misericordia. All\u2019inseguimento dei giovanissimi di testa c\u2019\u00e8 la coppia un poco meno giovane (124 anni in due), Lo Faro-Novello, rispettivamente Fortitudo Catania e UNVS Fontanarosa; io sono sulla loro scia in compagnia della favorita al femminile della gara, Patrizia Strazzeri (Atl. Fortitudo Catania). Ancora un paio di cambi di direzione ed entro nella piazza Duca di Genova mentre vedo gli allievi che ne stanno uscendo. La \u201cchicane\u201d di via Porta di Ferro ci riporta verso la conclusione del primo giro, Renato allunga mentre Patrizia ha superato Novello e io lo affianco. \u00c8 il secondo giro, gli allievi allungano il passo mentre Novello supera Patrizia e \u201cagguanta\u201d nuovamente Lo Faro. Siamo al terzo giro, inizio a perdere qualcosa dalla coppia di testa over 60 mentre Patrizia sembra \u201caspettare\u201d la sua avversaria pi\u00f9 pericolosa, Adalgisa Polopoli (ASD Monti Rossi Nicolosi). Incrociamo la via San Gaetano e percorriamo le vie San Lorenzo e San Tommaso. In mezzo a tanta \u201csantit\u00e0\u201d spero in un \u201cmiracolo\u201d che mi dia le energie necessarie ad agganciare la coppia di testa, ma al 4\u00b0 giro perdo ancora qualcosa, tallonato ancora a breve distanza da Patrizia. Anche Matteo Triscali che vedo a distanza mi sembra abbia perso terreno da Andrea. Il quinto giro \u00e8 quello decisivo: Andrea Bucca \u00e8 ormai solitario battistrada (non lo vedo pi\u00f9..), la Strazzeri che \u00e8 al mio fianco ha staccato definitivamente Adalgisa, mentre Novello, forse vittima di una condotta di gara al di sopra della sua \u201cportata\u201d, abbandona. L\u2019ultimo giro \u00e8 senza storia, Andrea Bucca \u00e8 imprendibile e si aggiudica la batteria, ma lo \u00e8 anche Renato Lo Faro che supera addirittura Matteo Triscali, mentre Patrizia Strazzeri \u00e8 la vincitrice al femminile del \u201cCorri alla Civita\u201d con netto distacco su Adalgisa Polopoli. A uno a uno \u00a0tutti giungono al traguardo fino al \u201cleader alla rovescia\u201d della batteria, Giuseppe Ventura della Fiamma San Gregorio che \u201cchiude\u201d con il tempo di 42\u201914\u201d.<\/span><\/p>\n<p style=\"text-align: justify;\"><span style=\"color: #000000;\">Dopo un veloce cambio d\u2019abito, c\u2019\u00e8 la consegna del microchip, il ritiro del pacco gara e la \u201cmerenda\u201d offerta dall\u2019organizzazione. Poi per chi come me ne ha voglia, pu\u00f2 godersi lo spettacolo della seconda batteria che vede impegnati gli uomini fino ai 59 anni. Primi giri con la coppia Antonino Recupero\u00a0 (ASD Atletica Sant\u2019Anastasia), Russo Filippo (ASD Monti Rossi Nicolosi) al comando. Al loro inseguimento gli amici, avversari e compagni di squadra, Carmelo Caputo e Enrico Pafumi (ASD Monti Rossi Nicolosi). Dopo la met\u00e0 gara per\u00f2 la situazione si ribalta: all\u2019ottavo giro Carmelo Caputo in progressione passa a condurre la gara. All\u2019ultimo passaggio \u00e8 in testa la coppia Caputo \u2013 Recupero. Negli ultimi 784 metri si decide la 5^ Corri alla Civita. Ci sono due minuti di \u201csuspence\u201d, poi Carmelo Caputo appare sulla curva finale e con lieve ma decisivo distacco precede Antonino Recupero, pi\u00f9 indietro la terza piazza \u00e8 per Enrico Pafumi che completa la \u201cfesta di famiglia\u201d con il secondo posto di Adalgisa nella prima batteria. Velocemente tutti giungono all\u2019arrivo, chiude la batteria Antonino Grasso (ASD Virtus Acireale), complimenti anche a lui.<\/span><\/p>\n<p style=\"text-align: justify;\"><span style=\"color: #000000;\">Esaurite le batterie si passa alla premiazione. Siamo ospiti per questo del \u201cmini\u201d sagrato della chiesa di San Francesco di Paola, premi e medaglie, foto a cura di mogli, mariti e di Carmelo Testa, la pi\u00f9 ambita quella con la presenza del presidente Arena.<\/span><\/p>\n<p style=\"text-align: justify;\"><span style=\"color: #000000;\">Oltre che ringraziare tutti coloro che hanno contribuito alla ottima riuscita della manifestazione, Agostino in testa, invitiamo il presidente dell\u2019UNVS, a pensare fin d\u2019ora alla sesta edizione del \u201cCorri alla Civita\u201d, perch\u00e9 una gara cos\u00ec bella nel cuore della citt\u00e0 \u00e8 irrinunciabile per Catania. Trofeo Sant\u2019Agata in inverno e \u201cCorri alla Civita\u201d in estate, il podismo a Catania.<\/span><\/p>\n<p>Remigio Di Benedetto<\/p>\n<p><a href=\"mailto:r.dibenedetto@alice.it\">r.dibenedetto@alice.it<\/a><\/p>\n","protected":false},"excerpt":{"rendered":"<p>..e siamo al quinto anno di \u201cCorri alla Civita\u201d, la corsa nel cuore di Catania per i catanesi marca \u201cLiotru\u201d e non solo. Siamo nella piazza San Francesco di Paola di fronte all\u2019omonima chiesa, con lo sfondo degli archi della marina, immagine simbolo del centro storico, a pochissimi metri dal porto della citt\u00e0. La gara [&hellip;]<\/p>\n","protected":false},"author":1,"featured_media":2904,"comment_status":"closed","ping_status":"closed","sticky":false,"template":"","format":"standard","meta":{"_jetpack_memberships_contains_paid_content":false,"footnotes":""},"categories":[5,6],"tags":[],"class_list":["post-2903","post","type-post","status-publish","format-standard","has-post-thumbnail","hentry","category-langolo-di-remigio","category-notizie"],"jetpack_featured_media_url":"https:\/\/www.podistipercaso.it\/home\/wp-content\/uploads\/2018\/06\/Partenza_Civita.jpg","jetpack_sharing_enabled":true,"_links":{"self":[{"href":"https:\/\/www.podistipercaso.it\/home\/wp-json\/wp\/v2\/posts\/2903","targetHints":{"allow":["GET"]}}],"collection":[{"href":"https:\/\/www.podistipercaso.it\/home\/wp-json\/wp\/v2\/posts"}],"about":[{"href":"https:\/\/www.podistipercaso.it\/home\/wp-json\/wp\/v2\/types\/post"}],"author":[{"embeddable":true,"href":"https:\/\/www.podistipercaso.it\/home\/wp-json\/wp\/v2\/users\/1"}],"replies":[{"embeddable":true,"href":"https:\/\/www.podistipercaso.it\/home\/wp-json\/wp\/v2\/comments?post=2903"}],"version-history":[{"count":1,"href":"https:\/\/www.podistipercaso.it\/home\/wp-json\/wp\/v2\/posts\/2903\/revisions"}],"predecessor-version":[{"id":2906,"href":"https:\/\/www.podistipercaso.it\/home\/wp-json\/wp\/v2\/posts\/2903\/revisions\/2906"}],"wp:featuredmedia":[{"embeddable":true,"href":"https:\/\/www.podistipercaso.it\/home\/wp-json\/wp\/v2\/media\/2904"}],"wp:attachment":[{"href":"https:\/\/www.podistipercaso.it\/home\/wp-json\/wp\/v2\/media?parent=2903"}],"wp:term":[{"taxonomy":"category","embeddable":true,"href":"https:\/\/www.podistipercaso.it\/home\/wp-json\/wp\/v2\/categories?post=2903"},{"taxonomy":"post_tag","embeddable":true,"href":"https:\/\/www.podistipercaso.it\/home\/wp-json\/wp\/v2\/tags?post=2903"}],"curies":[{"name":"wp","href":"https:\/\/api.w.org\/{rel}","templated":true}]}}