{"id":2857,"date":"2018-06-06T16:58:48","date_gmt":"2018-06-06T14:58:48","guid":{"rendered":"http:\/\/www.podistipercaso.it\/home\/?p=2857"},"modified":"2018-06-06T16:58:48","modified_gmt":"2018-06-06T14:58:48","slug":"a-san-giovanni-la-punta-con-la-tradizionale-strapuntese-giunta-alla-sua-undicesima-edizione","status":"publish","type":"post","link":"https:\/\/www.podistipercaso.it\/home\/a-san-giovanni-la-punta-con-la-tradizionale-strapuntese-giunta-alla-sua-undicesima-edizione\/","title":{"rendered":"A San Giovanni La Punta con la tradizionale \u201cStrapuntese\u201d giunta alla sua undicesima edizione"},"content":{"rendered":"<p style=\"text-align: justify;\"><span style=\"color: #000000;\">Il Grand Prix Provinciale di Corsa 2018 alla quarta tappa \u201csbarca\u201d a San Giovanni La Punta con la tradizionale \u201cStrapuntese\u201d giunta alla sua undicesima edizione.<\/span><\/p>\n<p style=\"text-align: justify;\"><span style=\"color: #000000;\">Alle 8 la piazza Lucia Mangano gi\u00e0 \u201ccolorata\u201d di podisti di tutte le et\u00e0 e alle 8 e mezza puntualmente arrivano gli organizzatori e i giudici \u201carmati\u201d di gonfiabile, birilli, gazebo, tavolini, sedie, carta, penne e calamaio, con poca tecnologia perch\u00e9 tutto si far\u00e0 \u201ca manovella\u201d. Il clima \u00e8 estivo \u00a0e la temperatura alle 9 \u00e8 gi\u00e0 vicina ai 30 gradi. Mentre \u00e8 in corso la distribuzione dei pettorali, l\u2019organizzazione comunica ufficiosamente variazioni al programma: la mia sar\u00e0 una batteria \u201cper soli uomini\u201d over 60, e non avremo il piacere di correre come previsto e come sempre accade insieme all\u2019altra met\u00e0 del cielo. Ci sar\u00e0 per questo un allungamento dei tempi e la temperatura atmosferica salir\u00e0 ancora. Per questo scoppia una piccola \u201crivoluzione\u201d. La \u201csommossa\u201d termina quando viene annunciato il ritorno al programma inizialmente previsto che si realizzer\u00e0 comunque con qualche minuto di ritardo..<\/span><\/p>\n<p style=\"text-align: justify;\"><span style=\"color: #000000;\">Alle 9 e 30, finalmente, viene \u201ceretto\u201d il gonfiabile e fatta la spunta. Con lo \u201cscontato\u201d colpo di pistola del giudice \u201cmultiuso\u201d Michelangelo Granata si d\u00e0 il via alla mia batteria. Trascinati da Renato Lo Faro (Fortitudo CT), scattano Francesco Novello, Suelen Spitaleri (SAL Catania), Maurizio Scalzo (Fiamma San Gregorio), Santi Caniglia (Atl. Militello), Salvatore Torre (Fortitudo CT), sembrano tutti avere una grande fretta. Ma il caldo si fa sentire e in breve molti ridimensionano la velocit\u00e0; non ci sono punti di ristoro, d\u2019altronde la brevit\u00e0 della gara non li rende indispensabili, chi vuole si ferma alla fontanella.. Il tracciato di gara di 600m si snoda tra il parcheggio della piazza e la villa comunale ed \u00e8 quasi tutto allo scoperto sotto il sole ormai alto. Una breve discesa ci fa scendere al parcheggio; alcuni birilli delimitano un tornante che ci riporta verso la villa dove rientriamo dopo una breve salitella e dove ne troviamo un\u2019altra altrettanto corta e poco ripida. Usciamo dalla villa attraversando un cancello, siamo nuovamente sotto il gonfiabile e chiudiamo il primo dei cinque giri previsti. Siamo al secondo giro. Lo Faro guida sempre il gruppo dei podisti, All\u2019ingresso del parcheggio, a causa di una transenna un po\u2019 fuori posto, Renato sta per uscire dal tracciato sbagliando strada ma si corregge immediatamente. Alle calcagna ha Novello, non\u00a0 pi\u00f9 \u201cinossidabile\u201d che stenta a mantenere il suo ritmo. Io sono al loro inseguimento qualche metro pi\u00f9 indietro in compagnia di Mika Iwaguchi del \u201cSol Levante\u201d che rabbiosamente rincorre Suelen Spitaleri (SAL Catania), tutti gli altri ormai dietro di noi. Quando entriamo per la terza volta nel parcheggio Mika supera Suelen e io appresso a lei. \u00c8 il quarto giro e la situazione non cambia, Lo Faro guida sempre la corsa, Novello lo insegue mentre io cerco di mantenere la scia della nipponica. \u00c8 l\u2019ultimo giro, Renato non accelera ma vedo che Novello rallenta e perde terreno nei suoi confronti, io e Mika capiamo che \u00e8 possibile l\u2019aggancio. Lentamente ma inesorabilmente avviciniamo Novello. Entriamo per l\u2019ultima volta nella villa, mancano meno di centro metri all\u2019arrivo. Affrontiamo la salitella finale, e ai cinquanta dall\u2019arrivo agganciamo Francesco Novello; Mika supera Francesco e \u201csprinta\u201d, ma l\u2019atleta catanese \u00a0reagisce rabbiosamente, superata l\u2019uscita dalla villa, Novello, non pi\u00f9 \u201cinvincibile\u201d, sotto il gonfiabile \u201cbrucia\u201d per qualche centimetro Mika \u201cmade in Japan\u201d, aggiudicandosi per\u00f2 solo la seconda piazza, perch\u00e9 Renato Lo Faro \u00e8 gi\u00e0 sotto la doccia. Io dietro di loro non ho la forza di reagire e ho solo il fiato per osservare la lotta \u201cnippo-catanese\u201d.<\/span><\/p>\n<p style=\"text-align: justify;\"><span style=\"color: #000000;\">La fatica \u00e8 terminata. Sono al ritiro del \u201cpacchettino gara\u201d. L\u2019acqua e il succo di frutta sono un po\u2019 caldi, ma l\u2019arsura \u00e8 mitigata dalla provvidenziale fontanella limitrofa alla zona di arrivo, dalla quale sgorga acqua freschissima tant\u2019\u00e8 che c\u2019\u00e8 la fila con l\u2019elimina code per abbeverarsi. Potremmo ribattezzarla \u201cPuntese Springs\u201d.<\/span><\/p>\n<p style=\"text-align: justify;\"><span style=\"color: #000000;\">Il Grand Prix Provinciale si prende una bella vacanza, salvo sorprese il prossimo appuntamento per gli appassionati \u00e8 il 29 Luglio sull\u2019Etna, nello splendido scenario di Piano Vetore che quest\u2019anno ha anche ospitato l\u2019arrivo di una tappa del giro ciclistico d\u2019Italia.<\/span><\/p>\n<p>Remigio Di Benedetto<\/p>\n<p><a href=\"mailto:r.dibenedetto@alice.it\">r.dibenedetto@alice.it<\/a><\/p>\n","protected":false},"excerpt":{"rendered":"<p>Il Grand Prix Provinciale di Corsa 2018 alla quarta tappa \u201csbarca\u201d a San Giovanni La Punta con la tradizionale \u201cStrapuntese\u201d giunta alla sua undicesima edizione. Alle 8 la piazza Lucia Mangano gi\u00e0 \u201ccolorata\u201d di podisti di tutte le et\u00e0 e alle 8 e mezza puntualmente arrivano gli organizzatori e i giudici \u201carmati\u201d di gonfiabile, birilli, [&hellip;]<\/p>\n","protected":false},"author":1,"featured_media":0,"comment_status":"closed","ping_status":"closed","sticky":false,"template":"","format":"standard","meta":{"_jetpack_memberships_contains_paid_content":false,"footnotes":""},"categories":[5],"tags":[],"class_list":["post-2857","post","type-post","status-publish","format-standard","hentry","category-langolo-di-remigio"],"jetpack_featured_media_url":"","jetpack_sharing_enabled":true,"_links":{"self":[{"href":"https:\/\/www.podistipercaso.it\/home\/wp-json\/wp\/v2\/posts\/2857","targetHints":{"allow":["GET"]}}],"collection":[{"href":"https:\/\/www.podistipercaso.it\/home\/wp-json\/wp\/v2\/posts"}],"about":[{"href":"https:\/\/www.podistipercaso.it\/home\/wp-json\/wp\/v2\/types\/post"}],"author":[{"embeddable":true,"href":"https:\/\/www.podistipercaso.it\/home\/wp-json\/wp\/v2\/users\/1"}],"replies":[{"embeddable":true,"href":"https:\/\/www.podistipercaso.it\/home\/wp-json\/wp\/v2\/comments?post=2857"}],"version-history":[{"count":1,"href":"https:\/\/www.podistipercaso.it\/home\/wp-json\/wp\/v2\/posts\/2857\/revisions"}],"predecessor-version":[{"id":2858,"href":"https:\/\/www.podistipercaso.it\/home\/wp-json\/wp\/v2\/posts\/2857\/revisions\/2858"}],"wp:attachment":[{"href":"https:\/\/www.podistipercaso.it\/home\/wp-json\/wp\/v2\/media?parent=2857"}],"wp:term":[{"taxonomy":"category","embeddable":true,"href":"https:\/\/www.podistipercaso.it\/home\/wp-json\/wp\/v2\/categories?post=2857"},{"taxonomy":"post_tag","embeddable":true,"href":"https:\/\/www.podistipercaso.it\/home\/wp-json\/wp\/v2\/tags?post=2857"}],"curies":[{"name":"wp","href":"https:\/\/api.w.org\/{rel}","templated":true}]}}