{"id":2839,"date":"2018-06-05T10:15:18","date_gmt":"2018-06-05T08:15:18","guid":{"rendered":"http:\/\/www.podistipercaso.it\/home\/?p=2839"},"modified":"2018-06-05T10:15:18","modified_gmt":"2018-06-05T08:15:18","slug":"giro-podistico-internazionale-di-castelbuono-il-manifesto-della-93-edizione","status":"publish","type":"post","link":"https:\/\/www.podistipercaso.it\/home\/giro-podistico-internazionale-di-castelbuono-il-manifesto-della-93-edizione\/","title":{"rendered":"Giro podistico Internazionale di Castelbuono: il manifesto della 93\u00b0 edizione"},"content":{"rendered":"<p class=\"p2\" style=\"text-align: justify;\"><span class=\"s1\" style=\"color: #000000;\"><img loading=\"lazy\" decoding=\"async\" class=\"alignleft wp-image-2841 size-medium\" src=\"https:\/\/www.podistipercaso.it\/home\/wp-content\/uploads\/2018\/06\/93-Giro-212x300.jpg\" alt=\"\" width=\"212\" height=\"300\" \/>Castelbuono (PA). E\u2019 gi\u00e0 attivo il conto alla rovescia che porter\u00e0 alla giornata del\u00a0<b>26 luglio<\/b>, quando a Castelbuono andr\u00e0 in scena la 93esima edizione del \u201c<b>Giro podistico Internazionale<\/b>\u201d. Un mix di tradizione, sport e cultura, tra storia, sfide<span class=\"Apple-converted-space\">\u00a0\u00a0<\/span>e miti. Gi\u00e0 pronto il manifesto ufficiale che rappresenta il marchio identificativo di quella che, ad oggi, \u00e8 una delle corse su strada pi\u00f9 antiche di Europa. Il Manifesto della 93esima edizione, quest\u2019anno \u00e8 stato selezionato tra una rosa di cinque proposte, tutte \u201cpartorite\u201d dalla creativit\u00e0 del grafico Mariano Norata (Iperuranio Design), dai componenti del \u201cGruppo Atletico Polisportivo Castelbuonese\u201d ma anche da coloro che da sempre sostengono quella che, senza alcun dubbio, \u00e8 tra le gare su strada pi\u00f9 prestigiose, per storia e tradizione sportiva. Come per ogni manifesto, anche quello del \u201cGiro\u201d vuole essere la \u201cfirma\u201d ufficiale di un evento che segner\u00e0 un\u2019altra tappa\u00a0<span class=\"Apple-converted-space\">\u00a0\u00a0<\/span>importante della sua lunga storia.<span class=\"Apple-converted-space\">\u00a0\u00a0<\/span>La figura stilizzata di un colored, nell\u2019atto del suo sforzo massimo, campeggia a tutta pagina sopra le strade che generano 10 volte il circuito, sembra di vederlo in azione mentre, superata piazza Margherita inizia ad affrontare la durissima salita di via Mario Levante. Elemento importante inserito nel manifesto continua ad essere l\u2019hashtag<span class=\"Apple-converted-space\">\u00a0\u00a0<\/span><b>#runinhistory<\/b>,\u00a0<b>\u00a0<\/b>che collega anche graficamente il passato al presente. Ai social, cantori e menestrelli dell\u2019era moderna, il compito di promuovere e divulgare il manifesto che anche quest\u2019anno apre la strada verso una manifestazione che si riserva di regalare, in un solo pomeriggio, mille e pi\u00f9 emozioni.\u00a0<\/span><\/p>\n<p class=\"p2\" style=\"text-align: justify;\"><span class=\"s1\" style=\"color: #000000;\">Ufficio stampa manifestazione<\/span><\/p>\n","protected":false},"excerpt":{"rendered":"<p>Castelbuono (PA). E\u2019 gi\u00e0 attivo il conto alla rovescia che porter\u00e0 alla giornata del\u00a026 luglio, quando a Castelbuono andr\u00e0 in scena la 93esima edizione del \u201cGiro podistico Internazionale\u201d. Un mix di tradizione, sport e cultura, tra storia, sfide\u00a0\u00a0e miti. Gi\u00e0 pronto il manifesto ufficiale che rappresenta il marchio identificativo di quella che, ad oggi, \u00e8 [&hellip;]<\/p>\n","protected":false},"author":1,"featured_media":0,"comment_status":"closed","ping_status":"closed","sticky":false,"template":"","format":"standard","meta":{"_jetpack_memberships_contains_paid_content":false,"footnotes":""},"categories":[4],"tags":[],"class_list":["post-2839","post","type-post","status-publish","format-standard","hentry","category-comunicati-stampa"],"jetpack_featured_media_url":"","jetpack_sharing_enabled":true,"_links":{"self":[{"href":"https:\/\/www.podistipercaso.it\/home\/wp-json\/wp\/v2\/posts\/2839","targetHints":{"allow":["GET"]}}],"collection":[{"href":"https:\/\/www.podistipercaso.it\/home\/wp-json\/wp\/v2\/posts"}],"about":[{"href":"https:\/\/www.podistipercaso.it\/home\/wp-json\/wp\/v2\/types\/post"}],"author":[{"embeddable":true,"href":"https:\/\/www.podistipercaso.it\/home\/wp-json\/wp\/v2\/users\/1"}],"replies":[{"embeddable":true,"href":"https:\/\/www.podistipercaso.it\/home\/wp-json\/wp\/v2\/comments?post=2839"}],"version-history":[{"count":1,"href":"https:\/\/www.podistipercaso.it\/home\/wp-json\/wp\/v2\/posts\/2839\/revisions"}],"predecessor-version":[{"id":2842,"href":"https:\/\/www.podistipercaso.it\/home\/wp-json\/wp\/v2\/posts\/2839\/revisions\/2842"}],"wp:attachment":[{"href":"https:\/\/www.podistipercaso.it\/home\/wp-json\/wp\/v2\/media?parent=2839"}],"wp:term":[{"taxonomy":"category","embeddable":true,"href":"https:\/\/www.podistipercaso.it\/home\/wp-json\/wp\/v2\/categories?post=2839"},{"taxonomy":"post_tag","embeddable":true,"href":"https:\/\/www.podistipercaso.it\/home\/wp-json\/wp\/v2\/tags?post=2839"}],"curies":[{"name":"wp","href":"https:\/\/api.w.org\/{rel}","templated":true}]}}