{"id":2812,"date":"2018-05-19T12:39:56","date_gmt":"2018-05-19T10:39:56","guid":{"rendered":"http:\/\/www.podistipercaso.it\/home\/?p=2812"},"modified":"2018-05-19T12:43:17","modified_gmt":"2018-05-19T10:43:17","slug":"1gran-prix-delle-parrocchie-di-ibla-5-tappe-podistiche-a-premi-tra-le-principali-feste-parrocchiali-di-ragusa-ibla-da-maggio-a-dicembre-2018","status":"publish","type":"post","link":"https:\/\/www.podistipercaso.it\/home\/1gran-prix-delle-parrocchie-di-ibla-5-tappe-podistiche-a-premi-tra-le-principali-feste-parrocchiali-di-ragusa-ibla-da-maggio-a-dicembre-2018\/","title":{"rendered":"1\u00b0GRAN PRIX delle PARROCCHIE di IBLA 5 Tappe Podistiche a premi tra le principali  Feste Parrocchiali di Ragusa Ibla  da Maggio a Dicembre 2018"},"content":{"rendered":"<p>Il C.S.I. Provinciale di Ragusa, in collaborazione\u00a0 coi Comitati Festeggiamenti Parrocchiali di Ragusa Ibla, ed il supporto Tecnico di CronoSicilia- Csain RG e della A.P.D. Ultrarunning\u00a0 Ragusa, organizza la 1^ Edizione del \u2018\u2019<strong><em>GRAN PRIX delle Parrocchie di IBLA\u2019\u2019, <\/em><\/strong>kermesse podistica a tappe su 5 Prove.<\/p>\n<p>Il Gran Prix delle Parrocchie di Ibla, \u00e8 un\u2019iniziativa senza fini di lucro, che raggruppa le principali podistiche \u2018\u2019a circuito\u2019\u2019 del quartiere barocco in occasione delle Feste Religiose quali la Podistica di San Giorgio, il VIVIBLA, il Trofeo Maria SS.Immacolata, con l\u2019aggiunta di una prova di corsa in salita \u2013il Palio dell\u2019alloro per San Giorgio, ed una prova a \u2018\u2019cronometro individuale\u2019\u2019,<\/p>\n<p>\u2018\u2019Il KM da fermo ibleo\u2019\u2019 in occasione della due giorni della Festa dell\u2019Addolorata a \u00a0met\u00e0 Settembre.<\/p>\n<p>Di seguito PROGRAMMA, CALENDARIO e REGOLAMENTO di Massima<\/p>\n<p>\u2026\u2026\u2026\u2026\u2026\u2026\u2026\u2026\u2026\u2026\u2026\u2026\u2026\u2026\u2026\u2026\u2026\u2026\u2026\u2026\u2026\u2026\u2026\u2026\u2026\u2026\u2026\u2026\u2026\u2026\u2026<\/p>\n<p><strong><em><u>Programma e Regolamento di massima<\/u><\/em><\/strong><\/p>\n<ol>\n<li><strong><em><u>CALENDARIO TAPPE \u2018\u2019GRAN PRIX PARROCCHIE IBLA\u2019\u2019<\/u><\/em><\/strong><\/li>\n<\/ol>\n<p>I^\u00a0\u00a0 <strong>15^ Podistica San Giorgio Memorial O.Spataro 24-5-2018<\/strong><\/p>\n<p>II^\u00a0 <strong>15\u00b0 Palio dell\u2019alloro- Corsa in Salita\u00a0 26-5-2018<\/strong><\/p>\n<p>III^ <strong>20\u00b0 VIVIBLA Memorial Ciccio Cafiso 14-9-2018<\/strong><\/p>\n<p>IV^ <strong>1\u00b0 \u2018\u2019 KM da Fermo Ibleo\u2019\u2019- Crono individuale 15-9-2018<\/strong><\/p>\n<p>V^\u00a0 <strong>9\u00b0 Trofeo Maria Ss.Immacolata Memorial G.Donzella 6-12-2018<\/strong><\/p>\n<ol>\n<li><strong><em><u>PARTECIPAZIONE <\/u><\/em><\/strong>Ammessa a tutti (Tesserati CSI e non) come anche tesserati di altri EPS e Federazioni CONI, in ossequio <strong>all\u2019Art.3<\/strong> <em>della Costituzione la Repubblica Italiana, che garantisce la \u2018\u2019 PARI DIGNITA\u2019\u2019\u2019<\/em> a chiccessia, senza travalicare in discriminazioni, rappresaglie e terrorismi vari, su pseudo-squalifiche od equipollenti. Partecipazione non ammessa a chi \u00e8 in regime di squalifica per violazioni delle normative antidoping o di altre gravi inibizioni sportive per scorrettezze o violazioni comportamentali varie. Per i non tesserati CSI, ad ogni modo, partecipazione prevista ad ogni tappa col tesserino a copertura assicurativa \u2018\u2019FREE SPORT\u2019\u2019<\/li>\n<li><strong><em><u>Formula dell\u2019iniziativa: <\/u><\/em><\/strong>Il GRAN PRIX delle PARROCCHIE di IBLA si svolge su <strong><em>5 Tappe, <\/em><\/strong>suddivise in 3 Prove \u2018\u2019 A CIRCUITO\u2019\u2019 sulle distanze di <strong>5000 metri ca. ,<\/strong> una prova di Corsa in salita\u00a0 sui <strong>2000 metri ca. <\/strong>, ed una crono-individuale di <strong>1000 metri. <\/strong>Si terr\u00e0 conto del Tempo di percorrenza totale delle singole prove, e non \u00e8 prevista alcuna classifica a punti.<\/li>\n<li><strong><em><u>Cronometraggio:<\/u><\/em><\/strong> Il Servizio Cronometrico, tramite Chip, sar\u00e0 a cura di CronoSicilia-Csain RG<\/li>\n<li><strong><em><u>CLASSIFICHE:<\/u><\/em><\/strong> Si fa Classifica nel \u2018\u2019GRAN PRIX delle Parrocchie di IBLA\u2019\u2019 solo partecipando a <strong><em><u>tutte e 5 le prove previste dal calendario. <\/u><\/em><\/strong>Ogni Tempo di percorrenza ottenuto nelle singole tappe si sommer\u00e0, ed alla fine della 5^ Tappa percorsa si avr\u00e0 il tempo conclusivo, che far\u00e0 classifica per le premiazioni finali del Gran Prix Parrocchie. Fermo restando che si pu\u00f2 sempre partecipare ad ogni singola Tappa del Gran Prix, anche nel caso non si siano\u00a0 corse le prove precedenti, e ad ogni modo si pu\u00f2 sempre accedere alle premiazioni previste per ogni singola Tappa, qualora il partecipante in questione arrivi in posizione utile per le Premiazioni parziali di tappa.<\/li>\n<li><strong><em><u>CATEGORIE PREVISTE: <\/u><\/em><\/strong>Per il \u2018\u2019Gran PRIX delle Parrocchie di IBLA\u2019\u2019 sono previste due classifiche generali, ambedue \u2018\u2019 a tempi\u2019\u2019 ; Quella ASSOLUTA che tiene conto della somma totale dei tempi di percorrenza di tutti i partecipanti, dal primo all\u2019ultimo, con la suddivisione Uomini-Donne e quella delle <strong><em><u>3 Categorie Previste :\u00a0\u00a0 <\/u>\u00a0Adulti 16-50 anni, OVER 50 e DONNE dai 16 anni in su.<\/em><\/strong><\/li>\n<li><strong><em><u>CATEGORIE GIOVANILI: <\/u><\/em><\/strong>Le Categorie Giovanili: <em>Esordienti,<\/em> <em>Ragazzi, Cadetti, M&amp;F <\/em>in ogni singola tappa del \u2018\u2019Gran Prix Parrocchie IBLA\u2019\u2019 avranno una loro prova prevista \u2018\u2019 a contorno\u2019\u2019 della Manifestazione con distanze ridotte e direttamente proporzionali alle differenti et\u00e0. Prevista premiazione parziale per categoria ad ogni singola tappa, eccezion fatta per la 2^ Tappa, il Palio dell\u2019alloro, dove il tracciato della scalata \u00e8 unico per tutti, e si prevedono come tradizione premi solo ai primi tre Uomini e prime tre Donne giunte in cima. Non \u00e8 prevista CLASSIFICA FINALE \u2018\u2019a tempi\u2019\u2019 per la Categorie ESO-RAG-CAD. M&amp;F, ma solo classifiche parziali per ogni singola tappa.<\/li>\n<li><strong><em><u>MARCIA,CAMMINATA,FITWALKING e affini: <\/u><\/em><\/strong>Nel GRAN PRIX Parrocchie Ibla, non \u00e8 prevista alcuna prova di marcia, camminata libera, fitwalking, nordic-walking e affini. Per\u00f2 nulla vieta agli appassionati di tali discipline \u00a0di poter partecipare alle singole tappe, con lo status di \u2018\u2019PODISTA\u2019\u2019, con partenza in contemporanea alla prova dei corridori, Chip ed identica quota d\u2019iscrizione, e alla fine\u00a0 rilevamento del tempo di percorrenza, sempre classificati nella medesima\u00a0 graduatoria della \u2018\u2019Corsa Podistica indipendentemente dallo stile con cui verrebbe effettuata la prova.<\/li>\n<li><strong><em><u>QUOTE di PARTECIPAZIONE: <\/u><\/em><\/strong>\u00a0La Quota di partecipazione\u00a0 ad ogni singola prova,\u00a0 che prevede solo il Chip ed il pettorale, \u00e8 di <strong>5,00 Euro <\/strong>per le prove <strong>\u2018\u2019 a circuito\u2019\u2019, <\/strong>\u00a0<strong>gratuita <\/strong>come da tradizione per la <strong>Corsa in Salita- Palio dell\u2019alloro, <\/strong>e di <strong>2,00 Euro <\/strong>per la <strong>\u2018\u2019crono-individuale\u2019\u2019<\/strong>di 1000 metri. Per le <strong><em>Categorie Giovanili<\/em> <\/strong>\u00a0la quota di partecipazione \u00e8 sempre fissata ad <strong>1,00 Euro.<\/strong><\/li>\n<li><strong><em><u>PREMI: <\/u><\/em><\/strong>Per ogni singola tappa si prevedono premi ai <strong><em>Primi TRE <\/em><\/strong>di ogni categoria, ivi comprese la Categorie Giovanili, eccezion fatta per il Palio dell\u2019alloro del 26 maggio 2018, come gi\u00e0 accennato al Punto G di tale Regolamento. Per la <strong><em><u>CLASSIFICA FINALE <\/u><\/em><\/strong>del Gran Prix Parrocchie Ibla, PREMI ai <strong><u>PRIMI 5 di ogni categoria + \u2018\u2019Rimborsi Spese\u2019\u2019 per i Primi 5 Uomini e le Prime 3 Donne della CLASSIFICA ASSOLUTA, <\/u><\/strong><u>come specificato meglio nel seguente relativo punto.<\/u><\/li>\n<li><strong><em><u>\u2018<\/u><\/em><\/strong><strong><em><u>\u2019Rimborsi-Spese\u2019\u2019&amp; Bonus Cronometrici:<\/u><\/em><\/strong><strong><em><u>\u00a0 <\/u><\/em><\/strong>Previsti \u2018\u2019Rimborsi-Spese\u2019\u2019 per la \u2018\u2019<strong>Combinata di San Giorgio\u2019\u2019- la 1^e la 2^tappa, <\/strong>\u00a0per i primi 5 Uomini e le Prime 3 Donne, come da Tabelle seguenti, stesso dicasi per la Classifica finale delle <strong>5 Tappe come evidenziato al punto J.<\/strong> Per la prova a \u2018\u2019cronometro individuale\u2019\u2019 del 15-9-18 il C.O. prevede anche 2 <strong>BONUS cronometrici <\/strong>con \u2018\u2019Rimborsi-spese\u2019\u2019, qualora vengano raggiunti, uno al Maschile e una al Femminile, relativamente a tempi di percorrenza inferiori a <strong><em>3 min. e 20 secondi <\/em><\/strong>e ai <strong><em>4 minuti totali<\/em><\/strong> . \u00a0<strong>B. <\/strong>Questo punto verr\u00e0 specificato meglio nell\u2019apposito \u2019\u2019Regolamento di Tappa della Cronometro\u2019\u2019 che verr\u00e0 pubblicato nel mese di settembre, in prossimit\u00e0 della sua data di svolgimento.<\/li>\n<li><strong><em><u>MAGLIE di LEADER: <\/u><\/em><\/strong>Dalla 3^ Tappa in poi con la disputa del \u2018\u201920\u00b0VIVIBLA\u2019\u2019, i podisti al comando delle classifiche assolute Maschili e Femminili, indosseranno, in stile Giro d\u2019Italia ciclistico, le \u2018\u2019<strong>Maglia di Leader\u2019\u2019, <\/strong>che poi verranno messe in palio per le restanti 3 tappe.<\/li>\n<li><strong><em><u>TABELLE \u2018\u2019RIMBORSI-SPESE\u2019\u2019<\/u><\/em><\/strong><\/li>\n<\/ol>\n<p><strong><em><u>Combinata S.Giorgio- Podistica+ Palio<\/u><\/em><\/strong><\/p>\n<p><strong><em><u>Uomini<\/u><\/em><\/strong>\u00a0\u00a0\u00a0\u00a0\u00a0\u00a0\u00a0\u00a0\u00a0\u00a0\u00a0\u00a0\u00a0\u00a0\u00a0\u00a0\u00a0\u00a0\u00a0\u00a0\u00a0\u00a0\u00a0\u00a0\u00a0\u00a0\u00a0\u00a0\u00a0\u00a0\u00a0\u00a0\u00a0\u00a0\u00a0\u00a0\u00a0\u00a0\u00a0\u00a0\u00a0\u00a0\u00a0\u00a0\u00a0\u00a0\u00a0\u00a0\u00a0\u00a0\u00a0\u00a0\u00a0\u00a0 <strong><em><u>Donne<\/u><\/em><\/strong><\/p>\n<p><strong><em>1\u00b0 \u00a050 Euro\u00a0\u00a0\u00a0\u00a0\u00a0\u00a0\u00a0\u00a0\u00a0\u00a0\u00a0\u00a0\u00a0\u00a0\u00a0\u00a0\u00a0\u00a0\u00a0\u00a0\u00a0\u00a0\u00a0\u00a0\u00a0\u00a0\u00a0\u00a0\u00a0\u00a0\u00a0\u00a0\u00a0\u00a0\u00a0\u00a0\u00a0\u00a0\u00a0\u00a0\u00a0\u00a0\u00a0\u00a0\u00a0 1^ 50 Euro<\/em><\/strong><\/p>\n<p><strong><em>2\u00b0 25 Euro\u00a0\u00a0\u00a0\u00a0\u00a0\u00a0\u00a0\u00a0\u00a0\u00a0\u00a0\u00a0\u00a0\u00a0\u00a0\u00a0\u00a0\u00a0\u00a0\u00a0\u00a0\u00a0\u00a0\u00a0\u00a0\u00a0\u00a0\u00a0\u00a0\u00a0\u00a0\u00a0\u00a0\u00a0\u00a0\u00a0\u00a0\u00a0\u00a0\u00a0\u00a0\u00a0\u00a0\u00a0\u00a0 2^ 20 Euro<\/em><\/strong><\/p>\n<p><strong><em>3\u00b0 20 Euro\u00a0\u00a0\u00a0\u00a0\u00a0\u00a0\u00a0\u00a0\u00a0\u00a0\u00a0\u00a0\u00a0\u00a0\u00a0\u00a0\u00a0\u00a0\u00a0\u00a0\u00a0\u00a0\u00a0\u00a0\u00a0\u00a0\u00a0 \u00a0\u00a0\u00a0\u00a0\u00a0\u00a0\u00a0\u00a0\u00a0\u00a0\u00a0\u00a0\u00a0\u00a0\u00a0\u00a0\u00a03^ 10 Euro<\/em><\/strong><\/p>\n<p><strong><em>4\u00b0 15 Euro<\/em><\/strong><\/p>\n<p><strong><em>5\u00b0 10 Euro<\/em><\/strong><\/p>\n<p><strong><em><u>CLASSIFICA FINALE GRAN PRIX<\/u><\/em><\/strong><\/p>\n<p><strong><em><u>Uomini <\/u><\/em><\/strong>\u00a0\u00a0\u00a0\u00a0\u00a0\u00a0\u00a0\u00a0\u00a0\u00a0\u00a0\u00a0\u00a0\u00a0\u00a0\u00a0\u00a0\u00a0\u00a0\u00a0\u00a0\u00a0\u00a0\u00a0\u00a0\u00a0\u00a0\u00a0\u00a0\u00a0\u00a0\u00a0\u00a0\u00a0\u00a0\u00a0\u00a0\u00a0\u00a0\u00a0\u00a0\u00a0\u00a0\u00a0\u00a0\u00a0\u00a0\u00a0\u00a0\u00a0\u00a0\u00a0\u00a0\u00a0\u00a0\u00a0\u00a0\u00a0\u00a0\u00a0<strong><em><u>Donne<\/u><\/em><\/strong><\/p>\n<p><strong><em>1\u00b0\u00a0 150 Euro\u00a0\u00a0\u00a0\u00a0\u00a0\u00a0\u00a0\u00a0\u00a0\u00a0\u00a0\u00a0\u00a0\u00a0\u00a0\u00a0\u00a0\u00a0\u00a0\u00a0\u00a0\u00a0\u00a0\u00a0\u00a0\u00a0\u00a0\u00a0\u00a0\u00a0\u00a0\u00a0\u00a0\u00a0\u00a0\u00a0\u00a0\u00a0\u00a0\u00a0\u00a0\u00a0\u00a0\u00a0\u00a0\u00a0\u00a0 1^ 100 Euro<\/em><\/strong><\/p>\n<p><strong><em>2\u00b0\u00a0 70 Euro\u00a0\u00a0\u00a0\u00a0\u00a0\u00a0\u00a0\u00a0\u00a0\u00a0\u00a0\u00a0\u00a0\u00a0\u00a0\u00a0\u00a0 \u00a0\u00a0\u00a0\u00a0\u00a0\u00a0\u00a0\u00a0\u00a0\u00a0\u00a0\u00a0\u00a0\u00a0\u00a0\u00a0\u00a0\u00a0\u00a0\u00a0\u00a0\u00a0\u00a0\u00a0\u00a0\u00a0\u00a0\u00a0\u00a0\u00a0\u00a02^\u00a0\u00a0 65 Euro<\/em><\/strong><\/p>\n<p><strong><em>3\u00b0\u00a0 35 Euro\u00a0\u00a0\u00a0\u00a0\u00a0\u00a0\u00a0\u00a0\u00a0\u00a0\u00a0\u00a0\u00a0\u00a0\u00a0\u00a0\u00a0\u00a0\u00a0\u00a0\u00a0\u00a0\u00a0\u00a0\u00a0\u00a0\u00a0\u00a0\u00a0\u00a0\u00a0\u00a0\u00a0\u00a0\u00a0\u00a0\u00a0\u00a0\u00a0\u00a0\u00a0\u00a0\u00a0\u00a0\u00a0\u00a0\u00a0 3^\u00a0\u00a0 35 Euro<\/em><\/strong><\/p>\n<p><strong><em>4\u00b0 25 Euro\u00a0\u00a0\u00a0\u00a0\u00a0\u00a0\u00a0\u00a0\u00a0\u00a0\u00a0\u00a0\u00a0\u00a0\u00a0\u00a0\u00a0\u00a0\u00a0\u00a0\u00a0\u00a0\u00a0\u00a0\u00a0\u00a0\u00a0\u00a0\u00a0\u00a0\u00a0\u00a0\u00a0\u00a0\u00a0\u00a0\u00a0\u00a0\u00a0\u00a0\u00a0\u00a0\u00a0\u00a0\u00a0\u00a0 <\/em><\/strong><\/p>\n<p><strong><em>5\u00b0 20 Euro<\/em><\/strong><\/p>\n<p><strong><em>N.B. <\/em><\/strong>I \u2018\u2019 Rimborsi-Spese\u2019\u2019 relativi alla Classifica Finale del \u2018\u2019 GRAN PRIX delle Parrocchie di Ibla\u2019\u2019 saranno ufficializzati e consegnati ai vincitori, dopo verifiche e relative omologazioni, nella Giornata di <strong>SABATO 8 Dicembre 2018 , <\/strong>in occasione della Festa di Maria SS.Immacolata<\/p>\n<p><strong><em><u>Brevi Descrizioni delle 5 Tappe<\/u><\/em><\/strong><\/p>\n<p><strong><em><u>A <\/u><\/em><\/strong><strong>\u00a0La Podistica di San Giorgio <\/strong>si svolge su un circuito nervoso di 850 metri tra le Isole pedonali\u00a0 di Piazza Duomo, Piazza Pola, Piazza Chiaramonte, da ripetere 6 volte.<\/p>\n<p><strong><em><u>B <\/u><\/em><\/strong><strong><em>Il Palio dell\u2019alloro <\/em><\/strong>\u00e8 una corsa in salita tutta d\u2019un fiato di 2000 metri, con la prima parte in semi-trail, tra la vallata dell\u2019Irminio e la scalinata rupestre dell\u2019Antico Lavatoio Comunale,\u00a0 con grandi pendenze\u00a0 nel muro della Peschiera, poi la suggestiva scalinata del Duomo, prima del traguardo\u00a0 nel punto pi\u00f9 alto di Ibla in Piazza Dott.Solarino.<\/p>\n<p><strong><em><u>C<\/u><\/em><\/strong><strong><em> Il VIVIBLA <\/em><\/strong>in occasione della Festa di Maria SS.Addolorata, nel classico anello in basole di 840 metri da ripetere 6 volte, tra il quartiere Archi e San Paolo.<\/p>\n<p><strong><em><u>D <\/u><\/em><\/strong><strong><em>\u2018\u2019 Il KM da Fermo Ibleo\u2019\u2019 <\/em><\/strong>\u00a0La Crono-individuale di 1000 metri, in passato disputatosi con le Mount Bike, tra Piazza della Repubblica e Piazza Duomo, seguendo un percorso \u2018\u2019Semi-trail\u2019\u2019 da S.Barbara, via dei Miracoli, il tratto dopo la galleria, adiacente al Grand Hotel San Giorgio, riaperto dopo tempo al pubblico,\u00a0 per poi seguire Porta Walter, e traguardo in Piazza Duomo nel classico e suggestivo vialone d\u2019arrivo di Corso 25 Aprile, in passato Finish-line per una decina di anni della Maratona di Ragusa. Una Cronometro tosta ma anche molto suggestiva.<\/p>\n<p><strong><em><u>E <\/u><\/em><\/strong><strong>Il Trofeo dell\u2019Immacolata-Memorial Giovanni Donzella, <\/strong>\u00a0con la formula della partenza dinanzi al Sagrato della Chiesa, e dopo breve circuito adiacente, il circuito finale dentro i Giardini Iblei, che ne fa di sicuro la prova podistica \u2018\u2019altimetricamente pi\u00f9 facile\u2019\u2019 da disputare a Ragusa Ibla.<\/p>\n<p><strong><em><u>1\u00b0 GRAN PRIX DELLE PARROCCHIE di IBLA <\/u><\/em><\/strong><\/p>\n<p><strong><em><u>INFO: <\/u><\/em><\/strong>\u00a0Elio Sortino\u00a0 Responsabile Tecnico 328 0006568;\u00a0 <a href=\"mailto:eliosortino@gmail.com\">eliosortino@gmail.com<\/a><\/p>\n<p>Antonella Caramia Presidente CSI Ragusa 345 5185362 <a href=\"mailto:antonella.caramia@gmail.com\">antonella.caramia@gmail.com<\/a><\/p>\n<p>Elvio Sigona\u00a0 Responsabile CronoSicilia-Csain RG 340 4049142 ; <a href=\"mailto:elvio.csain@virgilio.it\">elvio.csain@virgilio.it<\/a><\/p>\n","protected":false},"excerpt":{"rendered":"<p>Il C.S.I. Provinciale di Ragusa, in collaborazione\u00a0 coi Comitati Festeggiamenti Parrocchiali di Ragusa Ibla, ed il supporto Tecnico di CronoSicilia- Csain RG e della A.P.D. Ultrarunning\u00a0 Ragusa, organizza la 1^ Edizione del \u2018\u2019GRAN PRIX delle Parrocchie di IBLA\u2019\u2019, kermesse podistica a tappe su 5 Prove. Il Gran Prix delle Parrocchie di Ibla, \u00e8 un\u2019iniziativa senza [&hellip;]<\/p>\n","protected":false},"author":1,"featured_media":0,"comment_status":"closed","ping_status":"closed","sticky":false,"template":"","format":"standard","meta":{"_jetpack_memberships_contains_paid_content":false,"footnotes":""},"categories":[4],"tags":[],"class_list":["post-2812","post","type-post","status-publish","format-standard","hentry","category-comunicati-stampa"],"jetpack_featured_media_url":"","jetpack_sharing_enabled":true,"_links":{"self":[{"href":"https:\/\/www.podistipercaso.it\/home\/wp-json\/wp\/v2\/posts\/2812","targetHints":{"allow":["GET"]}}],"collection":[{"href":"https:\/\/www.podistipercaso.it\/home\/wp-json\/wp\/v2\/posts"}],"about":[{"href":"https:\/\/www.podistipercaso.it\/home\/wp-json\/wp\/v2\/types\/post"}],"author":[{"embeddable":true,"href":"https:\/\/www.podistipercaso.it\/home\/wp-json\/wp\/v2\/users\/1"}],"replies":[{"embeddable":true,"href":"https:\/\/www.podistipercaso.it\/home\/wp-json\/wp\/v2\/comments?post=2812"}],"version-history":[{"count":1,"href":"https:\/\/www.podistipercaso.it\/home\/wp-json\/wp\/v2\/posts\/2812\/revisions"}],"predecessor-version":[{"id":2813,"href":"https:\/\/www.podistipercaso.it\/home\/wp-json\/wp\/v2\/posts\/2812\/revisions\/2813"}],"wp:attachment":[{"href":"https:\/\/www.podistipercaso.it\/home\/wp-json\/wp\/v2\/media?parent=2812"}],"wp:term":[{"taxonomy":"category","embeddable":true,"href":"https:\/\/www.podistipercaso.it\/home\/wp-json\/wp\/v2\/categories?post=2812"},{"taxonomy":"post_tag","embeddable":true,"href":"https:\/\/www.podistipercaso.it\/home\/wp-json\/wp\/v2\/tags?post=2812"}],"curies":[{"name":"wp","href":"https:\/\/api.w.org\/{rel}","templated":true}]}}