{"id":2772,"date":"2018-05-03T15:50:55","date_gmt":"2018-05-03T13:50:55","guid":{"rendered":"http:\/\/www.podistipercaso.it\/home\/?p=2772"},"modified":"2018-05-06T15:53:13","modified_gmt":"2018-05-06T13:53:13","slug":"alberto-amenta-e-sabrina-mazza-si-aggiudicano-la-seconda-vittoria-jazzrun","status":"publish","type":"post","link":"https:\/\/www.podistipercaso.it\/home\/alberto-amenta-e-sabrina-mazza-si-aggiudicano-la-seconda-vittoria-jazzrun\/","title":{"rendered":"Alberto Amenta E Sabrina Mazza si aggiudicano la seconda Vittoria JazzRun"},"content":{"rendered":"<p style=\"text-align: justify;\"><span style=\"color: #000000;\"><img loading=\"lazy\" decoding=\"async\" class=\"alignleft wp-image-2774 size-medium\" src=\"https:\/\/www.podistipercaso.it\/home\/wp-content\/uploads\/2018\/05\/Arrivi-300x119.jpg\" alt=\"\" width=\"300\" height=\"119\" srcset=\"https:\/\/www.podistipercaso.it\/home\/wp-content\/uploads\/2018\/05\/Arrivi-300x119.jpg 300w, https:\/\/www.podistipercaso.it\/home\/wp-content\/uploads\/2018\/05\/Arrivi-768x304.jpg 768w, https:\/\/www.podistipercaso.it\/home\/wp-content\/uploads\/2018\/05\/Arrivi-1024x406.jpg 1024w\" sizes=\"auto, (max-width: 300px) 100vw, 300px\" \/>Grande successo domenica mattina per la seconda edizione della Vittoria JazzRun. Vince col tempo di 0:34:19 Alberto Amenta, forte atleta Sciclitano della Libertas Scicli, migliorando di 7 secondi il suo record della gara e confermandosi campione indiscusso fin dalla scorsa edizione. Lo seguono Giuseppe Licitra della Atletica Padua e Antonino Nicosia della Uisp Santa Croce. Sul gradino pi\u00f9 alto del podio femminile troviamo invece Sabrina Mazza, della Barocco Running, che ha chiuso la gara col tempo di 0:42:28, seguita da Gisella Spadaro della Placeolum e Flavia Modica della No al Doping.<\/span><\/p>\n<p style=\"text-align: justify;\"><span style=\"color: #000000;\"><img loading=\"lazy\" decoding=\"async\" class=\"alignleft wp-image-2775 size-medium\" src=\"https:\/\/www.podistipercaso.it\/home\/wp-content\/uploads\/2018\/05\/Premiazione-300x84.jpg\" alt=\"\" width=\"300\" height=\"84\" srcset=\"https:\/\/www.podistipercaso.it\/home\/wp-content\/uploads\/2018\/05\/Premiazione-300x84.jpg 300w, https:\/\/www.podistipercaso.it\/home\/wp-content\/uploads\/2018\/05\/Premiazione-768x215.jpg 768w, https:\/\/www.podistipercaso.it\/home\/wp-content\/uploads\/2018\/05\/Premiazione-1024x287.jpg 1024w\" sizes=\"auto, (max-width: 300px) 100vw, 300px\" \/>Amenta si aggiudica anche il traguardo volante del trofeo Jazzart, un\u2019opera d\u2019arte donata dall\u2019artista vittoriese Gianni Robustelli. Fra i premiati anche un premio per la prima camminatrice in ricordo di Maria Angela Cardamone, un premio per la squadra di corridori pi\u00f9 numerosa e uno per la squadra di camminatori pi\u00f9 numerosa.<\/span><\/p>\n<p style=\"text-align: justify;\"><span style=\"color: #000000;\"><img loading=\"lazy\" decoding=\"async\" class=\"alignleft wp-image-2776 size-medium\" src=\"https:\/\/www.podistipercaso.it\/home\/wp-content\/uploads\/2018\/05\/Gruppi-300x211.jpg\" alt=\"\" width=\"300\" height=\"211\" srcset=\"https:\/\/www.podistipercaso.it\/home\/wp-content\/uploads\/2018\/05\/Gruppi-300x211.jpg 300w, https:\/\/www.podistipercaso.it\/home\/wp-content\/uploads\/2018\/05\/Gruppi-768x541.jpg 768w, https:\/\/www.podistipercaso.it\/home\/wp-content\/uploads\/2018\/05\/Gruppi-1024x722.jpg 1024w\" sizes=\"auto, (max-width: 300px) 100vw, 300px\" \/>\u201cNel 2018 ricorrono i settant&#8217;anni della nascita dell&#8217;Uisp\u201d, ha dichiarato Giuseppe Sammaritano, referente atletica leggera per la U.I.S.P. Sicilia presente durante la manifestazione. \u201cCon la Vittoria Jazzrun la U.I.S.P. intende festeggiare a Vittoria questo anniversario importantissimo per il ruolo che l\u2019associazione in tutti questi anni ha svolto e continua a svolgere con l\u2019obiettivo di promuovere lo sport per tutti. Questo \u00e8 un evento che senza dubbio riesce a coinvolgere la citt\u00e0 intera grazie alla partecipazione di corridori e camminatori e grazie ad un percorso cos\u00ec variegato e in piano. Sono felice di essere qui oggi e di festeggiare con tutta la citt\u00e0 di Vittoria questo importante anniversario.\u201d<\/span><\/p>\n<p style=\"text-align: justify;\"><span style=\"color: #000000;\"><img loading=\"lazy\" decoding=\"async\" class=\"alignleft wp-image-2778 size-medium\" src=\"https:\/\/www.podistipercaso.it\/home\/wp-content\/uploads\/2018\/05\/Arrivi2-300x121.jpg\" alt=\"\" width=\"300\" height=\"121\" srcset=\"https:\/\/www.podistipercaso.it\/home\/wp-content\/uploads\/2018\/05\/Arrivi2-300x121.jpg 300w, https:\/\/www.podistipercaso.it\/home\/wp-content\/uploads\/2018\/05\/Arrivi2-768x309.jpg 768w, https:\/\/www.podistipercaso.it\/home\/wp-content\/uploads\/2018\/05\/Arrivi2-1024x413.jpg 1024w\" sizes=\"auto, (max-width: 300px) 100vw, 300px\" \/>\u201cLa gara ha ripetuto sostanzialmente i numeri dell\u2019anno scorso.\u201d Ha dichiarato Marco Marangio, organizzatore dell\u2019evento. \u201cCirca 150 persone fra podisti e camminatori hanno percorso il tracciato che vede soprattutto la via Cavour trasformarsi in una grande pista di atletica. La citt\u00e0 ha accolto ancora una volta meravigliosamente e in festa tanti atleti provenienti da tutta la Sicilia. Grazie agli sforzi dell\u2019amministrazione comunale, dei vigili urbani e di tutti i volontari che hanno regolato il traffico tutto si \u00e8 svolto in completa sicurezza.\u201d<\/span><\/p>\n<p style=\"text-align: justify;\"><span style=\"color: #000000;\"><img loading=\"lazy\" decoding=\"async\" class=\"alignleft wp-image-2779 size-medium\" src=\"https:\/\/www.podistipercaso.it\/home\/wp-content\/uploads\/2018\/05\/Arrivi3-300x211.jpg\" alt=\"\" width=\"300\" height=\"211\" srcset=\"https:\/\/www.podistipercaso.it\/home\/wp-content\/uploads\/2018\/05\/Arrivi3-300x211.jpg 300w, https:\/\/www.podistipercaso.it\/home\/wp-content\/uploads\/2018\/05\/Arrivi3-768x541.jpg 768w, https:\/\/www.podistipercaso.it\/home\/wp-content\/uploads\/2018\/05\/Arrivi3-1024x722.jpg 1024w\" sizes=\"auto, (max-width: 300px) 100vw, 300px\" \/>Fra i premiati anche Gianvalerio Frasca per la categoria cadetti della squadra No al Doping, Marika Ficili della Libertas Scicli, per la categoria Junior, Flavia Modica della No al Doping e Lorena Bufardeci, rispettivamente seconda e terza nella categoria SF, Loredana Busacca della Uisp Santa Croce, Veronica Russo della No al Doping e Adelia Billeci della Uisp Santa Croce, rispettivamente prima, seconda e terza nella categoria SF35. Gisella Spadaro della Placolum, Laura Tummino della No al Doping e Carmen Cascone della Atletica Padua, rispettivamente prima seconda e terza nella categoria SF40. Santina Abate della Salemitana Uisp, Antonia Iaquez della No al Doping e Pasqualina Agueci della Salemitana Uisp rispettivamente prima seconda e terza nella categoria SF45. Filippa Iozzia della No al Doping prima nella categoria SF50. Guglielma Taranto della No al Doping e Carmela Pantano della Placeolum, rispettivamente prima e seconda della categoria SF55. Giovanni Dezio, Andrea Castronuovo e Davide Guastella tutti della No al Doping rispettivamente primo, secondo e terzo nella categoria SM. Daniele Sammatrice, Giovanni Cascone e Vladimiro Taormina tutti della No al Doping rispettivamente primo, secondo e terzo nella categoria SM35. Antonino Nicosia della Uisp Santa Croce, Antonino Zagarini della Libertas Scicli e Carmelo iaci della Placeolum rispettivamente primo, secondo e terzo nella categoria SM40, Giuseppe Licitra della Atletica Padua, Orazio Firrincieli e Sergio Naselli della No al Doping rispettivamente primo, secondo e terzo nella categoria SM45. Salvatore Ferrera della Barrafranca Running, Giovanni Gatto della No al Doping e Renato Adamo della Salemitana Uisp, rispettivamente primo, secondo e terzo nella categoria SM50. Salvatore Rinzivillo dell\u2019Atletica Padua, Gaetano Vizzini Bisaccia e Giovanni Calogero della No al Doping rispettivamente primo secondo e terzo nella categoria SM55. Guido Campailla della Placeolum e Giovanni Macca della No al Doping rispettivamente primo e secondo nella categoria SM60, Giovanni Finielli della Tortellini Voltan e Salvatore Cirnigliaro della No al Doping, primo e secondo nella categoria SM65. Francesco Ruscica della Libertas Scicli primo nella categoria SM70.<\/span><\/p>\n<p style=\"text-align: justify;\"><span style=\"color: #000000;\">Ora l\u2019attenzione si sposta sulla terza edizione della San Domenico Savio Running Cup in programma per sabato 5 maggio a Ragusa presso l\u2019oratorio salesiano di Ragusa.<\/span><\/p>\n","protected":false},"excerpt":{"rendered":"<p>Grande successo domenica mattina per la seconda edizione della Vittoria JazzRun. Vince col tempo di 0:34:19 Alberto Amenta, forte atleta Sciclitano della Libertas Scicli, migliorando di 7 secondi il suo record della gara e confermandosi campione indiscusso fin dalla scorsa edizione. Lo seguono Giuseppe Licitra della Atletica Padua e Antonino Nicosia della Uisp Santa Croce. [&hellip;]<\/p>\n","protected":false},"author":1,"featured_media":2773,"comment_status":"closed","ping_status":"closed","sticky":false,"template":"","format":"standard","meta":{"_jetpack_memberships_contains_paid_content":false,"footnotes":""},"categories":[6],"tags":[],"class_list":["post-2772","post","type-post","status-publish","format-standard","has-post-thumbnail","hentry","category-notizie"],"jetpack_featured_media_url":"https:\/\/www.podistipercaso.it\/home\/wp-content\/uploads\/2018\/05\/Vincitor.jpg","jetpack_sharing_enabled":true,"_links":{"self":[{"href":"https:\/\/www.podistipercaso.it\/home\/wp-json\/wp\/v2\/posts\/2772","targetHints":{"allow":["GET"]}}],"collection":[{"href":"https:\/\/www.podistipercaso.it\/home\/wp-json\/wp\/v2\/posts"}],"about":[{"href":"https:\/\/www.podistipercaso.it\/home\/wp-json\/wp\/v2\/types\/post"}],"author":[{"embeddable":true,"href":"https:\/\/www.podistipercaso.it\/home\/wp-json\/wp\/v2\/users\/1"}],"replies":[{"embeddable":true,"href":"https:\/\/www.podistipercaso.it\/home\/wp-json\/wp\/v2\/comments?post=2772"}],"version-history":[{"count":2,"href":"https:\/\/www.podistipercaso.it\/home\/wp-json\/wp\/v2\/posts\/2772\/revisions"}],"predecessor-version":[{"id":2780,"href":"https:\/\/www.podistipercaso.it\/home\/wp-json\/wp\/v2\/posts\/2772\/revisions\/2780"}],"wp:featuredmedia":[{"embeddable":true,"href":"https:\/\/www.podistipercaso.it\/home\/wp-json\/wp\/v2\/media\/2773"}],"wp:attachment":[{"href":"https:\/\/www.podistipercaso.it\/home\/wp-json\/wp\/v2\/media?parent=2772"}],"wp:term":[{"taxonomy":"category","embeddable":true,"href":"https:\/\/www.podistipercaso.it\/home\/wp-json\/wp\/v2\/categories?post=2772"},{"taxonomy":"post_tag","embeddable":true,"href":"https:\/\/www.podistipercaso.it\/home\/wp-json\/wp\/v2\/tags?post=2772"}],"curies":[{"name":"wp","href":"https:\/\/api.w.org\/{rel}","templated":true}]}}