{"id":2764,"date":"2018-04-27T16:07:33","date_gmt":"2018-04-27T14:07:33","guid":{"rendered":"http:\/\/www.podistipercaso.it\/home\/?p=2764"},"modified":"2018-04-27T16:07:33","modified_gmt":"2018-04-27T14:07:33","slug":"alloratorio-salesiano-la-3-san-domenico-savio-running-cup","status":"publish","type":"post","link":"https:\/\/www.podistipercaso.it\/home\/alloratorio-salesiano-la-3-san-domenico-savio-running-cup\/","title":{"rendered":"ALL\u2019ORATORIO SALESIANO LA  3^ SAN  DOMENICO SAVIO RUNNING CUP"},"content":{"rendered":"<p style=\"text-align: justify;\"><span style=\"color: #000000;\"><img loading=\"lazy\" decoding=\"async\" class=\"alignleft wp-image-2765 size-medium\" src=\"https:\/\/www.podistipercaso.it\/home\/wp-content\/uploads\/2018\/04\/savio-Running-2017-1-300x200.jpg\" alt=\"\" width=\"300\" height=\"200\" srcset=\"https:\/\/www.podistipercaso.it\/home\/wp-content\/uploads\/2018\/04\/savio-Running-2017-1-300x200.jpg 300w, https:\/\/www.podistipercaso.it\/home\/wp-content\/uploads\/2018\/04\/savio-Running-2017-1-768x512.jpg 768w, https:\/\/www.podistipercaso.it\/home\/wp-content\/uploads\/2018\/04\/savio-Running-2017-1-1024x683.jpg 1024w\" sizes=\"auto, (max-width: 300px) 100vw, 300px\" \/>L\u2019attesa \u00e8 finita. Tutto \u00e9 pronto per la <strong>3^ San Domenico Savio Running Cup<\/strong> in programma, cos\u00ec come da tradizione, <strong>sabato<\/strong>\u00a0\u00a0 <strong>pomeriggio<\/strong> <strong>5 maggio <\/strong>presso i <strong>Salesiani di Ragusa<\/strong>. Dopo il successo delle precedenti edizioni, ecco arrivati per il terzo\u00a0 anno consecutivo all\u2019atteso appuntamento\u00a0 con la classica collinare, dal percorso impegnativo ma affascinante. Una delle poche gare che ancora resiste a Ragusa tra quelle a carattere parrocchiale. L\u2019Associazione Salesiani Cooperatori di Ragusa, che rappresenta il 3^ ramo della famiglia salesiana,\u00a0 ovvero i laici che condividono il carisma di Don Bosco, organizza, in occasione dei festeggiamenti in onore di San Domenico Savio una\u00a0<strong>podistica su strada e camminata veloce. <\/strong>La gara ha il sigillo della <strong>FIDAL<\/strong>, mentre l\u2019aspetto tecnico &#8211; sportivo \u00e8 curato <strong>dall\u2019ASD No Doping di Ragusa <\/strong>e dall&#8217;ente di promozione sportiva <strong>UISP <\/strong>\u00a0che vantano una provata esperienza nelle organizzazioni di\u00a0 manifestazioni di questa tipologia. Lo slogan dell\u2019evento \u201c<strong>CorriAMO per un cuore giovane<\/strong>\u201d, prende spunto da un pensiero di Don Bosco che diceva ai suoi ragazzi: \u201c<em>Basta che siate giovani, perch\u00e9 io vi ami assai\u201d.<\/em> Con questa iniziativa, in pratica, ancora una volta l\u2019oratorio salesiano spalanca le porte di via Gagini per accogliere e abbracciare idealmente la citt\u00e0. Infatti i\u00a0 Salesiani Cooperatori hanno pensato proprio a questo coinvolgendo bambini, ragazzi, adulti, figli e genitori tramite un momento di sport,\u00a0 di sano divertimento, di festa e di aggregazione. La kermesse\u00a0 avr\u00e0 <strong>una forte valenza sociale<\/strong>, in quanto saranno invitati a partecipare gli ospiti stranieri richiedenti asilo politico della Coop. Filotea, i ragazzi ospiti della casa Famiglia Rosetta, i bambini dell\u2019Associazione Raggio di Sole, nonch\u00e9 l\u2019Unione Italiana Ciechi della sede di Ragusa che parteciper\u00e0 alla camminata con un gruppo di non vedenti con accompagnatori. Inoltre parte del ricavato delle iscrizioni sar\u00e0 devoluto in <strong>beneficenza<\/strong> per la raccolta di fondi per il progetto Immacolata: costruzione di una nuova chiesa nel villaggio Kahulong &#8211; Manipur in India . Il <strong>raduno<\/strong> \u00e8 previsto alle <strong>ore 15.00<\/strong> presso lo slargo di <strong>via Gagini<\/strong>, di fronte l&#8217;ingresso dell&#8217;Oratorio Salesiano e alle 16.00 ci sar\u00e0 la partenza delle <strong>categorie giovanili maschili e femminili<\/strong> divise in cinque fasce di et\u00e0 (esordienti A,B,C, ragazzi e cadetti). Seguir\u00e0 la partenza dei <strong>camminatori<\/strong> in un percorso ricavato nel quartiere per <strong>6 km<\/strong> e subito dopo toccher\u00e0 agli <strong>assoluti\/master\/amatori uomini e donne<\/strong>\u00a0 che correranno per un giro in pi\u00f9 per un totale di <strong>8 km<\/strong>. \u201c<em>Una\u00a0 \u201ccollinare\u201d che attira molti appassionati &#8211;\u00a0 dichiarano gli organizzatori &#8211; per la tipologia del percorso ricavato in un quartiere\u00a0 caratterizzato da vari sali-scendi e con l\u2019 impegnativo dislivello di gara da affrontare di ben m. 155. \u00a0Tutto ci\u00f2 render\u00e0 la gara avvincente e oseremo dire anche stimolante, per chi vuole cimentarsi in 8 km di particolari emozioni.\u00a0 Lo sport gi\u00e0 \u00e8 divertimento e aggregazione ma in questo caso avremmo l\u2019 abbinamento vincente con la solidariet\u00e0, l\u2019integrazione\u00a0 e la socializzazione proprio per finalizzare lo slogan della manifestazione. Ricordiamo che ogni partecipante, non a caso,\u00a0\u00a0 con la propria iscrizione, compir\u00e0\u00a0 un gesto d\u2019altruismo\u201d.<\/em>\u00a0 Al termine di tutte le gare oltre alla <strong>premiazione dei primi tre di ogni categoria<\/strong>, ci sar\u00e0 un momento di condivisione con il <strong>ristoro per tutti<\/strong> i partecipanti. In particolare i gareggianti delle <strong>categorie giovanili<\/strong> saranno <strong>tutti premiati<\/strong> con una <strong>medaglia ricordo<\/strong>. Questo evento socio &#8211; sportivo, grazie al\u00a0 coinvolgimento di persone di varie fasce di et\u00e0,\u00a0 sar\u00e0 anche un&#8217;occasione per promuovere lo sport quello puro, dove lo sport \u00e8 veramente per tutti.<\/span><\/p>\n","protected":false},"excerpt":{"rendered":"<p>L\u2019attesa \u00e8 finita. Tutto \u00e9 pronto per la 3^ San Domenico Savio Running Cup in programma, cos\u00ec come da tradizione, sabato\u00a0\u00a0 pomeriggio 5 maggio presso i Salesiani di Ragusa. Dopo il successo delle precedenti edizioni, ecco arrivati per il terzo\u00a0 anno consecutivo all\u2019atteso appuntamento\u00a0 con la classica collinare, dal percorso impegnativo ma affascinante. Una delle [&hellip;]<\/p>\n","protected":false},"author":1,"featured_media":2765,"comment_status":"closed","ping_status":"closed","sticky":false,"template":"","format":"standard","meta":{"_jetpack_memberships_contains_paid_content":false,"footnotes":""},"categories":[6],"tags":[],"class_list":["post-2764","post","type-post","status-publish","format-standard","has-post-thumbnail","hentry","category-notizie"],"jetpack_featured_media_url":"https:\/\/www.podistipercaso.it\/home\/wp-content\/uploads\/2018\/04\/savio-Running-2017-1.jpg","jetpack_sharing_enabled":true,"_links":{"self":[{"href":"https:\/\/www.podistipercaso.it\/home\/wp-json\/wp\/v2\/posts\/2764","targetHints":{"allow":["GET"]}}],"collection":[{"href":"https:\/\/www.podistipercaso.it\/home\/wp-json\/wp\/v2\/posts"}],"about":[{"href":"https:\/\/www.podistipercaso.it\/home\/wp-json\/wp\/v2\/types\/post"}],"author":[{"embeddable":true,"href":"https:\/\/www.podistipercaso.it\/home\/wp-json\/wp\/v2\/users\/1"}],"replies":[{"embeddable":true,"href":"https:\/\/www.podistipercaso.it\/home\/wp-json\/wp\/v2\/comments?post=2764"}],"version-history":[{"count":1,"href":"https:\/\/www.podistipercaso.it\/home\/wp-json\/wp\/v2\/posts\/2764\/revisions"}],"predecessor-version":[{"id":2766,"href":"https:\/\/www.podistipercaso.it\/home\/wp-json\/wp\/v2\/posts\/2764\/revisions\/2766"}],"wp:featuredmedia":[{"embeddable":true,"href":"https:\/\/www.podistipercaso.it\/home\/wp-json\/wp\/v2\/media\/2765"}],"wp:attachment":[{"href":"https:\/\/www.podistipercaso.it\/home\/wp-json\/wp\/v2\/media?parent=2764"}],"wp:term":[{"taxonomy":"category","embeddable":true,"href":"https:\/\/www.podistipercaso.it\/home\/wp-json\/wp\/v2\/categories?post=2764"},{"taxonomy":"post_tag","embeddable":true,"href":"https:\/\/www.podistipercaso.it\/home\/wp-json\/wp\/v2\/tags?post=2764"}],"curies":[{"name":"wp","href":"https:\/\/api.w.org\/{rel}","templated":true}]}}