{"id":2741,"date":"2018-04-19T20:12:46","date_gmt":"2018-04-19T18:12:46","guid":{"rendered":"http:\/\/www.podistipercaso.it\/home\/?p=2741"},"modified":"2018-04-19T20:13:02","modified_gmt":"2018-04-19T18:13:02","slug":"ragusa-ospita-la-35-edizione-del-vivcitta-corsa-podistica-internazionale-in-concomitanza-con-48-citta-nel-mondo","status":"publish","type":"post","link":"https:\/\/www.podistipercaso.it\/home\/ragusa-ospita-la-35-edizione-del-vivcitta-corsa-podistica-internazionale-in-concomitanza-con-48-citta-nel-mondo\/","title":{"rendered":"RAGUSA OSPITA LA 35\u00b0 EDIZIONE DEL VIVCITTA\u2019 CORSA PODISTICA INTERNAZIONALE IN CONCOMITANZA CON 48 CITTA\u2019 NEL MONDO"},"content":{"rendered":"<p style=\"text-align: justify;\"><span style=\"color: #000000;\">10,30 in punto lo start dato dal 1\u00b0 Cittadino di Ragusa Ing. Federico Piccitto, assieme al Delegato CONI Ragusa, Gianstefano Passalacqua, hanno aperto ufficialmente il VIVICITTA\u2019 anche nel capoluogo Ibleo.<\/span><\/p>\n<p style=\"text-align: justify;\"><span style=\"color: #000000;\">La gara podistica \u00e8 stata preceduta dalle batterie giovanili nelle varie distanze, tracciato sviluppato all\u2019interno del Viale Tenete Lena, diventato per l\u2019occasione una vera pista di atletica leggera.<\/span><\/p>\n<p style=\"text-align: justify;\"><span style=\"color: #000000;\">Sulla linea di partenza i pi\u00f9 forti atleti tra le province limitrofe, con gli amanti della camminata sportiva pi\u00f9 rappresentative, Siemu a peri, Amuni, Chiaramonte Cammina, Ispica Running sez. Fitwalking, asd no al doping, societ\u00e0 che ha collaborato all\u2019organizzazione dell\u2019 evento assieme alla Uisp Territoriale guidata da Tonino Siciliano; prova valida campionato di corsa su strada Fidal.<\/span><\/p>\n<p style=\"text-align: justify;\"><span style=\"color: #000000;\">\u00a0Con tutti sulla linea di partenza anche il gruppo dei ragazzi del Progetto Filippide.<\/span><\/p>\n<p style=\"text-align: justify;\"><span style=\"color: #000000;\">Presenti\u00a0 alla premiazioni l\u2019Assessore allo sport Massimo Iannucci, il presidente del Consiglio Comunale Antonio Tringali, diversi consiglieri Comunali, molti vicini a questi momenti di sport e aggregazione.<\/span><\/p>\n<p style=\"text-align: justify;\"><span style=\"color: #000000;\">Taglia per primo il traguardo sulla distanza\u00a0 dei 12 km l \u2018atleta della Libertas Scicli guidata da Ruscica, Alberto Amenta col tempo di 43\u2019 07\u201d , seconda piazza per Alessandro Vizzini team Kapuhala dopo appena 30 \u201c, chiude il podio col terzo posto Nicosia Antonino\u00a0 Uisp Santa Croce.<\/span><\/p>\n<p style=\"text-align: justify;\"><span style=\"color: #000000;\">Il podio in rosa sale il gradino pi\u00f9 alto Bono Sebastiana soc. Asd Palombella Running col tempo di 52\u2019 11\u201d, secondo gradino per Sabrina Mazza della Barocco Running, terza piazza per Laura Tumino della societa asd no al doping col tempo di 58\u2019 59\u201d.<\/span><\/p>\n<p style=\"text-align: justify;\"><span style=\"color: #000000;\">Un riconoscimento per la Uisp Territoriale di Ragusa per i suoi 70 anni di attivit\u00e0, presente nel capoluogo per propagare e diffondere il messaggio dello sport come mezzo educativo e momento di crescita sana e costruttiva.<\/span><\/p>\n<p style=\"text-align: justify;\"><span style=\"color: #000000;\">Un plauso sicuramente va alle Forze dell\u2019 ordine Polizia di Stato ,Carabinieri, Polizia Municipale, i vari gruppi di Volontari, Misericordia Modica,Wolf Rangers Ragusa, Ranger Comiso e un doveroso ringraziamento agli sponsor che ci sostengono e\u00a0 credendo allo sport fanno si che questo movimento cresca sempre di pi\u00f9, alla Signora Melanzana, Acqua d\u2019 Italia, e Samer Sport Ragusa.<\/span><\/p>\n<p style=\"text-align: justify;\"><span style=\"color: #000000;\">Un prossimo appuntamento alla 36\u00b0 edizione e un caloroso arrivederci al 1\u00b0 Maggio a Vittoria per la Jazza Run, evento giunto alla seconda edizione, corsa podistica tra le vie cittadine del comune Ipparino.<\/span><\/p>\n","protected":false},"excerpt":{"rendered":"<p>10,30 in punto lo start dato dal 1\u00b0 Cittadino di Ragusa Ing. Federico Piccitto, assieme al Delegato CONI Ragusa, Gianstefano Passalacqua, hanno aperto ufficialmente il VIVICITTA\u2019 anche nel capoluogo Ibleo. La gara podistica \u00e8 stata preceduta dalle batterie giovanili nelle varie distanze, tracciato sviluppato all\u2019interno del Viale Tenete Lena, diventato per l\u2019occasione una vera pista [&hellip;]<\/p>\n","protected":false},"author":1,"featured_media":0,"comment_status":"closed","ping_status":"closed","sticky":false,"template":"","format":"standard","meta":{"_jetpack_memberships_contains_paid_content":false,"footnotes":""},"categories":[6],"tags":[],"class_list":["post-2741","post","type-post","status-publish","format-standard","hentry","category-notizie"],"jetpack_featured_media_url":"","jetpack_sharing_enabled":true,"_links":{"self":[{"href":"https:\/\/www.podistipercaso.it\/home\/wp-json\/wp\/v2\/posts\/2741","targetHints":{"allow":["GET"]}}],"collection":[{"href":"https:\/\/www.podistipercaso.it\/home\/wp-json\/wp\/v2\/posts"}],"about":[{"href":"https:\/\/www.podistipercaso.it\/home\/wp-json\/wp\/v2\/types\/post"}],"author":[{"embeddable":true,"href":"https:\/\/www.podistipercaso.it\/home\/wp-json\/wp\/v2\/users\/1"}],"replies":[{"embeddable":true,"href":"https:\/\/www.podistipercaso.it\/home\/wp-json\/wp\/v2\/comments?post=2741"}],"version-history":[{"count":1,"href":"https:\/\/www.podistipercaso.it\/home\/wp-json\/wp\/v2\/posts\/2741\/revisions"}],"predecessor-version":[{"id":2742,"href":"https:\/\/www.podistipercaso.it\/home\/wp-json\/wp\/v2\/posts\/2741\/revisions\/2742"}],"wp:attachment":[{"href":"https:\/\/www.podistipercaso.it\/home\/wp-json\/wp\/v2\/media?parent=2741"}],"wp:term":[{"taxonomy":"category","embeddable":true,"href":"https:\/\/www.podistipercaso.it\/home\/wp-json\/wp\/v2\/categories?post=2741"},{"taxonomy":"post_tag","embeddable":true,"href":"https:\/\/www.podistipercaso.it\/home\/wp-json\/wp\/v2\/tags?post=2741"}],"curies":[{"name":"wp","href":"https:\/\/api.w.org\/{rel}","templated":true}]}}