{"id":2654,"date":"2018-02-20T09:43:40","date_gmt":"2018-02-20T08:43:40","guid":{"rendered":"http:\/\/www.podistipercaso.it\/home\/?p=2654"},"modified":"2018-02-20T09:44:34","modified_gmt":"2018-02-20T08:44:34","slug":"vivicitta-2018","status":"publish","type":"post","link":"https:\/\/www.podistipercaso.it\/home\/vivicitta-2018\/","title":{"rendered":"VIVICITTA&#8217; 2018"},"content":{"rendered":"<p><strong><em><u>Prova podistica sui 12 km nella Citt\u00e0 di Ragusa\u00a0 in contemporanea con altre Citt\u00e0 <\/u><\/em><\/strong><\/p>\n<p><strong><em><u>Ragusa 15 Aprile 2018\u00a0 (dalle ore 10.30 ca.)<\/u><\/em><\/strong><\/p>\n<p><strong><img loading=\"lazy\" decoding=\"async\" class=\"alignleft wp-image-2655 size-medium\" src=\"https:\/\/www.podistipercaso.it\/home\/wp-content\/uploads\/2018\/02\/PERCORSO-VIVICITTA-2018-221x300.png\" alt=\"\" width=\"221\" height=\"300\" srcset=\"https:\/\/www.podistipercaso.it\/home\/wp-content\/uploads\/2018\/02\/PERCORSO-VIVICITTA-2018-221x300.png 221w, https:\/\/www.podistipercaso.it\/home\/wp-content\/uploads\/2018\/02\/PERCORSO-VIVICITTA-2018-768x1045.png 768w, https:\/\/www.podistipercaso.it\/home\/wp-content\/uploads\/2018\/02\/PERCORSO-VIVICITTA-2018-753x1024.png 753w, https:\/\/www.podistipercaso.it\/home\/wp-content\/uploads\/2018\/02\/PERCORSO-VIVICITTA-2018.png 1641w\" sizes=\"auto, (max-width: 221px) 100vw, 221px\" \/>Domenica15 Aprile 2018<\/strong>, la UISP, celebra l&#8217;annuale domenica dedicata al VIVICITTA&#8217; la <strong><em><u>12 km podistica pi\u00f9 famosa d&#8217;Italia,<\/u><\/em><\/strong> che si corre in contemporanea in oltre 60 citt\u00e0 in Italia e nel mondo, con la peculiarit\u00e0 della partenza data per tutti dal Segnale orario mattutino del GR1, e classifica compensata delle varie\u00a0 gare svolte in tutto il mondo, in relazione anche alle difficolt\u00e0 altimetriche. Il tema sociale \u00e8 quello della riscoperta della mobilit\u00e0 urbana alternativa e del rispetto ambientale, ed il VIVICITTA&#8217; della UISP gode annualmente del Patrocino della Presidenza della Repubblica, della Presidenza del Consiglio dei Ministri, di vari Ministeri e del Segretariato Sociale RAI. (<strong><em><u>Maggiori e pi\u00f9 dettagliate informazioni si possono attingere direttamente dal Sito ufficiale della Manifestazione <\/u><\/em><\/strong><a href=\"http:\/\/www.vivicitta.uisp.it\/\">www.vivicitta.uisp.it<\/a><strong><em><u>).<\/u><\/em><\/strong><\/p>\n<p>La citt\u00e0 di Ragusa, anche quest&#8217;anno rientra nel cartellone delle <strong>\u201cPROVE COMPETITIVE\u201d <\/strong>assieme ad altre 60 citt\u00e0 Italiane e di ogni parte del Mondo, e nella mattinata di domenica 15 Aprile allo Start del GR1 Rai si correr\u00e0 per 12 Km pure nel CENTRO di Ragusa, con una podistica \u201ca circuito\u201d di 4 Km a giro, ricavato nel suggestivo \u201cCIRCUITO dei TRE PONTI\u201d (<em><u>gi\u00e0<\/u><\/em> <em><u>utilizzato in occasione della scorsa edizione)<\/u><\/em>, e tale prova tra l&#8217;altro varr\u00e0 anche come 2^ tappa del Gran Prix Ibleo di Corsa su strada, con la previsione di circa 200 partecipanti della Provincia di Ragusa e province limitrofe di Siracusa e Catania, pi\u00f9 altrettanti partecipanti nelle prove collaterali per Camminatori (e la \u201cFamily-Run\u201d \u201cnon competitiva\u201d di 4 km, pari ad un solo giro del Percorso dei TRE PONTI).<\/p>\n<p>Il GONFIABILE di Partenza ed ARRIVO verr\u00e0 posto nella parte di Viale Tenete Lena ,e il tracciato dar\u00e0 <strong><em><u>un modo come un altro per cercare di valorizzare al meglio \u201cla parte\u201d della principale via cittadina ragusana, che gode da sempre di minor visibilit\u00e0\u00a0 cittadina.<\/u><\/em><\/strong><\/p>\n<p>&nbsp;<\/p>\n<p>DISTINTI SALUTI<\/p>\n<p>UISP IBLEI Ragusa<\/p>\n<p>Il Presidente Territoriale<\/p>\n<p>( Tonino Siciliano)<\/p>\n","protected":false},"excerpt":{"rendered":"<p>Prova podistica sui 12 km nella Citt\u00e0 di Ragusa\u00a0 in contemporanea con altre Citt\u00e0 Ragusa 15 Aprile 2018\u00a0 (dalle ore 10.30 ca.) Domenica15 Aprile 2018, la UISP, celebra l&#8217;annuale domenica dedicata al VIVICITTA&#8217; la 12 km podistica pi\u00f9 famosa d&#8217;Italia, che si corre in contemporanea in oltre 60 citt\u00e0 in Italia e nel mondo, con [&hellip;]<\/p>\n","protected":false},"author":1,"featured_media":2656,"comment_status":"closed","ping_status":"closed","sticky":false,"template":"","format":"standard","meta":{"_jetpack_memberships_contains_paid_content":false,"footnotes":""},"categories":[4],"tags":[],"class_list":["post-2654","post","type-post","status-publish","format-standard","has-post-thumbnail","hentry","category-comunicati-stampa"],"jetpack_featured_media_url":"https:\/\/www.podistipercaso.it\/home\/wp-content\/uploads\/2018\/02\/VIVICITTA.jpg","jetpack_sharing_enabled":true,"_links":{"self":[{"href":"https:\/\/www.podistipercaso.it\/home\/wp-json\/wp\/v2\/posts\/2654","targetHints":{"allow":["GET"]}}],"collection":[{"href":"https:\/\/www.podistipercaso.it\/home\/wp-json\/wp\/v2\/posts"}],"about":[{"href":"https:\/\/www.podistipercaso.it\/home\/wp-json\/wp\/v2\/types\/post"}],"author":[{"embeddable":true,"href":"https:\/\/www.podistipercaso.it\/home\/wp-json\/wp\/v2\/users\/1"}],"replies":[{"embeddable":true,"href":"https:\/\/www.podistipercaso.it\/home\/wp-json\/wp\/v2\/comments?post=2654"}],"version-history":[{"count":1,"href":"https:\/\/www.podistipercaso.it\/home\/wp-json\/wp\/v2\/posts\/2654\/revisions"}],"predecessor-version":[{"id":2657,"href":"https:\/\/www.podistipercaso.it\/home\/wp-json\/wp\/v2\/posts\/2654\/revisions\/2657"}],"wp:featuredmedia":[{"embeddable":true,"href":"https:\/\/www.podistipercaso.it\/home\/wp-json\/wp\/v2\/media\/2656"}],"wp:attachment":[{"href":"https:\/\/www.podistipercaso.it\/home\/wp-json\/wp\/v2\/media?parent=2654"}],"wp:term":[{"taxonomy":"category","embeddable":true,"href":"https:\/\/www.podistipercaso.it\/home\/wp-json\/wp\/v2\/categories?post=2654"},{"taxonomy":"post_tag","embeddable":true,"href":"https:\/\/www.podistipercaso.it\/home\/wp-json\/wp\/v2\/tags?post=2654"}],"curies":[{"name":"wp","href":"https:\/\/api.w.org\/{rel}","templated":true}]}}