{"id":2600,"date":"2018-01-30T14:45:59","date_gmt":"2018-01-30T13:45:59","guid":{"rendered":"http:\/\/www.podistipercaso.it\/home\/?p=2600"},"modified":"2018-01-30T14:45:59","modified_gmt":"2018-01-30T13:45:59","slug":"il-bresciano-tito-tiberti-e-lorena-piastra-si-aggiudicano-la-xv-edizione-della-maratona-di-ragusa","status":"publish","type":"post","link":"https:\/\/www.podistipercaso.it\/home\/il-bresciano-tito-tiberti-e-lorena-piastra-si-aggiudicano-la-xv-edizione-della-maratona-di-ragusa\/","title":{"rendered":"il bresciano Tito Tiberti e Lorena Piastra si aggiudicano la XV edizione della Maratona di Ragusa"},"content":{"rendered":"<p style=\"text-align: justify;\"><span style=\"color: #000000;\"><strong><img loading=\"lazy\" decoding=\"async\" class=\"alignleft wp-image-2602 size-medium\" src=\"https:\/\/www.podistipercaso.it\/home\/wp-content\/uploads\/2018\/01\/Una-delle-partenze-di-ieri-mattina-300x225.jpeg\" alt=\"\" width=\"300\" height=\"225\" srcset=\"https:\/\/www.podistipercaso.it\/home\/wp-content\/uploads\/2018\/01\/Una-delle-partenze-di-ieri-mattina-300x225.jpeg 300w, https:\/\/www.podistipercaso.it\/home\/wp-content\/uploads\/2018\/01\/Una-delle-partenze-di-ieri-mattina-768x576.jpeg 768w, https:\/\/www.podistipercaso.it\/home\/wp-content\/uploads\/2018\/01\/Una-delle-partenze-di-ieri-mattina-1024x768.jpeg 1024w, https:\/\/www.podistipercaso.it\/home\/wp-content\/uploads\/2018\/01\/Una-delle-partenze-di-ieri-mattina.jpeg 1600w\" sizes=\"auto, (max-width: 300px) 100vw, 300px\" \/>RAGUSA \u2013 <\/strong>Il bresciano Tito Tiberti della Free-Zone si \u00e8 aggiudicato la quindicesima edizione della maratona Citt\u00e0 di Ragusa. Il vincitore dell\u2019appuntamento pi\u00f9 prestigioso del podismo ibleo ha vinto la competizione con il tempo di 2h 42\u2019 e 24\u201d. Al secondo posto Antonino Recupero dell\u2019Asd Atletica mentre sul gradino pi\u00f9 basso del podio si \u00e8 classificato Angelo Zito. Il primo dei ragusani Vincenzo Taranto dell\u2019Asd No al doping \u00e8 arrivato quarto. Per quanto riguarda le donne, prima Lorena Piastra del Tx Fitness Ssd Arl, con il tempo di 3h 22\u2019 44\u201d, seconda Lara La Pera dell\u2019Asd Marathon e terza Elena Malaffo dell\u2019Asd Team Km Sport. Nella mezzamaratona, invece, primo posto per Alberto Amenta dell\u2019Asd Libertas Scicli che ha fatto fermare il cronometro sul tempo di 1h 11\u2019 56\u201d, secondo Vincenzo Schembari dell\u2019Asd Atletica Padua e terzo Giuseppe Licitra dell\u2019Asd Atletica Padua. Per quanto riguarda le donne, nella mezzamaratona prima classificata Margareth Maia Cotrin dell\u2019Asd No al doping con il tempo di 1h 26\u201947\u201d, seconda Elodie Tercier e terza Fiorella Valvo dell\u2019Asd Trinacria <img loading=\"lazy\" decoding=\"async\" class=\"alignleft wp-image-2603 size-medium\" src=\"https:\/\/www.podistipercaso.it\/home\/wp-content\/uploads\/2018\/01\/Una-delle-premiazioni-con-il-vicesindaco-Iannucci-300x200.jpeg\" alt=\"\" width=\"300\" height=\"200\" srcset=\"https:\/\/www.podistipercaso.it\/home\/wp-content\/uploads\/2018\/01\/Una-delle-premiazioni-con-il-vicesindaco-Iannucci-300x200.jpeg 300w, https:\/\/www.podistipercaso.it\/home\/wp-content\/uploads\/2018\/01\/Una-delle-premiazioni-con-il-vicesindaco-Iannucci-768x512.jpeg 768w, https:\/\/www.podistipercaso.it\/home\/wp-content\/uploads\/2018\/01\/Una-delle-premiazioni-con-il-vicesindaco-Iannucci-1024x682.jpeg 1024w, https:\/\/www.podistipercaso.it\/home\/wp-content\/uploads\/2018\/01\/Una-delle-premiazioni-con-il-vicesindaco-Iannucci.jpeg 1600w\" sizes=\"auto, (max-width: 300px) 100vw, 300px\" \/>Palermo. Nella competizione dei camminatori, in evidenza il gruppo Amun\u00ec che \u00e8 risultato essere il pi\u00f9 numeroso. Quest\u2019anno anche la novit\u00e0 della categoria giovanile. Ad imporsi Andrea Bucca dell\u2019Atletica Virtus Acireale. Al termine, la cerimonia di premiazione con la presenza dell\u2019assessore comunale allo Sport Massimo Iannucci oltre che dell\u2019organizzatore della kermesse, Guglielmo Causarano. La manifestazione \u00e8 stata sostenuta dal Comune di Ragusa, dalla Uisp retta a livello territoriale dal presidente Tonino Siciliano e da numerosi sponsor privati tra cui l\u2019impresa edile Calogero Costruzioni Srl di Comiso. \u201cVoglio ringraziare tutti coloro che ci hanno aiutato e supportato, dando vita a una rete di collaborazione molto importante \u2013 dice Causarano \u2013 a cominciare dai volontari della Misericordia di Modica coordinati dal dott. Gugliotta, il gruppo assistenza atleti in moto Mototurismo Ragusa, i ragazzi di Cives e i volontari di Adra. E poi, naturalmente, il grande sostegno arrivato da Radio Montecarlo con una promozione a tutto campo a livello nazionale. E, adesso, siamo pronti per dare il via all\u2019organizzazione della sedicesima edizione, l\u2019edizione del 2019\u201d.<\/span><\/p>\n<p><img loading=\"lazy\" decoding=\"async\" class=\"alignleft wp-image-2604 size-medium\" src=\"https:\/\/www.podistipercaso.it\/home\/wp-content\/uploads\/2018\/01\/Una-fase-della-maratona-edizione-2018-300x199.jpeg\" alt=\"\" width=\"300\" height=\"199\" srcset=\"https:\/\/www.podistipercaso.it\/home\/wp-content\/uploads\/2018\/01\/Una-fase-della-maratona-edizione-2018-300x199.jpeg 300w, https:\/\/www.podistipercaso.it\/home\/wp-content\/uploads\/2018\/01\/Una-fase-della-maratona-edizione-2018-768x508.jpeg 768w, https:\/\/www.podistipercaso.it\/home\/wp-content\/uploads\/2018\/01\/Una-fase-della-maratona-edizione-2018-1024x678.jpeg 1024w, https:\/\/www.podistipercaso.it\/home\/wp-content\/uploads\/2018\/01\/Una-fase-della-maratona-edizione-2018.jpeg 1600w\" sizes=\"auto, (max-width: 300px) 100vw, 300px\" \/><\/p>\n<p><strong>Ufficio Stampa Giorgio Liuzzo<\/strong><\/p>\n","protected":false},"excerpt":{"rendered":"<p>RAGUSA \u2013 Il bresciano Tito Tiberti della Free-Zone si \u00e8 aggiudicato la quindicesima edizione della maratona Citt\u00e0 di Ragusa. Il vincitore dell\u2019appuntamento pi\u00f9 prestigioso del podismo ibleo ha vinto la competizione con il tempo di 2h 42\u2019 e 24\u201d. Al secondo posto Antonino Recupero dell\u2019Asd Atletica mentre sul gradino pi\u00f9 basso del podio si \u00e8 [&hellip;]<\/p>\n","protected":false},"author":1,"featured_media":2601,"comment_status":"closed","ping_status":"closed","sticky":false,"template":"","format":"standard","meta":{"_jetpack_memberships_contains_paid_content":false,"footnotes":""},"categories":[6],"tags":[],"class_list":["post-2600","post","type-post","status-publish","format-standard","has-post-thumbnail","hentry","category-notizie"],"jetpack_featured_media_url":"https:\/\/www.podistipercaso.it\/home\/wp-content\/uploads\/2018\/01\/Larrivo-di-Tito-Tiberti.jpeg","jetpack_sharing_enabled":true,"_links":{"self":[{"href":"https:\/\/www.podistipercaso.it\/home\/wp-json\/wp\/v2\/posts\/2600","targetHints":{"allow":["GET"]}}],"collection":[{"href":"https:\/\/www.podistipercaso.it\/home\/wp-json\/wp\/v2\/posts"}],"about":[{"href":"https:\/\/www.podistipercaso.it\/home\/wp-json\/wp\/v2\/types\/post"}],"author":[{"embeddable":true,"href":"https:\/\/www.podistipercaso.it\/home\/wp-json\/wp\/v2\/users\/1"}],"replies":[{"embeddable":true,"href":"https:\/\/www.podistipercaso.it\/home\/wp-json\/wp\/v2\/comments?post=2600"}],"version-history":[{"count":1,"href":"https:\/\/www.podistipercaso.it\/home\/wp-json\/wp\/v2\/posts\/2600\/revisions"}],"predecessor-version":[{"id":2605,"href":"https:\/\/www.podistipercaso.it\/home\/wp-json\/wp\/v2\/posts\/2600\/revisions\/2605"}],"wp:featuredmedia":[{"embeddable":true,"href":"https:\/\/www.podistipercaso.it\/home\/wp-json\/wp\/v2\/media\/2601"}],"wp:attachment":[{"href":"https:\/\/www.podistipercaso.it\/home\/wp-json\/wp\/v2\/media?parent=2600"}],"wp:term":[{"taxonomy":"category","embeddable":true,"href":"https:\/\/www.podistipercaso.it\/home\/wp-json\/wp\/v2\/categories?post=2600"},{"taxonomy":"post_tag","embeddable":true,"href":"https:\/\/www.podistipercaso.it\/home\/wp-json\/wp\/v2\/tags?post=2600"}],"curies":[{"name":"wp","href":"https:\/\/api.w.org\/{rel}","templated":true}]}}