{"id":2532,"date":"2017-12-29T17:51:26","date_gmt":"2017-12-29T16:51:26","guid":{"rendered":"http:\/\/www.podistipercaso.it\/home\/?p=2532"},"modified":"2017-12-29T17:52:45","modified_gmt":"2017-12-29T16:52:45","slug":"la-no-al-doping-quinta-squadra-nel-campionato-regionale-di-mezze-maratone","status":"publish","type":"post","link":"https:\/\/www.podistipercaso.it\/home\/la-no-al-doping-quinta-squadra-nel-campionato-regionale-di-mezze-maratone\/","title":{"rendered":"La No al Doping quinta squadra nel Campionato Regionale di Mezze Maratone"},"content":{"rendered":"<p class=\"gmail-msonormal\">Domenica 10 dicembre a Pergusa, presso l\u2019Hotel Garden, si \u00e8 svolta la cerimonia di premiazione del Gran Prix Sicilia 2017, alla presenza del vice presidente del comitato regionale della Fidal Sicilia, Giuseppe Di Natale.<\/p>\n<p class=\"gmail-msonormal\"><img loading=\"lazy\" decoding=\"async\" class=\"alignleft size-medium wp-image-2533\" src=\"https:\/\/www.podistipercaso.it\/home\/wp-content\/uploads\/2017\/12\/Foto_1-300x199.jpg\" alt=\"\" width=\"300\" height=\"199\" srcset=\"https:\/\/www.podistipercaso.it\/home\/wp-content\/uploads\/2017\/12\/Foto_1-300x199.jpg 300w, https:\/\/www.podistipercaso.it\/home\/wp-content\/uploads\/2017\/12\/Foto_1-768x510.jpg 768w, https:\/\/www.podistipercaso.it\/home\/wp-content\/uploads\/2017\/12\/Foto_1.jpg 960w\" sizes=\"auto, (max-width: 300px) 100vw, 300px\" \/><br \/>\n<!--[endif]--><\/p>\n<p class=\"gmail-msonormal\">(da sinistra Pietro Carbonaro, Giombattista Liguori, Giuseppe Fanara, Antonella Iaquez, Giuseppe Licitra, Giovanni Martinez, Andrea Marangio)<\/p>\n<p class=\"gmail-msonormal\">La No al Doping e alla Droga, al suo diciottesimo anno dalla fondazione, si classifica al quinto posto nella classifica a squadre maschile, un grande riconoscimento regionale ottenuto grazie al grande numero di atleti che hanno partecipato alle gare e anche grazie ai traguardi raggiunti dai suoi atleti nelle varie categorie. Nella classifica per categoria il migliore risultato \u00e8 stato quello di Sergio Naselli, quarto nella categoria sm 40. Nella stessa categoria segue Giuseppe Licitra con la quinta posizione. Sesta posizione nella categoria sf45 per Antonia Iaquez. Ottavo nella categoria sm35 Andrea Marangio. Per la loro partecipazione e costanza sono stati inoltre premiati Giombattista Liguori, Antonino Iozzia, Pietro Carbonaro e Giuseppe Fanara.<\/p>\n<p class=\"gmail-msonormal\"><img loading=\"lazy\" decoding=\"async\" class=\"alignleft size-medium wp-image-2534\" src=\"https:\/\/www.podistipercaso.it\/home\/wp-content\/uploads\/2017\/12\/Foto_2-300x200.jpg\" alt=\"\" width=\"300\" height=\"200\" srcset=\"https:\/\/www.podistipercaso.it\/home\/wp-content\/uploads\/2017\/12\/Foto_2-300x200.jpg 300w, https:\/\/www.podistipercaso.it\/home\/wp-content\/uploads\/2017\/12\/Foto_2-768x512.jpg 768w, https:\/\/www.podistipercaso.it\/home\/wp-content\/uploads\/2017\/12\/Foto_2-1024x682.jpg 1024w\" sizes=\"auto, (max-width: 300px) 100vw, 300px\" \/><br \/>\n<!--[endif]--><\/p>\n<p class=\"gmail-msonormal\">(Antonella Iaquez e Andrea Marangio)<\/p>\n<p class=\"gmail-msonormal\">\u201cUna Cerimonia di premiazione molto emozionante.\u201d Ha dichiarato Antonella Iaquez \u201cHo cominciato a correre l\u2019anno scorso \u00e8 disconoscevo del tutto questo mondo cos\u00ec bello e sano dello sport e del podismo. Grazie alla corsa ho conosciuto delle persone fantastiche e all\u2019interno della squadra, piano piano, sono diventata parte di un ambiente molto emozionante dove si riscoprono principi come l\u2019amicizia e la solidariet\u00e0. La corsa diventa qualcosa di magico e farne parte \u00e8 gi\u00e0 bellissimo.\u201d<\/p>\n<p class=\"gmail-msonormal\">Nell\u2019ambito delle competizioni internazionali dobbiamo citare la partecipazione alla Zurich Malaga Maraton di domenica 10 dicembre, del nostro atleta Giovanni Macca, categoria SM60, che ha corso i 42,198 km della famosa maratona spagnola col tempo di 04:25:19, arrivando 1917esimo su 2471 partecipanti.<\/p>\n<p class=\"gmail-msonormal\"><img loading=\"lazy\" decoding=\"async\" class=\"alignleft size-medium wp-image-2535\" src=\"https:\/\/www.podistipercaso.it\/home\/wp-content\/uploads\/2017\/12\/Foto_3-300x200.jpg\" alt=\"\" width=\"300\" height=\"200\" srcset=\"https:\/\/www.podistipercaso.it\/home\/wp-content\/uploads\/2017\/12\/Foto_3-300x200.jpg 300w, https:\/\/www.podistipercaso.it\/home\/wp-content\/uploads\/2017\/12\/Foto_3-768x511.jpg 768w, https:\/\/www.podistipercaso.it\/home\/wp-content\/uploads\/2017\/12\/Foto_3.jpg 960w\" sizes=\"auto, (max-width: 300px) 100vw, 300px\" \/><br \/>\n<!--[endif]--><\/p>\n<p class=\"gmail-msonormal\">(Giovanni Macca)<\/p>\n<p>&nbsp;<\/p>\n<p>&nbsp;<\/p>\n<p>&nbsp;<\/p>\n<p>&nbsp;<\/p>\n<p class=\"gmail-msonormal\">Per ultimo ricordiamo anche il risultato di Mimmo Causarano alla 6 ore di Mondello, che in staffetta ha percorso 20 km in 2 ore.<\/p>\n<p class=\"gmail-msonormal\"><img loading=\"lazy\" decoding=\"async\" class=\"alignleft size-medium wp-image-2536\" src=\"https:\/\/www.podistipercaso.it\/home\/wp-content\/uploads\/2017\/12\/Foto_4-300x220.jpg\" alt=\"\" width=\"300\" height=\"220\" srcset=\"https:\/\/www.podistipercaso.it\/home\/wp-content\/uploads\/2017\/12\/Foto_4-300x220.jpg 300w, https:\/\/www.podistipercaso.it\/home\/wp-content\/uploads\/2017\/12\/Foto_4-768x564.jpg 768w, https:\/\/www.podistipercaso.it\/home\/wp-content\/uploads\/2017\/12\/Foto_4-1024x752.jpg 1024w, https:\/\/www.podistipercaso.it\/home\/wp-content\/uploads\/2017\/12\/Foto_4.jpg 1905w\" sizes=\"auto, (max-width: 300px) 100vw, 300px\" \/><br \/>\n<!--[endif]--><\/p>\n<p class=\"gmail-msonormal\">(Guglielmo Causarano)<\/p>\n<p class=\"gmail-msonormal\"><span style=\"font-family: 'Arial','sans-serif';\">La squadra iblea conferma in questa maniera l\u2019ottimo stato di salute e le migliori prospettive per il 2018. La pi\u00f9 numerosa squadra della provincia sta in questi giorni avviando la campagna di tesseramento FIDAL per tutte le categorie, per le giovanili e per la sezione camminatori. Per ogni informazione contattate il 331 57 85 084 e il 388 15 94 947 (per il settore giovanile) oppure scrivete via mail a <a href=\"mailto:asdnoaldoping@gmail.com\">asdnoaldoping@gmail.com<\/a><\/span><\/p>\n","protected":false},"excerpt":{"rendered":"<p>Domenica 10 dicembre a Pergusa, presso l\u2019Hotel Garden, si \u00e8 svolta la cerimonia di premiazione del Gran Prix Sicilia 2017, alla presenza del vice presidente del comitato regionale della Fidal Sicilia, Giuseppe Di Natale. (da sinistra Pietro Carbonaro, Giombattista Liguori, Giuseppe Fanara, Antonella Iaquez, Giuseppe Licitra, Giovanni Martinez, Andrea Marangio) La No al Doping e [&hellip;]<\/p>\n","protected":false},"author":1,"featured_media":2533,"comment_status":"closed","ping_status":"closed","sticky":false,"template":"","format":"standard","meta":{"_jetpack_memberships_contains_paid_content":false,"footnotes":""},"categories":[6],"tags":[],"class_list":["post-2532","post","type-post","status-publish","format-standard","has-post-thumbnail","hentry","category-notizie"],"jetpack_featured_media_url":"https:\/\/www.podistipercaso.it\/home\/wp-content\/uploads\/2017\/12\/Foto_1.jpg","jetpack_sharing_enabled":true,"_links":{"self":[{"href":"https:\/\/www.podistipercaso.it\/home\/wp-json\/wp\/v2\/posts\/2532","targetHints":{"allow":["GET"]}}],"collection":[{"href":"https:\/\/www.podistipercaso.it\/home\/wp-json\/wp\/v2\/posts"}],"about":[{"href":"https:\/\/www.podistipercaso.it\/home\/wp-json\/wp\/v2\/types\/post"}],"author":[{"embeddable":true,"href":"https:\/\/www.podistipercaso.it\/home\/wp-json\/wp\/v2\/users\/1"}],"replies":[{"embeddable":true,"href":"https:\/\/www.podistipercaso.it\/home\/wp-json\/wp\/v2\/comments?post=2532"}],"version-history":[{"count":2,"href":"https:\/\/www.podistipercaso.it\/home\/wp-json\/wp\/v2\/posts\/2532\/revisions"}],"predecessor-version":[{"id":2538,"href":"https:\/\/www.podistipercaso.it\/home\/wp-json\/wp\/v2\/posts\/2532\/revisions\/2538"}],"wp:featuredmedia":[{"embeddable":true,"href":"https:\/\/www.podistipercaso.it\/home\/wp-json\/wp\/v2\/media\/2533"}],"wp:attachment":[{"href":"https:\/\/www.podistipercaso.it\/home\/wp-json\/wp\/v2\/media?parent=2532"}],"wp:term":[{"taxonomy":"category","embeddable":true,"href":"https:\/\/www.podistipercaso.it\/home\/wp-json\/wp\/v2\/categories?post=2532"},{"taxonomy":"post_tag","embeddable":true,"href":"https:\/\/www.podistipercaso.it\/home\/wp-json\/wp\/v2\/tags?post=2532"}],"curies":[{"name":"wp","href":"https:\/\/api.w.org\/{rel}","templated":true}]}}