{"id":2278,"date":"2017-08-26T09:04:49","date_gmt":"2017-08-26T07:04:49","guid":{"rendered":"http:\/\/www.podistipercaso.it\/home\/?p=2278"},"modified":"2017-08-26T09:05:07","modified_gmt":"2017-08-26T07:05:07","slug":"so-corri-e-cammina-per-amatrice","status":"publish","type":"post","link":"https:\/\/www.podistipercaso.it\/home\/so-corri-e-cammina-per-amatrice\/","title":{"rendered":"So ..corri e cammina per Amatrice"},"content":{"rendered":"<p style=\"text-align: justify;\"><span style=\"color: #000000;\"><img loading=\"lazy\" decoding=\"async\" class=\"alignleft wp-image-2279 size-medium\" src=\"https:\/\/www.podistipercaso.it\/home\/wp-content\/uploads\/2017\/08\/amatrice-300x200.jpg\" alt=\"\" width=\"300\" height=\"200\" srcset=\"https:\/\/www.podistipercaso.it\/home\/wp-content\/uploads\/2017\/08\/amatrice-300x200.jpg 300w, https:\/\/www.podistipercaso.it\/home\/wp-content\/uploads\/2017\/08\/amatrice.jpg 400w\" sizes=\"auto, (max-width: 300px) 100vw, 300px\" \/>A poco pi\u00f9 di una settimana dal via, tutto \u00e8 pronto per \u201cSoc\u2026 Corri e cammina per Amatrice\u201d, la manifestazione organizzata per il 3 settembre dal Comando Provinciale dei Vigili del Fuoco di Ragusa in collaborazione con l\u2019ASD \u201cNo al Doping\u201d di Ragusa e patrocinata dal Capo del Corpo del Vigili del Fuoco e dal Comune di Ragusa, autorizzata da Fidal Sicilia, che ha come obiettivo quello di raccogliere fondi da destinare ai bambini della cittadina laziale colpita dal terremoto dell\u2019estate scorsa.<\/span><\/p>\n<p style=\"text-align: justify;\"><span style=\"color: #000000;\">\u00abSiamo molto soddisfatti per il riscontro che abbiamo avuto da parte dei cittadini della provincia di Ragusa e non solo\u00bb, ci dice il Vigile del Fuoco Direttore Ginnico\u00a0Antonio Occhipinti, uno degli organizzatori della manifestazione. \u00abA oggi abbiamo ricevuto donazioni da parte di pi\u00f9 di 1.000 persone, con una buona percentuale di adesioni che sono arrivate anche dalle altre province siciliane e qualcuna addirittura dall\u2019estero. L\u2019obiettivo che ci eravamo prefissi \u00e8 stato gi\u00e0 raggiunto\u00bb.<\/span><\/p>\n<p style=\"text-align: justify;\"><span style=\"color: #000000;\">Incassato il successo della raccolta fondi, adesso gli organizzatori stanno limando gli ultimi dettagli relativi alla camminata vera e propria.<\/span><\/p>\n<p style=\"text-align: justify;\"><span style=\"color: #000000;\">\u00abI primi a partire saranno i \u201ccamminatori\u201d, che si metteranno in marcia, partenza davanti al piazzale dello stadio \u201cSelvaggio \u2013 Aldo Campo\u201d di Ragusa, alle ore 7:00. A seguire, un\u2019ora dopo, ci sar\u00e0 il via per i podisti\u00bb.<\/span><\/p>\n<p style=\"text-align: justify;\"><span style=\"color: #000000;\">Per i vacanzieri che prolungheranno la permanenza a Marina ci sar\u00e0 la possibilit\u00e0 di usufruire del bus navetta messo a disposizione dall\u2019organizzazione e che partir\u00e0 alla volta del capoluogo ibleo da via Brin alle ore 6:00 (per riportare a casa i \u201cragusani\u201d, al termine della manifestazione la navetta effettuer\u00e0 il percorso inverso).<\/span><\/p>\n<p style=\"text-align: justify;\"><span style=\"color: #000000;\">Chi invece non se la sentir\u00e0 di cimentarsi con i 21 chilometri della Marina-Ragusa, potr\u00e0 partecipare alla \u201cFamily Run\u201d, \u00abuna camminata, tranquilla e riposante, da fare in compagnia di mogli, mariti, figli, che prender\u00e0 il via alle ore 9:00 da piazza Duca degli Abruzzi e che si snoder\u00e0 lungo le vie cittadine della localit\u00e0 balneare ragusana\u00bb.<\/span><\/p>\n<p style=\"text-align: justify;\"><span style=\"color: #000000;\">Per tutte e tre le manifestazioni l\u2019arrivo \u00e8 previsto intorno alle 11 in piazza Duca degli Abruzzi, dove i partecipanti saranno accolti da un gelato offerto dalle gelaterie presenti in piazza.<\/span><\/p>\n<p style=\"text-align: justify;\"><span style=\"color: #000000;\">L\u2019organizzazione ci tiene a precisare che la partecipazione alle camminate \u00e8 riservata solo a chi avr\u00e0 effettuato la donazione di 5 euro e indosser\u00e0 la maglietta ufficiale di \u201cSoc\u2026 Corri e cammina per Amatrice\u201d.<\/span><\/p>\n<p style=\"text-align: justify;\"><span style=\"color: #000000;\">\u00abPer chi non lo avesse ancora fatto, ci sar\u00e0 tempo fino alla mattina del 3 settembre. Noi per\u00f2 consigliamo di farlo venerd\u00ec 25 agosto o sabato 2 settembre in piazza Duca degli Abruzzi presso lo stand dell\u2019ASD \u201cNo al Doping\u201d perch\u00e9 le magliette stanno per terminare e senza non si partecipa\u00bb.<\/span><\/p>\n<p>&nbsp;<\/p>\n<p>Maggiori info sulla pagina Facebook: <a href=\"https:\/\/www.facebook.com\/VigilidelfuocoRagusa\/\" target=\"_blank\" rel=\"noopener\">https:\/\/www.facebook.com\/VigilidelfuocoRagusa\/<\/a><\/p>\n","protected":false},"excerpt":{"rendered":"<p>A poco pi\u00f9 di una settimana dal via, tutto \u00e8 pronto per \u201cSoc\u2026 Corri e cammina per Amatrice\u201d, la manifestazione organizzata per il 3 settembre dal Comando Provinciale dei Vigili del Fuoco di Ragusa in collaborazione con l\u2019ASD \u201cNo al Doping\u201d di Ragusa e patrocinata dal Capo del Corpo del Vigili del Fuoco e dal [&hellip;]<\/p>\n","protected":false},"author":1,"featured_media":2279,"comment_status":"closed","ping_status":"closed","sticky":false,"template":"","format":"standard","meta":{"_jetpack_memberships_contains_paid_content":false,"footnotes":""},"categories":[4],"tags":[],"class_list":["post-2278","post","type-post","status-publish","format-standard","has-post-thumbnail","hentry","category-comunicati-stampa"],"jetpack_featured_media_url":"https:\/\/www.podistipercaso.it\/home\/wp-content\/uploads\/2017\/08\/amatrice.jpg","jetpack_sharing_enabled":true,"_links":{"self":[{"href":"https:\/\/www.podistipercaso.it\/home\/wp-json\/wp\/v2\/posts\/2278","targetHints":{"allow":["GET"]}}],"collection":[{"href":"https:\/\/www.podistipercaso.it\/home\/wp-json\/wp\/v2\/posts"}],"about":[{"href":"https:\/\/www.podistipercaso.it\/home\/wp-json\/wp\/v2\/types\/post"}],"author":[{"embeddable":true,"href":"https:\/\/www.podistipercaso.it\/home\/wp-json\/wp\/v2\/users\/1"}],"replies":[{"embeddable":true,"href":"https:\/\/www.podistipercaso.it\/home\/wp-json\/wp\/v2\/comments?post=2278"}],"version-history":[{"count":1,"href":"https:\/\/www.podistipercaso.it\/home\/wp-json\/wp\/v2\/posts\/2278\/revisions"}],"predecessor-version":[{"id":2280,"href":"https:\/\/www.podistipercaso.it\/home\/wp-json\/wp\/v2\/posts\/2278\/revisions\/2280"}],"wp:featuredmedia":[{"embeddable":true,"href":"https:\/\/www.podistipercaso.it\/home\/wp-json\/wp\/v2\/media\/2279"}],"wp:attachment":[{"href":"https:\/\/www.podistipercaso.it\/home\/wp-json\/wp\/v2\/media?parent=2278"}],"wp:term":[{"taxonomy":"category","embeddable":true,"href":"https:\/\/www.podistipercaso.it\/home\/wp-json\/wp\/v2\/categories?post=2278"},{"taxonomy":"post_tag","embeddable":true,"href":"https:\/\/www.podistipercaso.it\/home\/wp-json\/wp\/v2\/tags?post=2278"}],"curies":[{"name":"wp","href":"https:\/\/api.w.org\/{rel}","templated":true}]}}