{"id":2157,"date":"2017-06-24T10:20:25","date_gmt":"2017-06-24T08:20:25","guid":{"rendered":"http:\/\/www.podistipercaso.it\/home\/?p=2157"},"modified":"2017-06-24T10:24:41","modified_gmt":"2017-06-24T08:24:41","slug":"domenica-25-giugno-si-corre-a-vittoria-il-1-trofeo-vittoriajazzrun","status":"publish","type":"post","link":"https:\/\/www.podistipercaso.it\/home\/domenica-25-giugno-si-corre-a-vittoria-il-1-trofeo-vittoriajazzrun\/","title":{"rendered":"DOMENICA 25 Giugno si corre a Vittoria il 1\u00b0 Trofeo VITTORIAJAZZRUN"},"content":{"rendered":"<p><span style=\"color: #000000;\"><img loading=\"lazy\" decoding=\"async\" class=\"alignleft wp-image-2159 size-thumbnail\" src=\"https:\/\/www.podistipercaso.it\/home\/wp-content\/uploads\/2017\/06\/vittoria2-150x150.jpg\" alt=\"\" width=\"150\" height=\"150\" srcset=\"https:\/\/www.podistipercaso.it\/home\/wp-content\/uploads\/2017\/06\/vittoria2-150x150.jpg 150w, https:\/\/www.podistipercaso.it\/home\/wp-content\/uploads\/2017\/06\/vittoria2-70x70.jpg 70w\" sizes=\"auto, (max-width: 150px) 100vw, 150px\" \/>Si svolger\u00e0 domenica mattina 25 giugno, la prima edizione della gara podistica Vittoria Jazzrun \u2013 Vittoria Jazzwalk.\u00a0L\u2019evento prevede lo svolgimento di una gara podistica, la Vittoria Jazzrun,\u00a0e di una\u00a0camminata sportiva, la Vittoria Jazzwalk. L\u2019appuntamento\u00a0\u00e8 fissato alle ore 8, in piazza del popolo, nei locali del convento delle grazie, per la registrazione di tutti i partecipanti e alle 9,15 ci sar\u00e0 la\u00a0\u00a0partenza da piazza del Popolo.\u00a0<\/span><\/p>\n<p><span style=\"color: #000000;\">\u201cSar\u00e0\u00a0una\u00a0grande festa e la partecipazione \u00e8 aperta a tutta la citt\u00e0.\u00a0Anche le famiglie e i bambini in\u00a0bici potranno seguire gli atleti e\u00a0grazie al coinvolgimento di tutti i negozianti di vittoria \u00e8 stato preparato\u00a0un ricco\u00a0pacco gara\u00a0\u00a0per tutti gli iscritti.\u201d Ha dichiarato Tonino Siciliano responsabile della Uisp comitato provinciale iblei e\u00a0organizzatore dell\u2019evento\u00a0\u201cDalle 9 alle 10 il centro sar\u00e0 attraversato da un fiume di atleti e camminatori e ci aspettiamo che i vittoriesi accolgano con entusiasmo tutti gli atleti incitandoli e tifando per loro. Abbiamo previsto tanti premi, non solo per i primi arrivati. Ci saranno premi per i camminatori, un premio speciale, denominato JazzArt, per chi raggiunger\u00e0 per primo, al primo giro, il cavallo ipparino di piazza Italia. Si effettueranno sorteggi di articoli e buoni messi a disposizione dai commercianti. Insomma sar\u00e0 una grande festa.\u201d<\/span><\/p>\n<p><span style=\"color: #000000;\">\u00a0\u00a0\u00a0<\/span><\/p>\n<p><span style=\"color: #000000;\">\u201cSi tratta di un grande evento\u00a0per Vittoria perch\u00e9 l\u2019obiettivo \u00e8 stato fin dall\u2019inizio quello di coinvolgere tutta la citt\u00e0.\u201d Ha dichiarato Marco Marangio, coordinatore dell\u2019evento. \u201cPer fare questo abbiamo tracciato un percorso che attraversa le piazze pi\u00f9 belle di Vittoria, le strade pi\u00f9 larghe come la via Roma e la via Como, e si conclude con lo sprint finale in via Cavour, la pi\u00f9 bella via della citt\u00e0. Una gara sulla distanza netta di 10 km, con un percorso cos\u00ec lineare, ricco di rettilinei e quasi tutto in piano, sar\u00e0 lo scenario ideale per la competizione degli atleti che partiranno alle 9,15 dalla Piazza del Popolo.\u201d<\/span><\/p>\n<p><span style=\"color: #000000;\">L\u2019evento si inserisce a pieno titolo nel programma del Vittoria Jazz Festival e mette insieme camminatori e corridori che potranno rimanere fino a tarda sera per gli ultimi concerti in programma. Le iscrizioni sono ancora aperte e tutte le info possono essere trovate sulla pagina facebook Jazzrun, sul sito<\/span> <a href=\"http:\/\/jazzrun.it\">jazzrun.it<\/a> <span style=\"color: #000000;\">e al numero 3397309644<\/span><\/p>\n","protected":false},"excerpt":{"rendered":"<p>Si svolger\u00e0 domenica mattina 25 giugno, la prima edizione della gara podistica Vittoria Jazzrun \u2013 Vittoria Jazzwalk.\u00a0L\u2019evento prevede lo svolgimento di una gara podistica, la Vittoria Jazzrun,\u00a0e di una\u00a0camminata sportiva, la Vittoria Jazzwalk. L\u2019appuntamento\u00a0\u00e8 fissato alle ore 8, in piazza del popolo, nei locali del convento delle grazie, per la registrazione di tutti i partecipanti [&hellip;]<\/p>\n","protected":false},"author":1,"featured_media":2160,"comment_status":"closed","ping_status":"closed","sticky":false,"template":"","format":"standard","meta":{"_jetpack_memberships_contains_paid_content":false,"footnotes":""},"categories":[4],"tags":[],"class_list":["post-2157","post","type-post","status-publish","format-standard","has-post-thumbnail","hentry","category-comunicati-stampa"],"jetpack_featured_media_url":"https:\/\/www.podistipercaso.it\/home\/wp-content\/uploads\/2017\/06\/vittoria.jpg","jetpack_sharing_enabled":true,"_links":{"self":[{"href":"https:\/\/www.podistipercaso.it\/home\/wp-json\/wp\/v2\/posts\/2157","targetHints":{"allow":["GET"]}}],"collection":[{"href":"https:\/\/www.podistipercaso.it\/home\/wp-json\/wp\/v2\/posts"}],"about":[{"href":"https:\/\/www.podistipercaso.it\/home\/wp-json\/wp\/v2\/types\/post"}],"author":[{"embeddable":true,"href":"https:\/\/www.podistipercaso.it\/home\/wp-json\/wp\/v2\/users\/1"}],"replies":[{"embeddable":true,"href":"https:\/\/www.podistipercaso.it\/home\/wp-json\/wp\/v2\/comments?post=2157"}],"version-history":[{"count":2,"href":"https:\/\/www.podistipercaso.it\/home\/wp-json\/wp\/v2\/posts\/2157\/revisions"}],"predecessor-version":[{"id":2161,"href":"https:\/\/www.podistipercaso.it\/home\/wp-json\/wp\/v2\/posts\/2157\/revisions\/2161"}],"wp:featuredmedia":[{"embeddable":true,"href":"https:\/\/www.podistipercaso.it\/home\/wp-json\/wp\/v2\/media\/2160"}],"wp:attachment":[{"href":"https:\/\/www.podistipercaso.it\/home\/wp-json\/wp\/v2\/media?parent=2157"}],"wp:term":[{"taxonomy":"category","embeddable":true,"href":"https:\/\/www.podistipercaso.it\/home\/wp-json\/wp\/v2\/categories?post=2157"},{"taxonomy":"post_tag","embeddable":true,"href":"https:\/\/www.podistipercaso.it\/home\/wp-json\/wp\/v2\/tags?post=2157"}],"curies":[{"name":"wp","href":"https:\/\/api.w.org\/{rel}","templated":true}]}}