{"id":2117,"date":"2017-06-05T11:10:15","date_gmt":"2017-06-05T09:10:15","guid":{"rendered":"http:\/\/www.podistipercaso.it\/home\/?p=2117"},"modified":"2017-06-05T11:10:15","modified_gmt":"2017-06-05T09:10:15","slug":"4-val-dagro-running","status":"publish","type":"post","link":"https:\/\/www.podistipercaso.it\/home\/4-val-dagro-running\/","title":{"rendered":"4\u00b0 Val d&#8217;Agr\u00f2 Running"},"content":{"rendered":"<p>Cari amici sportivi si rinnova l&#8217;appuntamento con la Val d&#8217;Agr\u00f2 Running che si terr\u00e0 l&#8217;11 giugno 2017 con partenza ed arrivo presso il Centro Sportivo Polifunzionale Citt\u00e0 di Savoca.<\/p>\n<p>La gara si svolge nel percorso ecologico passando per la chiesa del XXII sec SS. Pietro e Paolo.<\/p>\n<p>Questa gara \u00e8 valida come 2a prova del Grand Prix dei due mari su una distanza di km 8.40.<\/p>\n<p>La gara per la prima volta \u00e8 anche trail ed \u00e8 valida come 1\u00b0 Campionato provinciale Trail sulla distanza di Km 13.40.<\/p>\n<p>Ci saranno gare anche per i giovani da Esordienti C a Cadetti.<\/p>\n<p>A fine gara ci sar\u00e0 una mangiata di pane Casereccio caldo e condito.<\/p>\n<p>Vi aspettiamo numerosi.<\/p>\n<p>Buone corse a tutti.<\/p>\n","protected":false},"excerpt":{"rendered":"<p>Cari amici sportivi si rinnova l&#8217;appuntamento con la Val d&#8217;Agr\u00f2 Running che si terr\u00e0 l&#8217;11 giugno 2017 con partenza ed arrivo presso il Centro Sportivo Polifunzionale Citt\u00e0 di Savoca. La gara si svolge nel percorso ecologico passando per la chiesa del XXII sec SS. Pietro e Paolo. Questa gara \u00e8 valida come 2a prova del [&hellip;]<\/p>\n","protected":false},"author":1,"featured_media":0,"comment_status":"closed","ping_status":"closed","sticky":false,"template":"","format":"standard","meta":{"_jetpack_memberships_contains_paid_content":false,"footnotes":""},"categories":[4],"tags":[],"class_list":["post-2117","post","type-post","status-publish","format-standard","hentry","category-comunicati-stampa"],"jetpack_featured_media_url":"","jetpack_sharing_enabled":true,"_links":{"self":[{"href":"https:\/\/www.podistipercaso.it\/home\/wp-json\/wp\/v2\/posts\/2117","targetHints":{"allow":["GET"]}}],"collection":[{"href":"https:\/\/www.podistipercaso.it\/home\/wp-json\/wp\/v2\/posts"}],"about":[{"href":"https:\/\/www.podistipercaso.it\/home\/wp-json\/wp\/v2\/types\/post"}],"author":[{"embeddable":true,"href":"https:\/\/www.podistipercaso.it\/home\/wp-json\/wp\/v2\/users\/1"}],"replies":[{"embeddable":true,"href":"https:\/\/www.podistipercaso.it\/home\/wp-json\/wp\/v2\/comments?post=2117"}],"version-history":[{"count":1,"href":"https:\/\/www.podistipercaso.it\/home\/wp-json\/wp\/v2\/posts\/2117\/revisions"}],"predecessor-version":[{"id":2118,"href":"https:\/\/www.podistipercaso.it\/home\/wp-json\/wp\/v2\/posts\/2117\/revisions\/2118"}],"wp:attachment":[{"href":"https:\/\/www.podistipercaso.it\/home\/wp-json\/wp\/v2\/media?parent=2117"}],"wp:term":[{"taxonomy":"category","embeddable":true,"href":"https:\/\/www.podistipercaso.it\/home\/wp-json\/wp\/v2\/categories?post=2117"},{"taxonomy":"post_tag","embeddable":true,"href":"https:\/\/www.podistipercaso.it\/home\/wp-json\/wp\/v2\/tags?post=2117"}],"curies":[{"name":"wp","href":"https:\/\/api.w.org\/{rel}","templated":true}]}}