{"id":2070,"date":"2017-05-25T22:18:23","date_gmt":"2017-05-25T20:18:23","guid":{"rendered":"http:\/\/www.podistipercaso.it\/home\/?p=2070"},"modified":"2017-05-27T09:33:18","modified_gmt":"2017-05-27T07:33:18","slug":"staffetta-evangelli-gaudium-alla-xi-supermaratona-delletna-del-10-giugno-2017","status":"publish","type":"post","link":"https:\/\/www.podistipercaso.it\/home\/staffetta-evangelli-gaudium-alla-xi-supermaratona-delletna-del-10-giugno-2017\/","title":{"rendered":"Staffetta \u2018Evangelli Gaudium\u2019 alla XI supermaratona dell\u2019Etna del 10 giugno 2017"},"content":{"rendered":"<p style=\"text-align: justify;\"><span style=\"color: #000000;\"><a href=\"https:\/\/www.podistipercaso.it\/home\/wp-content\/uploads\/2017\/05\/Gianni-Buontempo.jpg\" target=\"_blank\" rel=\"noopener noreferrer\"><img loading=\"lazy\" decoding=\"async\" class=\"alignleft wp-image-2075 size-thumbnail\" src=\"https:\/\/www.podistipercaso.it\/home\/wp-content\/uploads\/2017\/05\/Gianni-Buontempo-150x150.jpg\" alt=\"\" width=\"150\" height=\"150\" \/><\/a>Ci sar\u00e0 una staffetta speciale alla XI edizione della supermaratona dell\u2019Etna in calendario sabato 10 giugno.Ci sar\u00e0 una staffetta speciale alla XI edizione della supermaratona dell\u2019Etna in calendario sabato 10 giugno.Si tratta di tre sacerdoti podisti che si sono iscritti alla gara con il nome di staffetta \u201cEvangeli Gaudium\u201d (\u201cLagioia del Vangelo\u201d) per rendere omaggio all\u2019esortazione apostolica che papa Francesco ha pubblicato il 24novembre 2013 alla chiusura dell\u2019Anno della fede. La gara, lunga 43 km con 3mila metri di dislivello,conduce gli atleti dalla marina di Cottone, nel comune di Fiumefreddo di Siclia (Ct), alla cima del vulcano,con tappe intermedie a Linguaglossa e Piano Provenzana.P. Pasquale Castrilli (1965), il primo dei tre staffettisti, \u00e8 un Missionario Oblato di Maria Immacolata. Si trova attualmente a Messina dove svolge la sua missione nella parrocchia SS. Andrea e Domenico di Rometta (Me) e nella predicazione itinerante. E\u2019 autore di libri e direttore della rivista missionaria MissioniOMI. Nel suo curriculum podistico 9 maratone e numerose altre gare. Pasquale \u00e8 tesserato con la HappyRunner Club. La sua frazione sar\u00f2 di 14,5 km con 500 metri di dislivello.Don Gianni <a href=\"https:\/\/www.podistipercaso.it\/home\/wp-content\/uploads\/2017\/05\/Pasquale-Castrilli.jpg\" target=\"_blank\" rel=\"noopener noreferrer\"><img loading=\"lazy\" decoding=\"async\" class=\"alignleft wp-image-2076 size-thumbnail\" src=\"https:\/\/www.podistipercaso.it\/home\/wp-content\/uploads\/2017\/05\/Pasquale-Castrilli-150x150.jpg\" alt=\"\" width=\"150\" height=\"150\" \/><\/a>Buontempo (1973) sacerdote della diocesi di Roma, ha vissuto molti anni negli Stati Uniti come formatore di giovani candidati al sacerdozio del Cammino neocatecumenale. Da due anni \u00e8 tornato a Roma per lavorare al Dicastero per i Laici, la Famiglia e la Vita. Ha disputato varie maratone in terra americana,chiudendone un paio sotto le 3 ore. Sportivo a tutto tondo, lo scorso anno si \u00e8 recato da Roma in Polonia inbicicletta. E\u2019 appassionato di sci. Sar\u00e0 il secondo staffettista nella frazione lunga 19 km con 1300 metri di dislivello.. Gianni \u00e8 tesserato con gli Amatori di Villa Pamphili.P. Vincenzo Puccio (1974) \u00e8 un sacerdote diocesano, attualmente parroco a Santa Venera, Barcellona Pozzodi Gotto (Me). Ha una licenza in teologia morale conseguita a Roma e sta lavorando al dottorato. Atleta formidabile capace di realizzare un pregevole 2.29\u201910\u2019\u2019 alla maratona di Treviso del 2015. Corre da quando era ragazzo allenato da Tommaso Ticali. Vincenzo sar\u00e0 impegnato nella terza frazione della staffetta, 10 km con un dislivello di 1200 metri.. E\u2019 tesserato con la Podistica <a href=\"https:\/\/www.podistipercaso.it\/home\/wp-content\/uploads\/2017\/05\/Vincenzo-Puccio.jpg\" target=\"_blank\" rel=\"noopener noreferrer\"><img loading=\"lazy\" decoding=\"async\" class=\"alignleft wp-image-2077 size-thumbnail\" src=\"https:\/\/www.podistipercaso.it\/home\/wp-content\/uploads\/2017\/05\/Vincenzo-Puccio-150x150.jpg\" alt=\"\" width=\"150\" height=\"150\" \/><\/a>Messina.\u201cL\u2019idea di correre la staffetta \u00e8 nata lo scorso mese di gennaio. Conosco don Gianni e padre Vincenzo da diversi anni. &#8211; dice p. Pasquale &#8211; Sono due cari amici, sacerdoti in gamba e ottimi atleti. Li ringrazio della loro disponibilit\u00e0 e di aver accettato l\u2019invito a correre insieme questa gara. Tenendo conto che il mio livello podistico \u00e8 abbastanza modesto, la gara sar\u00e0 soprattutto un\u2019esperienza di incontro e un insieme di emozioni. Gli organizzatori ci hanno chiesto una benedizione agli atleti, a inizio gara, che daremo con molto piacere\u201d.\u201cE\u2019 una gioia grande condividere una sorgente d&#8217;equilibrio come la corsa. Seguendo tanti giovani con diverse dipendenze mi rendo sempre pi\u00f9 conto che lo sport pu\u00f2 dare speranza ed equilibrio. &#8211; ha detto p.Vincenzo &#8211; Cerchiamo di essere promotori di Evangelii Gaudium non solo come staffetta, ma come chiesa in uscita\u201d.<\/span><\/p>\n","protected":false},"excerpt":{"rendered":"<p>Ci sar\u00e0 una staffetta speciale alla XI edizione della supermaratona dell\u2019Etna in calendario sabato 10 giugno.Ci sar\u00e0 una staffetta speciale alla XI edizione della supermaratona dell\u2019Etna in calendario sabato 10 giugno.Si tratta di tre sacerdoti podisti che si sono iscritti alla gara con il nome di staffetta \u201cEvangeli Gaudium\u201d (\u201cLagioia del Vangelo\u201d) per rendere omaggio [&hellip;]<\/p>\n","protected":false},"author":1,"featured_media":0,"comment_status":"closed","ping_status":"closed","sticky":false,"template":"","format":"standard","meta":{"_jetpack_memberships_contains_paid_content":false,"footnotes":""},"categories":[4],"tags":[],"class_list":["post-2070","post","type-post","status-publish","format-standard","hentry","category-comunicati-stampa"],"jetpack_featured_media_url":"","jetpack_sharing_enabled":true,"_links":{"self":[{"href":"https:\/\/www.podistipercaso.it\/home\/wp-json\/wp\/v2\/posts\/2070","targetHints":{"allow":["GET"]}}],"collection":[{"href":"https:\/\/www.podistipercaso.it\/home\/wp-json\/wp\/v2\/posts"}],"about":[{"href":"https:\/\/www.podistipercaso.it\/home\/wp-json\/wp\/v2\/types\/post"}],"author":[{"embeddable":true,"href":"https:\/\/www.podistipercaso.it\/home\/wp-json\/wp\/v2\/users\/1"}],"replies":[{"embeddable":true,"href":"https:\/\/www.podistipercaso.it\/home\/wp-json\/wp\/v2\/comments?post=2070"}],"version-history":[{"count":4,"href":"https:\/\/www.podistipercaso.it\/home\/wp-json\/wp\/v2\/posts\/2070\/revisions"}],"predecessor-version":[{"id":2080,"href":"https:\/\/www.podistipercaso.it\/home\/wp-json\/wp\/v2\/posts\/2070\/revisions\/2080"}],"wp:attachment":[{"href":"https:\/\/www.podistipercaso.it\/home\/wp-json\/wp\/v2\/media?parent=2070"}],"wp:term":[{"taxonomy":"category","embeddable":true,"href":"https:\/\/www.podistipercaso.it\/home\/wp-json\/wp\/v2\/categories?post=2070"},{"taxonomy":"post_tag","embeddable":true,"href":"https:\/\/www.podistipercaso.it\/home\/wp-json\/wp\/v2\/tags?post=2070"}],"curies":[{"name":"wp","href":"https:\/\/api.w.org\/{rel}","templated":true}]}}