{"id":1985,"date":"2017-04-23T09:49:49","date_gmt":"2017-04-23T07:49:49","guid":{"rendered":"http:\/\/www.podistipercaso.it\/home\/?p=1985"},"modified":"2017-04-25T09:52:47","modified_gmt":"2017-04-25T07:52:47","slug":"clamoroso-al-cibali-di-michelangelo-granata","status":"publish","type":"post","link":"https:\/\/www.podistipercaso.it\/home\/clamoroso-al-cibali-di-michelangelo-granata\/","title":{"rendered":"\u00abCLAMOROSO AL CIBALI\u00bb  di Michelangelo Granata"},"content":{"rendered":"<p style=\"text-align: justify;\"><span style=\"color: #000000;\">Luned\u00ec 24 ritorna l&#8217;atletica leggera<\/span><br \/>\n<span style=\"color: #000000;\">di Michelangelo Granata<\/span><\/p>\n<p style=\"text-align: justify;\"><span style=\"color: #000000;\"><a href=\"https:\/\/www.podistipercaso.it\/home\/wp-content\/uploads\/2017\/04\/Consolini-al-Cibali.jpg\"><img loading=\"lazy\" decoding=\"async\" class=\"alignleft size-medium wp-image-1986\" src=\"https:\/\/www.podistipercaso.it\/home\/wp-content\/uploads\/2017\/04\/Consolini-al-Cibali-300x212.jpg\" alt=\"\" width=\"300\" height=\"212\" srcset=\"https:\/\/www.podistipercaso.it\/home\/wp-content\/uploads\/2017\/04\/Consolini-al-Cibali-300x212.jpg 300w, https:\/\/www.podistipercaso.it\/home\/wp-content\/uploads\/2017\/04\/Consolini-al-Cibali-768x542.jpg 768w, https:\/\/www.podistipercaso.it\/home\/wp-content\/uploads\/2017\/04\/Consolini-al-Cibali.jpg 960w\" sizes=\"auto, (max-width: 300px) 100vw, 300px\" \/><\/a>L&#8217;atletica leggera ritorna allo Stadio Massimino di Catania. Luned\u00ec 24 ci sar\u00e0 il primo appuntamento con il \u00abFestival del Mezzofondo\u00bb, valido come seconda prova del Grand Prix Provinciale di corsa, del circuito Young Challenge e Assoluti Challenge. \u00abClamoroso al Cibali, ha segnato il Catania\u00bb. Era<\/span><\/p>\n<p style=\"text-align: justify;\"><span style=\"color: #000000;\">la trasmissione radiofonica Tutto il calcio minuto per minuto e la leggenda nacque pi\u00f9 di mezzo secolo fa, da allora \u00e8 stata tramandata oralmente, come succede per tutti i miti. Siamo al 4 giugno del 1961, l&#8217;Inter in corsa per lo scudetto giocava l&#8217;ultima giornata a Catania, in attesa di recuperare il match con la Juventus capolista. All&#8217;andata, i nerazzurri avevano vinto 5-0 con quattro autoreti ed Helenio Herrera, mago della tattica e un po&#8217; meno della diplomazia, defin\u00ec i rossazzurri \u00abuna squadra di postelegrafonici\u00bb. I \u00abpostelegrafonici\u00bb, se la legarono al dito e al ritorno, senza aver nulla da chiedere al campionato, giocarono la partita della vita e dell&#8217;orgoglio. Castellazzi mand\u00f2 una palla all&#8217;incrocio, Calvanese segn\u00f2 un &#8220;golazo&#8221;. E l\u00ec, sul 2-0, nacque probabilmente l&#8217;esclamazione, il verso, la frase musicale. \u00abClamoroso al Cibali\u00bb. Gi\u00e0. Quartiere di Catania e nome di quello stadio dove un gol inatteso divenne musa. La frase \u00e8 attribuita a Sandro Ciotti, eppure non c&#8217;\u00e8 documento audio che possa testimoniarlo. E il Cibali oggi \u00e8 diventato lo stadio Angelo Massimino, il compianto presidente rossazzurro. \u00abClamoroso al Cibali \u00e8 un verso che segue le regole del linguaggio poetico &#8211; dice il professor Paolo Noto, che insegna storia della radio al Dams di Bologna &#8211; c&#8217;\u00e8 l&#8217;allitterazione, c&#8217;\u00e8 l&#8217;assonanza. Veicola emozioni, pi\u00f9 che informazioni. E voglio pensare che Ciotti, quando pronunci\u00f2 questa frase, volesse raggiungere un risultato di questo tipo\u00bb.<\/span><\/p>\n<p style=\"text-align: justify;\"><span style=\"color: #000000;\"><a href=\"https:\/\/www.podistipercaso.it\/home\/wp-content\/uploads\/2017\/04\/Corbett.jpg\"><img loading=\"lazy\" decoding=\"async\" class=\"alignleft size-medium wp-image-1987\" src=\"https:\/\/www.podistipercaso.it\/home\/wp-content\/uploads\/2017\/04\/Corbett-300x190.jpg\" alt=\"\" width=\"300\" height=\"190\" srcset=\"https:\/\/www.podistipercaso.it\/home\/wp-content\/uploads\/2017\/04\/Corbett-300x190.jpg 300w, https:\/\/www.podistipercaso.it\/home\/wp-content\/uploads\/2017\/04\/Corbett-768x488.jpg 768w, https:\/\/www.podistipercaso.it\/home\/wp-content\/uploads\/2017\/04\/Corbett-1024x650.jpg 1024w\" sizes=\"auto, (max-width: 300px) 100vw, 300px\" \/><\/a>Vecchio Cibali, non sei pi\u00f9 tu, simbolo della squadra rossazzurra, palcoscenico del primato italiano di Adolfo Consolini, entrato nella leggenda. Il disco del \u00abgigante buono\u00bb di Costermano &#8211; di cui si celebra quest&#8217;anno il centenario della nascita &#8211; nella pedana scintillante del Cibali, il 10 novembre 1955, atterra a 56,31. La stagione di Consolini \u00e8 lunga e programmata per raggiungere l&#8217;apice della forma in novembre-dicembre, poich\u00e9 quello \u00e8 il periodo in cui, nel 1956, si svolgeranno i Giochi Olimpici a Melbourne. Il suo record europeo di 55,47 nel 1950 gli viene tolto prima dal magiaro Ferenc Klics (55,79) nel 1954, poi dal cecoslovacco Karel Merta (56,47 e 56,69 nel 1955), ma il motore di Consolini entra in carburazione proprio nel momento desiderato. Ecco l&#8217;acuto a Bellinzona, un mese dopo la gara indimenticabile del Cibali. Siamo nell&#8217;intervallo di una modesta partita di calcio, Adolfo l&#8217;11 dicembre spara a 56.98, miglior misura mondiale dell&#8217;anno e nuovo primato europeo. \u00abEra il mio ultimo pi\u00f9 grande desiderio &#8211; sbotta Consolini &#8211; spero di essere in questa stessa forma esattamente in questo periodo fra un anno\u00bb.<\/span><\/p>\n<p style=\"text-align: justify;\"><span style=\"color: #000000;\">Dal disco all&#8217;alto, trascorrono 31 anni, lo svedese Patrik Sj\u00f6berg il 13 settembre 1986 nell&#8217;alto, superati i 2,34, tenta il mondiale (2,41 del sovietico Igor Paklin nel 1985) a 2,42 e lo fallisce &#8230;alla luce dei fari dell&#8217;ambulanza di servizio e di cinque auto. Davvero clamoroso, accade anche questo al Cibali! Neanche un anno e nel 1987 l&#8217;atleta di G\u00f6teborg, il 30 giugno a Stoccolma riuscir\u00e0 nell&#8217;impresa, mancata a Catania per i riflettori spenti allo Stadio, elevandosi a 2,42; il 6 settembre ai Campionati Mondiali di Roma vincer\u00e0 a sorpresa la medaglia d&#8217;oro con 2,38.<\/span><\/p>\n<p style=\"text-align: justify;\"><span style=\"color: #000000;\">Ancora clamoroso, non pi\u00f9 un Cibali fatiscente, ma uno Stadio vero e per l&#8217;Universiade 1997 la citt\u00e0 di Catania applaude all&#8217;atletica leggera regina in sei indimenticabili giornate di gare. Una media di 10-15.000 spettatori al giorno, 20.000 il sabato e 30.000 la domenica nella festa di chiusura, un tifo calcistico per tutti i protagonisti della XIX Universiade. Da Atene (2-10 agosto) a Catania (26-31 agosto): quattro campioni mondiali si confermano con gare che infiammano il Cibali stracolmo. Si tratta dei cubani Ivan Pedroso e Yoelbi Quesada; il sudafricano Marius Corbett; la romena Gabriela Szabo. La zampata di Pedroso a 8,40 nel lungo e il giamaicano James Beckford a 8,35; Quesada atterra a 17,35 nel triplo contro i 17,11 di Urrutia. Capitolo a parte il giavellotto, l&#8217;ultimo affondo a 86,50 del gigante 22enne Corbett e tutte le attenzioni della folla per Alberto Desiderio. Il catanese, 72,34 al terzo lancio, 74,86, 73,58, per esplodere alla fine con 77,42, quarto classificato, secondo il cubano Emetrio Gonzales (83,48), terzo l&#8217;australiano Gregor Hoegler (81,12) e il pubblico in delirio.<\/span><\/p>\n<p style=\"text-align: justify;\"><span style=\"color: #000000;\">Avvenimento nell&#8217;avvenimento il \u00abFestival dello Sprint\u00bb con tutte le frecce nere in un tripudio di folla. Sabato 30 agosto nei 200 la 37enne giamaicana Merlene Ottey vince in 22&#8243;53 sulla russa Marina Trandenkova (22&#8243;84) e l&#8217;ucraina Zhanna Pintusevich (22&#8243;85), campionessa iridata. Il tempo di un respiro ed ecco l&#8217;ingegnere namibiano Frank Fredericks, che regala ai catanesi entusiasti un magnifico 20&#8243;04 su John Drummond (20&#8243;48). Domenica 31 altri lampi nei 100: la statunitense Gail Devers tira fuori le unghia lunghe come artigli e batte con 11&#8243;03 la Pintusevich. Ancora Fredericks, uno sprint da 10&#8243;15 davanti a Dennis Mitchell (10&#8243;27) e Drummond (10&#8243;30).<\/span><\/p>\n<p style=\"text-align: justify;\"><span style=\"color: #000000;\">Cerimonia di chiusura, il Cibali salta in aria, ancora una stella, Liza Minnelli e la sua voce \u00abNew York, New York\u00bb, gli ultimi brividi e Catania saluta i Giochi.<\/span><\/p>\n","protected":false},"excerpt":{"rendered":"<p>Luned\u00ec 24 ritorna l&#8217;atletica leggera di Michelangelo Granata L&#8217;atletica leggera ritorna allo Stadio Massimino di Catania. Luned\u00ec 24 ci sar\u00e0 il primo appuntamento con il \u00abFestival del Mezzofondo\u00bb, valido come seconda prova del Grand Prix Provinciale di corsa, del circuito Young Challenge e Assoluti Challenge. \u00abClamoroso al Cibali, ha segnato il Catania\u00bb. Era la trasmissione [&hellip;]<\/p>\n","protected":false},"author":1,"featured_media":0,"comment_status":"closed","ping_status":"closed","sticky":false,"template":"","format":"standard","meta":{"_jetpack_memberships_contains_paid_content":false,"footnotes":""},"categories":[6],"tags":[],"class_list":["post-1985","post","type-post","status-publish","format-standard","hentry","category-notizie"],"jetpack_featured_media_url":"","jetpack_sharing_enabled":true,"_links":{"self":[{"href":"https:\/\/www.podistipercaso.it\/home\/wp-json\/wp\/v2\/posts\/1985","targetHints":{"allow":["GET"]}}],"collection":[{"href":"https:\/\/www.podistipercaso.it\/home\/wp-json\/wp\/v2\/posts"}],"about":[{"href":"https:\/\/www.podistipercaso.it\/home\/wp-json\/wp\/v2\/types\/post"}],"author":[{"embeddable":true,"href":"https:\/\/www.podistipercaso.it\/home\/wp-json\/wp\/v2\/users\/1"}],"replies":[{"embeddable":true,"href":"https:\/\/www.podistipercaso.it\/home\/wp-json\/wp\/v2\/comments?post=1985"}],"version-history":[{"count":1,"href":"https:\/\/www.podistipercaso.it\/home\/wp-json\/wp\/v2\/posts\/1985\/revisions"}],"predecessor-version":[{"id":1988,"href":"https:\/\/www.podistipercaso.it\/home\/wp-json\/wp\/v2\/posts\/1985\/revisions\/1988"}],"wp:attachment":[{"href":"https:\/\/www.podistipercaso.it\/home\/wp-json\/wp\/v2\/media?parent=1985"}],"wp:term":[{"taxonomy":"category","embeddable":true,"href":"https:\/\/www.podistipercaso.it\/home\/wp-json\/wp\/v2\/categories?post=1985"},{"taxonomy":"post_tag","embeddable":true,"href":"https:\/\/www.podistipercaso.it\/home\/wp-json\/wp\/v2\/tags?post=1985"}],"curies":[{"name":"wp","href":"https:\/\/api.w.org\/{rel}","templated":true}]}}