{"id":1936,"date":"2017-04-08T11:02:54","date_gmt":"2017-04-08T09:02:54","guid":{"rendered":"http:\/\/www.podistipercaso.it\/home\/?p=1936"},"modified":"2017-04-08T11:02:54","modified_gmt":"2017-04-08T09:02:54","slug":"tutto-pronto-a-ragusa-per-il-vivicitta-ieri-riflettori-puntati-su-porte-aperte-alla-casa-circondariale-di-contrada-pendente-a-ragusa","status":"publish","type":"post","link":"https:\/\/www.podistipercaso.it\/home\/tutto-pronto-a-ragusa-per-il-vivicitta-ieri-riflettori-puntati-su-porte-aperte-alla-casa-circondariale-di-contrada-pendente-a-ragusa\/","title":{"rendered":"Tutto pronto a Ragusa per il VIVICITTA&#8217;. Ieri riflettori puntati su &#8220;Porte Aperte alla casa circondariale di contrada Pendente a Ragusa"},"content":{"rendered":"<p style=\"text-align: left;\"><span style=\"color: #000000;\"><a href=\"https:\/\/www.podistipercaso.it\/home\/wp-content\/uploads\/2017\/04\/Vivicitta\u0300-porte-aperte-2017-prima-del-via.jpg\" target=\"_blank\"><img loading=\"lazy\" decoding=\"async\" class=\"alignleft size-medium wp-image-1939\" src=\"https:\/\/www.podistipercaso.it\/home\/wp-content\/uploads\/2017\/04\/Vivicitta\u0300-porte-aperte-2017-prima-del-via-300x225.jpg\" alt=\"\" width=\"300\" height=\"225\" srcset=\"https:\/\/www.podistipercaso.it\/home\/wp-content\/uploads\/2017\/04\/Vivicitta\u0300-porte-aperte-2017-prima-del-via-300x225.jpg 300w, https:\/\/www.podistipercaso.it\/home\/wp-content\/uploads\/2017\/04\/Vivicitta\u0300-porte-aperte-2017-prima-del-via-768x576.jpg 768w, https:\/\/www.podistipercaso.it\/home\/wp-content\/uploads\/2017\/04\/Vivicitta\u0300-porte-aperte-2017-prima-del-via-1024x768.jpg 1024w, https:\/\/www.podistipercaso.it\/home\/wp-content\/uploads\/2017\/04\/Vivicitta\u0300-porte-aperte-2017-prima-del-via.jpg 1040w\" sizes=\"auto, (max-width: 300px) 100vw, 300px\" \/><\/a>Lo spirito dello sport, quello vero, ha permeato, ieri mattina, i partecipanti alla speciale manifestazione del \u201cVivicitt\u00e0 porte aperte\u201d ospitata nel perimetro esterno della casa circondariale di contrada Pendente a Ragusa. Sei i detenuti che, grazie all\u2019attenzione per le attivit\u00e0 sportive manifestata dal direttore, la dottoressa Giovanna Maltese, hanno partecipato alla kermesse caratterizzata da un circuito, ripetuto pi\u00f9 volte, appena all\u2019esterno del perimetro del nucleo centrale dell\u2019istituto, per una distanza complessiva di circa 5 chilometri. Non \u00e8 stato necessario stilare una classifica anche perch\u00e9 i venti partecipanti, compresi i detenuti, hanno proceduto quasi tutti alla stessa andatura. Quindi l\u2019arrivo sotto il traguardo \u00e8 stato fatto in parata per celebrare il senso stesso dell\u2019iniziativa. Oltre alla dottoressa Maltese, c\u2019era anche il vicesindaco, Massimo Iannucci, assessore allo Sport, che come Comune di Ragusa ha sostenuto fortemente questo appuntamento, fornendo pure il patrocinio. <a href=\"https:\/\/www.podistipercaso.it\/home\/wp-content\/uploads\/2017\/04\/Vivicitta\u0300-porte-aperte-2017-il-momento-della-presentazione.jpg\"><img loading=\"lazy\" decoding=\"async\" class=\"alignleft size-medium wp-image-1938\" src=\"https:\/\/www.podistipercaso.it\/home\/wp-content\/uploads\/2017\/04\/Vivicitta\u0300-porte-aperte-2017-il-momento-della-presentazione-300x225.jpg\" alt=\"\" width=\"300\" height=\"225\" srcset=\"https:\/\/www.podistipercaso.it\/home\/wp-content\/uploads\/2017\/04\/Vivicitta\u0300-porte-aperte-2017-il-momento-della-presentazione-300x225.jpg 300w, https:\/\/www.podistipercaso.it\/home\/wp-content\/uploads\/2017\/04\/Vivicitta\u0300-porte-aperte-2017-il-momento-della-presentazione-768x576.jpg 768w, https:\/\/www.podistipercaso.it\/home\/wp-content\/uploads\/2017\/04\/Vivicitta\u0300-porte-aperte-2017-il-momento-della-presentazione-1024x768.jpg 1024w, https:\/\/www.podistipercaso.it\/home\/wp-content\/uploads\/2017\/04\/Vivicitta\u0300-porte-aperte-2017-il-momento-della-presentazione.jpg 1280w\" sizes=\"auto, (max-width: 300px) 100vw, 300px\" \/><\/a>Presente anche il presidente provinciale Uisp, Tonino Siciliano, sotto la cui egida la kermesse viene organizzata. E poi c\u2019erano i rappresentanti delle associazioni sportive No al doping, Siemu a peri, Amun\u00ec oltre ai volontari Avir e alla dottoressa Elisa Iacono che si \u00e8 occupata dell\u2019assistenza sanitaria. Ora l\u2019attenzione \u00e8 tutta rivolta alla manifestazione di domenica, aperta a tutti, che prender\u00e0 il via alle 18,30 da viale Tenente Lena e che si svilupper\u00e0 lungo un percorso di 12 chilometri per il centro storico superiore di Ragusa. Ci sar\u00e0 anche la possibilit\u00e0 di partecipare a una passeggiata ludico motoria oltre al fitwalking di 8 km mentre lo start per le categorie giovanili sar\u00e0 dato alle 9. L\u2019impresa ecologica Busso Sebastiano, la ditta che gestisce il servizio di igiene ambientale sul territorio cittadino, si sta adoperando in queste ultime ore per rendere il pi\u00f9 decoroso possibile il circuito del \u201cVivicitt\u00e0\u201d che richiamer\u00e0 centinaia di appassionati tra quelli che animano il <a href=\"https:\/\/www.podistipercaso.it\/home\/wp-content\/uploads\/2017\/04\/Vivicitta\u0300-porte-aperte-2017-dopo-larrivo.jpg\"><img loading=\"lazy\" decoding=\"async\" class=\"alignleft size-medium wp-image-1937\" src=\"https:\/\/www.podistipercaso.it\/home\/wp-content\/uploads\/2017\/04\/Vivicitta\u0300-porte-aperte-2017-dopo-larrivo-300x225.jpg\" alt=\"\" width=\"300\" height=\"225\" srcset=\"https:\/\/www.podistipercaso.it\/home\/wp-content\/uploads\/2017\/04\/Vivicitta\u0300-porte-aperte-2017-dopo-larrivo-300x225.jpg 300w, https:\/\/www.podistipercaso.it\/home\/wp-content\/uploads\/2017\/04\/Vivicitta\u0300-porte-aperte-2017-dopo-larrivo-768x576.jpg 768w, https:\/\/www.podistipercaso.it\/home\/wp-content\/uploads\/2017\/04\/Vivicitta\u0300-porte-aperte-2017-dopo-larrivo-1024x768.jpg 1024w, https:\/\/www.podistipercaso.it\/home\/wp-content\/uploads\/2017\/04\/Vivicitta\u0300-porte-aperte-2017-dopo-larrivo.jpg 1040w\" sizes=\"auto, (max-width: 300px) 100vw, 300px\" \/><\/a>movimento podistico in provincia di Ragusa. L\u2019appuntamento, che celebra la 34esima edizione, \u00e8 destinato ad animare con stimoli positivi l\u2019intero centro cittadino nel contesto di una giornata che si annuncia speciale sotto tutti i punti di vista.<\/span><\/p>\n<p style=\"text-align: left;\"><span style=\"color: #000000;\"><em>Ufficio stampa<\/em><\/span><\/p>\n","protected":false},"excerpt":{"rendered":"<p>Lo spirito dello sport, quello vero, ha permeato, ieri mattina, i partecipanti alla speciale manifestazione del \u201cVivicitt\u00e0 porte aperte\u201d ospitata nel perimetro esterno della casa circondariale di contrada Pendente a Ragusa. Sei i detenuti che, grazie all\u2019attenzione per le attivit\u00e0 sportive manifestata dal direttore, la dottoressa Giovanna Maltese, hanno partecipato alla kermesse caratterizzata da un [&hellip;]<\/p>\n","protected":false},"author":1,"featured_media":0,"comment_status":"closed","ping_status":"closed","sticky":false,"template":"","format":"standard","meta":{"_jetpack_memberships_contains_paid_content":false,"footnotes":""},"categories":[4],"tags":[],"class_list":["post-1936","post","type-post","status-publish","format-standard","hentry","category-comunicati-stampa"],"jetpack_featured_media_url":"","jetpack_sharing_enabled":true,"_links":{"self":[{"href":"https:\/\/www.podistipercaso.it\/home\/wp-json\/wp\/v2\/posts\/1936","targetHints":{"allow":["GET"]}}],"collection":[{"href":"https:\/\/www.podistipercaso.it\/home\/wp-json\/wp\/v2\/posts"}],"about":[{"href":"https:\/\/www.podistipercaso.it\/home\/wp-json\/wp\/v2\/types\/post"}],"author":[{"embeddable":true,"href":"https:\/\/www.podistipercaso.it\/home\/wp-json\/wp\/v2\/users\/1"}],"replies":[{"embeddable":true,"href":"https:\/\/www.podistipercaso.it\/home\/wp-json\/wp\/v2\/comments?post=1936"}],"version-history":[{"count":1,"href":"https:\/\/www.podistipercaso.it\/home\/wp-json\/wp\/v2\/posts\/1936\/revisions"}],"predecessor-version":[{"id":1940,"href":"https:\/\/www.podistipercaso.it\/home\/wp-json\/wp\/v2\/posts\/1936\/revisions\/1940"}],"wp:attachment":[{"href":"https:\/\/www.podistipercaso.it\/home\/wp-json\/wp\/v2\/media?parent=1936"}],"wp:term":[{"taxonomy":"category","embeddable":true,"href":"https:\/\/www.podistipercaso.it\/home\/wp-json\/wp\/v2\/categories?post=1936"},{"taxonomy":"post_tag","embeddable":true,"href":"https:\/\/www.podistipercaso.it\/home\/wp-json\/wp\/v2\/tags?post=1936"}],"curies":[{"name":"wp","href":"https:\/\/api.w.org\/{rel}","templated":true}]}}