{"id":1932,"date":"2017-04-07T10:40:16","date_gmt":"2017-04-07T08:40:16","guid":{"rendered":"http:\/\/www.podistipercaso.it\/home\/?p=1932"},"modified":"2017-04-07T10:40:16","modified_gmt":"2017-04-07T08:40:16","slug":"roma-e-milano-ospitano-i-maratoneti-della-no-al-doping","status":"publish","type":"post","link":"https:\/\/www.podistipercaso.it\/home\/roma-e-milano-ospitano-i-maratoneti-della-no-al-doping\/","title":{"rendered":"Roma e Milano ospitano i Maratoneti della NO AL DOPING"},"content":{"rendered":"<p><span style=\"color: #000000;\"><a href=\"https:\/\/www.podistipercaso.it\/home\/wp-content\/uploads\/2017\/04\/Roma.jpg\"><img loading=\"lazy\" decoding=\"async\" class=\"alignleft size-medium wp-image-1934\" src=\"https:\/\/www.podistipercaso.it\/home\/wp-content\/uploads\/2017\/04\/Roma-300x225.jpg\" alt=\"\" width=\"300\" height=\"225\" srcset=\"https:\/\/www.podistipercaso.it\/home\/wp-content\/uploads\/2017\/04\/Roma-300x225.jpg 300w, https:\/\/www.podistipercaso.it\/home\/wp-content\/uploads\/2017\/04\/Roma.jpg 720w\" sizes=\"auto, (max-width: 300px) 100vw, 300px\" \/><\/a>Domenica 2 aprile si \u00e8 svolta la ventitreesima edizione della Maratona di Roma e, nello stesso giorno, la diciassettesima edizione della Milano Marathon. In questa sfida a colpi di maratone fra due grandi citt\u00e0 italiane, non poteva mancare la partecipazione della No al Doping che ha inviato due squadre con i suoi migliori atleti.<\/span><\/p>\n<p><span style=\"color: #000000;\">A Milano fra 5300 arrivati il modicano Cosimo Azzollini ha conquistato la 57esima posizione, con un fantastico 02,45\u201940\u2019\u2019. A seguire Giuseppe Licitra con 02,59\u201941\u2019\u2019, Massimo Ferlanti con 3,12\u201953\u2019\u2019, Flavio Giaquinta con 3,15\u201917\u2019\u2019, Flavio Sortino con 3,29\u201941\u2019\u2019 e Giovanni Giaquinta con 3,59\u201953\u2019\u2019. \u201c\u00c8 stata una gara con un bel percorso e fra le vie del centro abbiamo attraversato tutti i monumenti milanesi. Un tracciato che, seppure ricco di curve, \u00e8 risultato molto veloce e performante.\u201d Ha dichiarato Cosimo Azzollini, \u201cMa la cosa pi\u00f9 entusiasmante \u00e8 stata la partecipazione in gruppo. La corsa \u00e8 uno sport individuale, ma per raggiungere i nostri obiettivi \u00e8 fondamentale vivere questo sport in gruppo e divertirsi con tutti gli amici podisti.\u201d<\/span><\/p>\n<p><span style=\"color: #000000;\"><a href=\"https:\/\/www.podistipercaso.it\/home\/wp-content\/uploads\/2017\/04\/Milano.jpg\"><img loading=\"lazy\" decoding=\"async\" class=\"alignleft size-medium wp-image-1933\" src=\"https:\/\/www.podistipercaso.it\/home\/wp-content\/uploads\/2017\/04\/Milano-300x143.jpg\" alt=\"\" width=\"300\" height=\"143\" srcset=\"https:\/\/www.podistipercaso.it\/home\/wp-content\/uploads\/2017\/04\/Milano-300x143.jpg 300w, https:\/\/www.podistipercaso.it\/home\/wp-content\/uploads\/2017\/04\/Milano-768x366.jpg 768w, https:\/\/www.podistipercaso.it\/home\/wp-content\/uploads\/2017\/04\/Milano-1024x487.jpg 1024w, https:\/\/www.podistipercaso.it\/home\/wp-content\/uploads\/2017\/04\/Milano.jpg 1315w\" sizes=\"auto, (max-width: 300px) 100vw, 300px\" \/><\/a>Ha risposto da Roma, fra 13372 arrivati il vittoriese Sergio Naselli, 193esimo con 2,55\u201940\u2019\u2019, seguito da Orazio Firrincieli con 2,59\u201955, Salvatore Gianchino con 3,04\u201912\u2019\u2019, Giovanni Dezio con 3,09\u201929\u2019\u2019 e Giovanni Sanzone con 3,16\u201907\u2019\u2019.<\/span><\/p>\n<p><span style=\"color: #000000;\">Nello stesso giorno in Sicilia si \u00e8 svolto il quinto trofeo del mare &#8211; Bagheria Citt\u00e0 delle Ville,\u00a0 sulla distanza di 10 km. Per la No al Doping hanno corso Vincenzo Azzollini con 41\u201930\u2019\u2019 e Giuseppe Fanara con 44\u201900\u2019\u2019.<\/span><\/p>\n<p><span style=\"color: #000000;\">\u00c8 stata una domenica ancora una volta ricca di sport ed emozioni in cui la No al Doping \u00e8 riuscita ad essere presente, con tutti i suoi atleti, nelle varie manifestazioni podistiche ormai distribuite in tutta Italia. Ragusa intanto si prepara ad ospitare il Vivicitt\u00e0, nella sua edizione numero 34, con un primo appuntamento gioved\u00ec 6 aprile, per l\u2019edizione Vivicitt\u00e0 porte aperte che coinvolge con una gara podistica i carcerati di contrada Pendente e domenica 9 la gara ufficiale che si snoder\u00e0 fra le vie del centro con tre giri che attraversano i tre ponti ragusani. Tutti appuntamenti da non perdere per vivere insieme, nel segno dell\u2019amicizia e dello sport, i sani valori della lealt\u00e0 sportiva.<\/span><\/p>\n","protected":false},"excerpt":{"rendered":"<p>Domenica 2 aprile si \u00e8 svolta la ventitreesima edizione della Maratona di Roma e, nello stesso giorno, la diciassettesima edizione della Milano Marathon. In questa sfida a colpi di maratone fra due grandi citt\u00e0 italiane, non poteva mancare la partecipazione della No al Doping che ha inviato due squadre con i suoi migliori atleti. A [&hellip;]<\/p>\n","protected":false},"author":1,"featured_media":0,"comment_status":"closed","ping_status":"closed","sticky":false,"template":"","format":"standard","meta":{"_jetpack_memberships_contains_paid_content":false,"footnotes":""},"categories":[4],"tags":[],"class_list":["post-1932","post","type-post","status-publish","format-standard","hentry","category-comunicati-stampa"],"jetpack_featured_media_url":"","jetpack_sharing_enabled":true,"_links":{"self":[{"href":"https:\/\/www.podistipercaso.it\/home\/wp-json\/wp\/v2\/posts\/1932","targetHints":{"allow":["GET"]}}],"collection":[{"href":"https:\/\/www.podistipercaso.it\/home\/wp-json\/wp\/v2\/posts"}],"about":[{"href":"https:\/\/www.podistipercaso.it\/home\/wp-json\/wp\/v2\/types\/post"}],"author":[{"embeddable":true,"href":"https:\/\/www.podistipercaso.it\/home\/wp-json\/wp\/v2\/users\/1"}],"replies":[{"embeddable":true,"href":"https:\/\/www.podistipercaso.it\/home\/wp-json\/wp\/v2\/comments?post=1932"}],"version-history":[{"count":1,"href":"https:\/\/www.podistipercaso.it\/home\/wp-json\/wp\/v2\/posts\/1932\/revisions"}],"predecessor-version":[{"id":1935,"href":"https:\/\/www.podistipercaso.it\/home\/wp-json\/wp\/v2\/posts\/1932\/revisions\/1935"}],"wp:attachment":[{"href":"https:\/\/www.podistipercaso.it\/home\/wp-json\/wp\/v2\/media?parent=1932"}],"wp:term":[{"taxonomy":"category","embeddable":true,"href":"https:\/\/www.podistipercaso.it\/home\/wp-json\/wp\/v2\/categories?post=1932"},{"taxonomy":"post_tag","embeddable":true,"href":"https:\/\/www.podistipercaso.it\/home\/wp-json\/wp\/v2\/tags?post=1932"}],"curies":[{"name":"wp","href":"https:\/\/api.w.org\/{rel}","templated":true}]}}