{"id":1924,"date":"2017-03-27T15:23:28","date_gmt":"2017-03-27T13:23:28","guid":{"rendered":"http:\/\/www.podistipercaso.it\/home\/?p=1924"},"modified":"2017-03-27T15:23:28","modified_gmt":"2017-03-27T13:23:28","slug":"torna-a-ragusa-il-9-aprile-il-vivicitta","status":"publish","type":"post","link":"https:\/\/www.podistipercaso.it\/home\/torna-a-ragusa-il-9-aprile-il-vivicitta\/","title":{"rendered":"Torna a Ragusa il 9 Aprile il VIVICITTA&#8217;"},"content":{"rendered":"<p style=\"text-align: justify;\"><span style=\"color: #000000;\"><a href=\"https:\/\/www.podistipercaso.it\/home\/wp-content\/uploads\/2017\/03\/Lo-start-dellultima-edizione-di-Vivicitta\u0300.png\" target=\"_blank\"><img loading=\"lazy\" decoding=\"async\" class=\"alignleft size-medium wp-image-1925\" src=\"https:\/\/www.podistipercaso.it\/home\/wp-content\/uploads\/2017\/03\/Lo-start-dellultima-edizione-di-Vivicitta\u0300-300x198.png\" alt=\"lo-start-dellultima-edizione-di-vivicitta\" width=\"300\" height=\"198\" srcset=\"https:\/\/www.podistipercaso.it\/home\/wp-content\/uploads\/2017\/03\/Lo-start-dellultima-edizione-di-Vivicitta\u0300-300x198.png 300w, https:\/\/www.podistipercaso.it\/home\/wp-content\/uploads\/2017\/03\/Lo-start-dellultima-edizione-di-Vivicitta\u0300-768x508.png 768w, https:\/\/www.podistipercaso.it\/home\/wp-content\/uploads\/2017\/03\/Lo-start-dellultima-edizione-di-Vivicitta\u0300.png 960w\" sizes=\"auto, (max-width: 300px) 100vw, 300px\" \/><\/a>Anche Ragusa, cos\u00ec come altre 40 realt\u00e0 urbane in Italia, ospiter\u00e0 quest\u2019anno \u201cVivicitt\u00e0\u201d che celebra la 34esima edizione. E anche stavolta grande attenzione sar\u00e0 rivolta ai detenuti della casa circondariale di contrada Pendente. Due gli appuntamenti. Il 9 aprile con partenza dalle 10,30, da viale Tenente Lena, il tracciato interesser\u00e0 il centro storico superiore di Ragusa. Saranno attraversati i tre ponti. La lunghezza \u00e8 di quattro chilometri. Il percorso sar\u00e0 ripetuto tre volte per un totale di 12 chilometri. Lo start sar\u00e0 dato in contemporanea anche nelle altre citt\u00e0 sfruttando la diretta su Radio Gr 1. L\u2019evento \u00e8 organizzato dalla Uisp iblea con il presidente Tonino Siciliano in collaborazione con l\u2019Asd No al doping. La kermesse sportiva \u00e8 valida come seconda prova del campionato provinciale Fidal di corsa su strada. La manifestazione sar\u00e0 preceduta dalle batterie giovanili coordinate dall\u2019istruttore federale Mauro Guastella. L\u2019iniziativa \u00e8 fortemente sostenuta dall\u2019assessore comunale allo Sport, Massimo Iannucci, con il supporto di numerosi sponsor privati. E per l\u2019occasione l\u2019impresa ecologica Busso Sebastiano, che si occupa di gestire il servizio di igiene ambientale sul territorio cittadino, effettuer\u00e0 una pulizia straordinaria del tracciato per fare in modo che lo stesso si presenti in una maniera pi\u00f9 decorosa del solito. Come ogni anno, poi, Vivicitt\u00e0 affianca alle corse nelle citt\u00e0 italiane e straniere il \u201cVivicitt\u00e0 Porte Aperte\u201d, eventi podistici che si svolgono dentro gli istituti penitenziari italiani, per adulti e minori. Il Vivicitt\u00e0 negli istituti penitenziari \u00e8 parte della proposta culturale che l\u2019Uisp fa ai propri soci intorno al tema dello \u201csport per tutti\u201d. Per tutti, quindi anche negli istituti penali per minorenni e per adulti, laddove le condizioni operative lo consentono. A Ragusa, nella casa circondariale di contrada Pendente, l\u2019appuntamento \u00e8 fissato per il 6 aprile con lo start previsto alle 10.<\/span><\/p>\n<p><em>Ufficio stampa<\/em><\/p>\n<p><em>Giorgio Liuzzo<\/em><\/p>\n","protected":false},"excerpt":{"rendered":"<p>Anche Ragusa, cos\u00ec come altre 40 realt\u00e0 urbane in Italia, ospiter\u00e0 quest\u2019anno \u201cVivicitt\u00e0\u201d che celebra la 34esima edizione. E anche stavolta grande attenzione sar\u00e0 rivolta ai detenuti della casa circondariale di contrada Pendente. Due gli appuntamenti. Il 9 aprile con partenza dalle 10,30, da viale Tenente Lena, il tracciato interesser\u00e0 il centro storico superiore di [&hellip;]<\/p>\n","protected":false},"author":1,"featured_media":0,"comment_status":"closed","ping_status":"closed","sticky":false,"template":"","format":"standard","meta":{"_jetpack_memberships_contains_paid_content":false,"footnotes":""},"categories":[4],"tags":[],"class_list":["post-1924","post","type-post","status-publish","format-standard","hentry","category-comunicati-stampa"],"jetpack_featured_media_url":"","jetpack_sharing_enabled":true,"_links":{"self":[{"href":"https:\/\/www.podistipercaso.it\/home\/wp-json\/wp\/v2\/posts\/1924","targetHints":{"allow":["GET"]}}],"collection":[{"href":"https:\/\/www.podistipercaso.it\/home\/wp-json\/wp\/v2\/posts"}],"about":[{"href":"https:\/\/www.podistipercaso.it\/home\/wp-json\/wp\/v2\/types\/post"}],"author":[{"embeddable":true,"href":"https:\/\/www.podistipercaso.it\/home\/wp-json\/wp\/v2\/users\/1"}],"replies":[{"embeddable":true,"href":"https:\/\/www.podistipercaso.it\/home\/wp-json\/wp\/v2\/comments?post=1924"}],"version-history":[{"count":1,"href":"https:\/\/www.podistipercaso.it\/home\/wp-json\/wp\/v2\/posts\/1924\/revisions"}],"predecessor-version":[{"id":1926,"href":"https:\/\/www.podistipercaso.it\/home\/wp-json\/wp\/v2\/posts\/1924\/revisions\/1926"}],"wp:attachment":[{"href":"https:\/\/www.podistipercaso.it\/home\/wp-json\/wp\/v2\/media?parent=1924"}],"wp:term":[{"taxonomy":"category","embeddable":true,"href":"https:\/\/www.podistipercaso.it\/home\/wp-json\/wp\/v2\/categories?post=1924"},{"taxonomy":"post_tag","embeddable":true,"href":"https:\/\/www.podistipercaso.it\/home\/wp-json\/wp\/v2\/tags?post=1924"}],"curies":[{"name":"wp","href":"https:\/\/api.w.org\/{rel}","templated":true}]}}